{"id":874,"date":"2016-10-07T20:02:07","date_gmt":"2016-10-07T18:02:07","guid":{"rendered":"http:\/\/utopia56.net\/?p=874"},"modified":"2016-10-07T20:02:07","modified_gmt":"2016-10-07T18:02:07","slug":"rentree-chargee-pour-les-utopiens","status":"publish","type":"post","link":"http:\/\/test.utopia56.org\/index.php\/2016\/10\/07\/rentree-chargee-pour-les-utopiens\/","title":{"rendered":"RENTR\u00c9E CHARG\u00c9E POUR LES UTOPIENS !"},"content":{"rendered":"<h3>Grande-Synthe<\/h3>\n<p>Nous n\u2019y sommes plus depuis le 30 septembre. Pincement au c\u0153ur, bien s\u00fbr, mais nous ne pouvions cautionner le tri des nouveaux arrivants, alors que des milliers de personnes sont sans abris dans le nord de la France. L\u2019accueil est r\u00e9duit aux personnes dites vuln\u00e9rables alors que nous pensons qu\u2019un syst\u00e8me de bracelet ou de badges \u00e9tait possible pour r\u00e9guler les\u00a0effectifs.<\/p>\n<p>Si vous souhaitez y retourner en tant que b\u00e9n\u00e9vole, il faut vous adresser \u00e0 la\u00a0Mairie de\u00a0Grande-Synthe.<\/p>\n<h3>CALAIS<\/h3>\n<p>A Calais, nous avons un besoin important de b\u00e9n\u00e9voles. 10 100 r\u00e9fugi\u00e9s sont toujours dans la jungle. Au quotidien, Utopia 56 participe \u00e0 la confection d\u2019un millier de repas \u00e0 la Belgium Kitchen situ\u00e9e dans le bidonville. Nous donnons aussi des cours de fran\u00e7ais \u00e0 l\u2019Ecole des Dunes et aidons l\u2019association \u00bb Firs Aid\u00bb. Lorsque les b\u00e9n\u00e9voles ne sont pas suffisamment nombreux, nous devons faire un choix entre le ramassage des d\u00e9chets et l\u2019aide \u00e0 l\u2019entrep\u00f4t de l\u2019Auberge des Migrants. Si vous vous posez des questions sur l\u2019int\u00e9r\u00eat de venir apr\u00e8s le d\u00e9mant\u00e8lement, sachez qu\u2019on aura encore du travail. Par exemple, pour constituer les \u00ab welcome packs \u00bb, ces sacs de bienvenue qui comprennent une couverture, un matelas, un n\u00e9cessaire d\u2019hygi\u00e8ne. Les r\u00e9fugi\u00e9s continuent \u00e0 arriver, souvent harass\u00e9s de fatigue. Bref, \u00e0 Calais nous restons actifs et solidaires des migrants qui vont \u00eatre dispers\u00e9s, sachant que certains demanderont l\u2019asile en France, d\u2019autres ne le feront pas car ils craignent d\u2019\u00eatre renvoy\u00e9s dans leurs pays ou dans le pays europ\u00e9en o\u00f9 ils ont \u00e9t\u00e9 empreint\u00e9s. Nous avons toujours besoin de b\u00e9n\u00e9voles sur le terrain. Inscrivez-vous sur notre site\u00a0internet.<\/p>\n<h3>PARIS<\/h3>\n<p>Nous n\u00e9gocions une convention avec la Mairie de Paris avec laquelle nous sommes en contact depuis plusieurs mois et qui doit ouvrir un premier centre d\u2019accueil des r\u00e9fugi\u00e9s dans le 18\u00e8me arrondissement le 15 octobre. L\u2019ouverture d\u2019un second centre est planifi\u00e9e pour janvier. La gestion de ces centres sera confi\u00e9e \u00e0 Emma\u00fcs Solidarit\u00e9, un choix qui nous semble judicieux. Le but de ces centres sera d\u2019orienter rapidement les migrants vers les dispositifs qui conviennent le mieux \u00e0 leur situation. Notre place dans ce projet serait d\u2019organiser des collectes \u00e0 Paris et de participer \u00e0 la gestion des lieux de vie des personnes accueillies afin de cr\u00e9er des liens humains. Nous renforcerons \u00e9galement les collectifs qui agissent dans la rue et qui nous semblent avoir une action\u00a0coh\u00e9rente.<\/p>\n<p>Vous pourrez, dans les jours qui viennent, vous inscrire sur notre site internet ou contacter <span id=\"7fcabfe4911afec8b5b8fd80ef54fc7b1cfad1d3\"><a class=\"mailto\" href=\"mailto:utopia56.paris@gmail.com\">utopia56.paris@gmail.com<span class=\"mailto\"><span class=\"element-invisible\">(link sends e-mail)<\/span><\/span><\/a><\/span> . Nous ne proposerons pas\u00a0d\u2019h\u00e9bergement.<\/p>\n<h3>CAO, CENTRES D\u2019ACCUEIL ET\u00a0D\u2019ORIENTATION<\/h3>\n<p>Tandis que le plan Cazeneuve pr\u00e9voit d\u2019ouvrir de nouveaux CAO d\u2019ici fin d\u00e9cembre pour arriver \u00e0 12 000 places, un r\u00e9seau de citoyens se constitue autour de ces centres destin\u00e9s \u00e0 h\u00e9berger des r\u00e9fugi\u00e9s partout en\u00a0France.<\/p>\n<p>Ce r\u00e9seau national utilise le support de Facebook pour mettre en relation des citoyens et faire circuler les informations utiles dans les 12 R\u00e9gions. Nous demandons aux b\u00e9n\u00e9voles de s\u2019y inscrire pour se tenir pr\u00eats \u00e0 s\u2019organiser avec les associations locales\u00a0existantes.<\/p>\n<p>Il s\u2019agit d\u2019y faire avec les associations locales de l\u2019accueil citoyen, des cours de fran\u00e7ais, une aide mat\u00e9rielle, du transport, des \u00e9changes culturels\u2026 ou simplement des relations\u00a0fraternelles.<\/p>\n<p>Ces b\u00e9n\u00e9voles pallient les insuffisances du dispositif, qui certes prend en charge l\u2019accompagnement juridique (souvent insuffisant), l\u2019h\u00e9bergement, la nourriture, mais n\u2019est pas con\u00e7u pour favoriser l\u2019int\u00e9gration et les \u00e9changes avec la population\u00a0locale.<\/p>\n<p>Nous pensons que faute d\u2019un engagement citoyen, ces CAO peuvent devenir des centres de tri avec des reconduites aux fronti\u00e8res ou des retours forc\u00e9s au\u00a0pays.<\/p>\n<p>Inscrivez-vous d\u00e8s maintenant pour savoir ce qui se passe pr\u00e8s de chez vous\u00a0:<\/p>\n<p>Bretagne\u00a0:\u00a0https:\/\/www.facebook.com\/groups\/1810514552565922\/<\/p>\n<p>Bourgogne Franche Comt\u00e9\u00a0:\u00a0https:\/\/www.facebook.com\/groups\/961706297291945\/<\/p>\n<p>Centre Val de Loire\u00a0:\u00a0https:\/\/www.facebook.com\/groups\/595746590595169\/<\/p>\n<p>Grand Est\u00a0:\u00a0https:\/\/www.facebook.com\/groups\/1740574099532321\/<\/p>\n<p>Haut de France\u00a0:\u00a0https:\/\/www.facebook.com\/groups\/333344736999594\/<\/p>\n<p>Ile de France\u00a0:\u00a0https:\/\/www.facebook.com\/groups\/542883952566373\/<\/p>\n<p>Nouvelle Aquitaine\u00a0:\u00a0https:\/\/www.facebook.com\/groups\/1824203427816384\/<\/p>\n<p>Normandie\u00a0:\u00a0https:\/\/www.facebook.com\/groups\/300625090315740\/<\/p>\n<p>Occitanie\u00a0:\u00a0https:\/\/www.facebook.com\/groups\/195615614177259\/<\/p>\n<p>Paca\u00a0:\u00a0https:\/\/www.facebook.com\/groups\/142225286223639\/<\/p>\n<p>Pays de la Loire\u00a0:\u00a0https:\/\/www.facebook.com\/groups\/1807195746178782\/<\/p>\n<p>Auvergne Rhone Alpe\u00a0:\u00a0https:\/\/www.facebook.com\/groups\/271656956550952\/<\/p>\n<h3>DES UTOPIA EN\u00a0REGION<\/h3>\n<p>A Lille, Rennes, Brest, Tours, Aix, des b\u00e9n\u00e9voles Utopia se sont regroup\u00e9s pour organiser, soit des r\u00e9unions, des conf\u00e9rences de presse, des collectes\u00a0etc\u2026<\/p>\n<h3>LORIENT<\/h3>\n<p>Etant donn\u00e9 que nous avons une grande quantit\u00e9 de b\u00e9n\u00e9voles dans la r\u00e9gion lorientaise, nous leur proposons de prendre contact directement avec <span id=\"b605c87554ef12002a17312a2b9fd78634a2745c\"><a class=\"mailto\" href=\"mailto:renanlevu@cegetel.net\">renanlevu@cegetel.net<span class=\"mailto\"><span class=\"element-invisible\">(link sends e-mail)<\/span><\/span><\/a><\/span> qui souhaite cr\u00e9er un collectif pour f\u00e9d\u00e9rer les\u00a0initiatives.<\/p>\n<h3>RENNES<\/h3>\n<p><img decoding=\"async\" src=\"http:\/\/www.utopia56.com\/fr\/system\/files\/styles\/insert_petit\/private\/file_fields\/2016\/10\/07\/migrants-dherve-koura-pas-de-credit.png?itok=oKasfXlN\" alt=\"\" \/>L\u2019artiste Herv\u00e9 Koura soutient Utopia 56. Dans le cadre de Court M\u00e9trange, il expose du 7 au 27 octobre \u00e0 l\u2019H\u00f4tel Pasteur. Chaque personnage de la sculpture \u2039Migrants\u203a peut \u00eatre achet\u00e9 20 \u00e0 30\u20ac au profit de notre\u00a0association.<\/p>\n","protected":false},"excerpt":{"rendered":"<p>Grande-Synthe Nous n\u2019y sommes plus depuis le 30 septembre. Pincement  [&#8230;]<\/p>\n","protected":false},"author":1,"featured_media":875,"comment_status":"open","ping_status":"open","sticky":false,"template":"","format":"standard","meta":{"footnotes":""},"categories":[12,6,14,13,16,7,10,9],"tags":[],"class_list":["post-874","post","type-post","status-publish","format-standard","has-post-thumbnail","hentry","category-calais","category-communique","category-grande-synthe","category-lille","category-lorient","category-paris","category-rennes","category-tours"],"_links":{"self":[{"href":"http:\/\/test.utopia56.org\/index.php\/wp-json\/wp\/v2\/posts\/874","targetHints":{"allow":["GET"]}}],"collection":[{"href":"http:\/\/test.utopia56.org\/index.php\/wp-json\/wp\/v2\/posts"}],"about":[{"href":"http:\/\/test.utopia56.org\/index.php\/wp-json\/wp\/v2\/types\/post"}],"author":[{"embeddable":true,"href":"http:\/\/test.utopia56.org\/index.php\/wp-json\/wp\/v2\/users\/1"}],"replies":[{"embeddable":true,"href":"http:\/\/test.utopia56.org\/index.php\/wp-json\/wp\/v2\/comments?post=874"}],"version-history":[{"count":0,"href":"http:\/\/test.utopia56.org\/index.php\/wp-json\/wp\/v2\/posts\/874\/revisions"}],"wp:featuredmedia":[{"embeddable":true,"href":"http:\/\/test.utopia56.org\/index.php\/wp-json\/wp\/v2\/media\/875"}],"wp:attachment":[{"href":"http:\/\/test.utopia56.org\/index.php\/wp-json\/wp\/v2\/media?parent=874"}],"wp:term":[{"taxonomy":"category","embeddable":true,"href":"http:\/\/test.utopia56.org\/index.php\/wp-json\/wp\/v2\/categories?post=874"},{"taxonomy":"post_tag","embeddable":true,"href":"http:\/\/test.utopia56.org\/index.php\/wp-json\/wp\/v2\/tags?post=874"}],"curies":[{"name":"wp","href":"https:\/\/api.w.org\/{rel}","templated":true}]}}