{"id":806,"date":"2016-08-02T19:39:54","date_gmt":"2016-08-02T17:39:54","guid":{"rendered":"http:\/\/utopia56.net\/?p=806"},"modified":"2016-08-02T19:39:54","modified_gmt":"2016-08-02T17:39:54","slug":"utopia-56-va-progressivement-quitter-la-liniere","status":"publish","type":"post","link":"http:\/\/test.utopia56.org\/index.php\/2016\/08\/02\/utopia-56-va-progressivement-quitter-la-liniere\/","title":{"rendered":"UTOPIA 56 VA PROGRESSIVEMENT QUITTER LA LINI\u00c8RE"},"content":{"rendered":"<p>Utopia 56 va progressivement quitter le camp\u00a0 humanitaire de la Lini\u00e8re \u00e0 Grande-Synthe et\u00a0renforcer le travail des b\u00e9n\u00e9voles dans les bidonvilles o\u00f9 les r\u00e9fugi\u00e9s sont le plus en\u00a0difficult\u00e9.<\/p>\n<h3>Quand\u00a0?<\/h3>\n<p>Nous serons partis d\u2019ici fin septembre. Notre d\u00e9part pourra \u00eatre avanc\u00e9 si la mairie de Grande-Synthe et l\u2019Afeji, actuel gestionnaire du camp, \u00a0organisent notre remplacement plus\u00a0rapidement.<\/p>\n<h3>Pourquoi\u00a0?<\/h3>\n<ul>\n<li>Parce que l\u2019accueil de ce camp est d\u00e9sormais limit\u00e9 et que nous ne souhaitons pas participer \u00e0 une politique d\u2019accueil restreint.\u00a0Pour rappel, une note du sous pr\u00e9fet du 25 juin pr\u00e9cise que le camp de la Lini\u00e8re est r\u00e9serv\u00e9 aux r\u00e9fugi\u00e9s qui veulent rester en France. Puis, en comit\u00e9 de pilotage du 4 juillet, les services d\u2019Etat, l\u2019 Afeji et la mairie de Grande-Synthe ont pris la d\u00e9cision de restreindre les crit\u00e8res d\u2019accueil. \u00a0Dans un courrier aux responsables associatifs dat\u00e9 du 8 juillet, le maire Damien Car\u00e8me pr\u00e9cise \u00abaccueillir les femmes seules avec enfants, les familles et les personnes pr\u00e9sentant des probl\u00e8mes de sant\u00e9 significatifs.\u00bb\u00a0 Cela laisse de cot\u00e9 \u00a0les femmes et hommes seuls. Sur le terrain, nous constatons ce non-accueil. Or ces personnes sont aussi vuln\u00e9rables. Les r\u00e9fugi\u00e9s nous interpellent \u00e0 ce sujet. D\u00e9noncer ne suffit\u00a0pas.<\/li>\n<li>Parce qu\u2019il est pr\u00e9matur\u00e9 de r\u00e9duire la taille du camp\u00a0sans\u00a0 proposer des solutions pour les personnes refus\u00e9es, bien que nous soyons \u00a0en accord avec la mairie sur la n\u00e9cessit\u00e9 de r\u00e9duire la taille de ce camp \u00e0\u00a0terme.<\/li>\n<li>Parce que nous pouvons \u00eatre remplac\u00e9s. De nombreuses associations de Grande Synthe\u00a0 et des r\u00e9fugi\u00e9s du camp s\u2019investissent d\u00e9j\u00e0 dans le travail n\u00e9cessaire \u00e0 la vie du\u00a0camp.<\/li>\n<li>Parce qu\u2019on a besoin de nous\u00a0ailleurs.<\/li>\n<\/ul>\n<p>A Calais, 6000 r\u00e9fugi\u00e9s vivent dans des conditions pr\u00e9caires. Nous y sommes \u00e0 nouveau tous les jours depuis le mois de\u00a0juin.<\/p>\n<p>A Paris, nous sommes en contact avec la mairie qui souhaite mettre en place des lieux d\u2019accueil \u00e0\u00a0l\u2019automne.<\/p>\n<p>Nous sommes \u00e9galement en lien avec les collectifs citoyens et les associations qui travaillent dans les bidonvilles de Paris. Notre souhait est de les\u00a0aider.<\/p>\n<h3>Ou en sommes-nous\u00a0?<\/h3>\n<p>Nous avons prouv\u00e9 que des citoyens pouvaient g\u00e9rer un camp humanitaire de r\u00e9fugi\u00e9s en\u00a0France.<\/p>\n<p>Nous avons travaill\u00e9 de fa\u00e7on constructive avec la Mairie de Grande-Synthe et M\u00e9decins Sans Fronti\u00e8res, ainsi qu\u2019avec de nombreuses associations locales. Cette exp\u00e9rience nous rend plus\u00a0forts.<\/p>\n<p>Aujourd\u2019hui, nous prenons la d\u00e9cision d\u2019annoncer notre d\u00e9part avec un d\u00e9lai permettant une r\u00e9organisation\u00a0pour les\u00a0r\u00e9fugi\u00e9s.<\/p>\n<p>Ensemble, nous souhaitons continuer \u00e0 \u0153uvrer pour un accueil digne des r\u00e9fugi\u00e9s en\u00a0France.<\/p>\n<h3>Que pouvez vous faire\u00a0?<\/h3>\n<p>Vous inscrire comme b\u00e9n\u00e9voles pour nous aider \u00e0 Grande-Synthe et\u00a0Calais.<\/p>\n<p>Nous avons\u00a0 besoin de vous \u00e0 Grande Synthe\u00a0 jusqu\u2019\u00e0 ce que les postes actuels assur\u00e9s par les b\u00e9n\u00e9voles Utopia 56\u00a0 soient assur\u00e9s par les salari\u00e9s de l\u2019 Afeji ou d\u2019autres\u00a0associations.<\/p>\n<p>Pour rappel, actuellement, Utopia 56 prend en charge, avec l\u2019aide des r\u00e9fugi\u00e9s et d\u2019autres associations\u00a0:<\/p>\n<ul>\n<li>Les quatre cuisines collectives (approvisionnement en bois, aide \u00e0 la confection de repas lorsque les denr\u00e9es disponibles sont peu connues des\u00a0r\u00e9fugi\u00e9s)<\/li>\n<li>Les magasins de distribution gratuite de\u00a0nourriture<\/li>\n<li>-La distribution de 250 petits d\u00e9jeuners 400 repas \u00e0 midi (en lien avec la Kesha Niya\u00a0Kitchen).<\/li>\n<li>La laverie (elle tourne le jour pour les v\u00eatements et la nuit pour les couvertures et duvets\u00a0r\u00e9cup\u00e9r\u00e9s)<\/li>\n<li>L\u2019atelier de r\u00e9paration des\u00a0chalets<\/li>\n<li>La conduite du minibus mis \u00e0 disposition par la mairie pour assurer les d\u00e9placements entre le camp et l\u2019hypermarch\u00e9 (\u00e9viter les pi\u00e9tons sur la quatre\u00a0voies)<\/li>\n<li>L\u2019encadrement des enfants au centre\u00a0p\u00e9riscolaire<\/li>\n<li>L\u2019accueil au centre \u00ab femmes enfants \u00bb (machine \u00e0 coudre, massage, \u00e9coute, distribution de v\u00eatements, cabine\u00a0d\u2019essayage)<\/li>\n<li>La veille de\u00a0nuit<\/li>\n<li>Le nettoyage du\u00a0camp<\/li>\n<\/ul>\n<p>Faire conna\u00eetre notre\u00a0action.<\/p>\n<p>Nous aider financi\u00e8rement via le site\u00a0Utopia56.com<\/p>\n<h3>Quelle est l\u2019histoire du camp de la\u00a0Lini\u00e8re?<\/h3>\n<p>Pendant l\u2019hiver 2016, plusieurs milliers de r\u00e9fugi\u00e9s vivaient dans un mar\u00e9cage dans le vieux camp du Baroch. La maire de Grande-Synthe et MSF\u00a0 d\u00e9cident d\u2019ouvrir un camp humanitaire digne de ce nom, malgr\u00e9 l\u2019opposition de l\u2019Etat. La mairie de Grande-Synthe demande \u00e0 notre association\u00a0 Utopia 56\u00a0 de g\u00e9rer ce camp du 7 mars au 7 mai. Avec une moyenne de 2700 journ\u00e9es de b\u00e9n\u00e9volat par mois, nous sommes fiers d\u2019avoir contribu\u00e9 \u00e0 ce que la commission de s\u00e9curit\u00e9 du 25 mars puisse donner un avis favorable \u00e0 l\u2019ouverture du premier\u00a0 camp humanitaire en France. Ce n\u2019\u00e9tait pas gagn\u00e9\u00a0! Pendant plusieurs semaines, les voitures des b\u00e9n\u00e9voles tenaient lieu de barri\u00e8re \u00e0 l\u2019entr\u00e9e et \u00e0 la sortie du camp pour \u00e9viter le passage des v\u00e9hicules des passeurs et prot\u00e9ger les r\u00e9fugi\u00e9s, notamment les enfants. La veille incendie a \u00e9t\u00e9 assur\u00e9e par nos b\u00e9n\u00e9voles jours et nuits jusqu\u2019\u00e0 la reprise du camp par\u00a0l\u2019Etat.<\/p>\n<p>Depuis le 7 mai, l\u2019Afeji (une association de salari\u00e9s pr\u00e9sid\u00e9e par Michel Delebarre) g\u00e8re ce camp dans le cadre d\u2019une convention tripartite Etat\/ mairie\/\u00a0Afeji.<\/p>\n<p>Nous avons continu\u00e9 \u00e0 travailler sur tous les postes essentiels \u00e0 la vie du camp en observant, d\u00e9plorant et d\u00e9non\u00e7ant les restrictions d\u2019accueil et la r\u00e9duction du nombre de chalet. \u2028Nous prenons aujourd\u2019hui la d\u00e9cision d\u2019annoncer notre d\u00e9part avec un d\u00e9lai permettant une r\u00e9organisation neutre pour les\u00a0r\u00e9fugi\u00e9s.<\/p>\n<h3>Ensemble, nous souhaitons un accueil digne des r\u00e9fugi\u00e9s en France.\u00a0 Soutenez nous sur\u00a0Utopia56.com<\/h3>\n","protected":false},"excerpt":{"rendered":"<p>Utopia 56 va progressivement quitter le camp\u00a0 humanitaire de la  [&#8230;]<\/p>\n","protected":false},"author":1,"featured_media":807,"comment_status":"open","ping_status":"open","sticky":false,"template":"","format":"standard","meta":{"footnotes":""},"categories":[6,14],"tags":[],"class_list":["post-806","post","type-post","status-publish","format-standard","has-post-thumbnail","hentry","category-communique","category-grande-synthe"],"_links":{"self":[{"href":"http:\/\/test.utopia56.org\/index.php\/wp-json\/wp\/v2\/posts\/806","targetHints":{"allow":["GET"]}}],"collection":[{"href":"http:\/\/test.utopia56.org\/index.php\/wp-json\/wp\/v2\/posts"}],"about":[{"href":"http:\/\/test.utopia56.org\/index.php\/wp-json\/wp\/v2\/types\/post"}],"author":[{"embeddable":true,"href":"http:\/\/test.utopia56.org\/index.php\/wp-json\/wp\/v2\/users\/1"}],"replies":[{"embeddable":true,"href":"http:\/\/test.utopia56.org\/index.php\/wp-json\/wp\/v2\/comments?post=806"}],"version-history":[{"count":0,"href":"http:\/\/test.utopia56.org\/index.php\/wp-json\/wp\/v2\/posts\/806\/revisions"}],"wp:featuredmedia":[{"embeddable":true,"href":"http:\/\/test.utopia56.org\/index.php\/wp-json\/wp\/v2\/media\/807"}],"wp:attachment":[{"href":"http:\/\/test.utopia56.org\/index.php\/wp-json\/wp\/v2\/media?parent=806"}],"wp:term":[{"taxonomy":"category","embeddable":true,"href":"http:\/\/test.utopia56.org\/index.php\/wp-json\/wp\/v2\/categories?post=806"},{"taxonomy":"post_tag","embeddable":true,"href":"http:\/\/test.utopia56.org\/index.php\/wp-json\/wp\/v2\/tags?post=806"}],"curies":[{"name":"wp","href":"https:\/\/api.w.org\/{rel}","templated":true}]}}