{"id":7886,"date":"2023-01-18T15:39:17","date_gmt":"2023-01-18T14:39:17","guid":{"rendered":"https:\/\/utopia56.org\/?p=7886"},"modified":"2023-01-18T15:39:17","modified_gmt":"2023-01-18T14:39:17","slug":"9-mineurs-isoles-remis-a-la-rue-par-le-departement-dindre-et-loire-en-seulement-10-jours","status":"publish","type":"post","link":"http:\/\/test.utopia56.org\/index.php\/2023\/01\/18\/9-mineurs-isoles-remis-a-la-rue-par-le-departement-dindre-et-loire-en-seulement-10-jours\/","title":{"rendered":"9 mineurs isol\u00e9s remis \u00e0 la rue par le d\u00e9partement d\u2019Indre et Loire en seulement  10 jours."},"content":{"rendered":"<p><b>Depuis le vendredi 6 janvier 2023, neuf mineurs isol\u00e9s ont \u00e9t\u00e9 remis \u00e0 la rue par le d\u00e9partement d\u2019Indre-et-Loire, sans aucune solution pour se mettre \u00e0 l\u2019abri. Ils ont \u00e9t\u00e9 accueillis en urgence par des h\u00e9bergeur.euses b\u00e9n\u00e9voles solidaires, mais dans quelques jours, faute d\u2019autre solution, ils installeront leurs tentes dans les rues de Tours.<\/b><\/p>\n<p><span style=\"font-weight: 400;\">En ce d\u00e9but d&#8217;ann\u00e9e 2023, nous constatons que les remises \u00e0 la rue par le d\u00e9partement d\u2019Indre-et-Loire sont d\u00e9j\u00e0 tr\u00e8s nombreuses. A titre de comparaison, sur la m\u00eame p\u00e9riode, l&#8217;an pass\u00e9, 2 jeunes avaient \u00e9t\u00e9 remis \u00e0 la rue. En parall\u00e8le, les associations citoyennes comme Utopia 56 ne disposent plus des ressources n\u00e9cessaires pour accueillir ces jeunes en urgence et \u00e0 long terme ni pour les accompagner, car actuellement pr\u00e8s de 35 jeunes sont accueillis et\/ou accompagn\u00e9s par l\u2019association et nous arrivons \u00e0 saturation.\u00a0<\/span><\/p>\n<p><span style=\"font-weight: 400;\">En outre, les jeunes remis \u00e0 la rue par le D\u00e9partement d\u2019Indre-et-Loire se retrouvent sans solution d\u2019h\u00e9bergement. Ils ne peuvent pr\u00e9tendre \u00e0 un h\u00e9bergement d\u2019urgence au 115, car consid\u00e9r\u00e9s comme mineurs par les services de l&#8217;\u00c9tat et ne peuvent \u00eatre pris en charge par la protection de l&#8217;enfance car consid\u00e9r\u00e9s comme majeurs.<\/span><\/p>\n<p><i><span style=\"font-weight: 400;\">\u201cIl y avait une personne, quand je lui ai racont\u00e9 mon histoire, elle ne m\u2019\u00e9coutait pas. Elle m\u2019a tout de suite jug\u00e9 majeur et ensuite, je sentais les questions comme un pi\u00e8ge\u201d<\/span><\/i><span style=\"font-weight: 400;\"> &#8211; Adama, mineur remis \u00e0 la rue par le d\u00e9partement d\u2019Indre-et-Loire et entamant un recours de reconnaissance de minorit\u00e9.\u00a0<\/span><\/p>\n<p><span style=\"font-weight: 400;\">Remis \u00e0 la rue, ces mineurs se retrouvent confront\u00e9s \u00e0 de nombreuses probl\u00e9matiques du fait de leurs vuln\u00e9rabilit\u00e9 ; ils sont expos\u00e9.es aux ph\u00e9nom\u00e8nes de traite des \u00eatres humains, d\u2019emprise par des r\u00e9seaux de petite d\u00e9linquance\u202f; les conditions de vie \u00e0 la rue ont aussi un impact sur leur \u00e9tat de sant\u00e9 g\u00e9n\u00e9ral. Malgr\u00e9 de nombreuses relances, le d\u00e9partement d\u2019Indre-et-Loire\u00a0 ne r\u00e9pond \u00e0 aucune demande de rencontre avec les associations de terrain. De m\u00eame, il n\u2019existe aucun dialogue entre les institutions (d\u00e9partement \/ pr\u00e9fecture \/ mairie) qui permettrait \u00e0 ces jeunes de garantir le principe de continuit\u00e9 de l\u2019h\u00e9bergement d\u00e9fini \u00e0 l\u2019article L345-2-4 du Code de l\u2019Action Sociale et des Familles (CASF)\u202f; et ainsi mettre fin au passage syst\u00e9matique par la rue des mineurs sortis des services de l\u2019aide sociale \u00e0 l\u2019enfance du d\u00e9partement.\u00a0<\/span><\/p>\n<p><span style=\"font-weight: 400;\">Enfin, il est \u00e0 noter que m\u00eame si ces jeunes sont consid\u00e9r\u00e9s comme majeurs au terme d\u2019une \u00e9valuation de leur minorit\u00e9 par le d\u00e9partement, plus de la moiti\u00e9 de ces jeunes seront finalement consid\u00e9r\u00e9s comme mineurs au terme d\u2019un recours fastidieux de plusieurs mois menant \u00e0 une d\u00e9cision du juge des enfants. Il est donc n\u00e9cessaire de rendre le recours de reconnaissance de minorit\u00e9, suspensif de la d\u00e9cision d\u2019exclusion des dispositifs de l\u2019aide sociale \u00e0 l\u2019enfance, pour permettre \u00e0 ces jeunes d\u2019effectuer leurs d\u00e9marches de recours ou de pr\u00e9parer leur sortie des dispositifs ASE vers des h\u00e9bergements d\u2019urgence.\u00a0<\/span><\/p>\n<p><i><span style=\"font-weight: 400;\">\u201cNotre association citoyenne ne peut pas pallier les d\u00e9faillances des institutions en mati\u00e8re d\u2019accueil des plus vuln\u00e9rables. Nous n\u2019avons plus de solutions d\u2019h\u00e9bergement pour les jeunes qui se pr\u00e9sentent et nous craignons de devoir distribuer des tentes dans les jours \u00e0 venir. C&#8217;est pour cela que nous demandons en urgence la fin des remises \u00e0 la rue s\u00e8che par le Conseil D\u00e9partemental d\u2019Indre-et-Loire et une concertation rapide entre les diff\u00e9rents acteurs pour trouver des solutions p\u00e9rennes.\u201d &#8211; Marine, coordinatrice d\u2019Utopia 56 Tours.<\/span><\/i><\/p>\n","protected":false},"excerpt":{"rendered":"<p>Depuis le vendredi 6 janvier 2023, neuf mineurs isol\u00e9s ont  [&#8230;]<\/p>\n","protected":false},"author":1,"featured_media":7892,"comment_status":"closed","ping_status":"open","sticky":false,"template":"","format":"standard","meta":{"footnotes":""},"categories":[6,9],"tags":[],"class_list":["post-7886","post","type-post","status-publish","format-standard","has-post-thumbnail","hentry","category-communique","category-tours"],"_links":{"self":[{"href":"http:\/\/test.utopia56.org\/index.php\/wp-json\/wp\/v2\/posts\/7886","targetHints":{"allow":["GET"]}}],"collection":[{"href":"http:\/\/test.utopia56.org\/index.php\/wp-json\/wp\/v2\/posts"}],"about":[{"href":"http:\/\/test.utopia56.org\/index.php\/wp-json\/wp\/v2\/types\/post"}],"author":[{"embeddable":true,"href":"http:\/\/test.utopia56.org\/index.php\/wp-json\/wp\/v2\/users\/1"}],"replies":[{"embeddable":true,"href":"http:\/\/test.utopia56.org\/index.php\/wp-json\/wp\/v2\/comments?post=7886"}],"version-history":[{"count":0,"href":"http:\/\/test.utopia56.org\/index.php\/wp-json\/wp\/v2\/posts\/7886\/revisions"}],"wp:featuredmedia":[{"embeddable":true,"href":"http:\/\/test.utopia56.org\/index.php\/wp-json\/"}],"wp:attachment":[{"href":"http:\/\/test.utopia56.org\/index.php\/wp-json\/wp\/v2\/media?parent=7886"}],"wp:term":[{"taxonomy":"category","embeddable":true,"href":"http:\/\/test.utopia56.org\/index.php\/wp-json\/wp\/v2\/categories?post=7886"},{"taxonomy":"post_tag","embeddable":true,"href":"http:\/\/test.utopia56.org\/index.php\/wp-json\/wp\/v2\/tags?post=7886"}],"curies":[{"name":"wp","href":"https:\/\/api.w.org\/{rel}","templated":true}]}}