{"id":732,"date":"2020-08-29T14:44:59","date_gmt":"2020-08-29T12:44:59","guid":{"rendered":"http:\/\/utopia56.net\/?p=732"},"modified":"2020-08-29T14:44:59","modified_gmt":"2020-08-29T12:44:59","slug":"nos-actions-de-plaidoyer-en-faveur-des-exile-e-s-2016-2020","status":"publish","type":"post","link":"http:\/\/test.utopia56.org\/index.php\/2020\/08\/29\/nos-actions-de-plaidoyer-en-faveur-des-exile-e-s-2016-2020\/","title":{"rendered":"Nos actions de plaidoyer en faveur des exil\u00e9.e.s (2016-2020)"},"content":{"rendered":"<div class=\"fusion-fullwidth fullwidth-box fusion-builder-row-1 fusion-flex-container nonhundred-percent-fullwidth non-hundred-percent-height-scrolling\" style=\"--awb-border-radius-top-left:0px;--awb-border-radius-top-right:0px;--awb-border-radius-bottom-right:0px;--awb-border-radius-bottom-left:0px;--awb-flex-wrap:wrap;\" ><div class=\"fusion-builder-row fusion-row fusion-flex-align-items-flex-start fusion-flex-content-wrap\" style=\"max-width:calc( 1200px + 0px );margin-left: calc(-0px \/ 2 );margin-right: calc(-0px \/ 2 );\"><div class=\"fusion-layout-column fusion_builder_column fusion-builder-column-0 fusion_builder_column_1_2 1_2 fusion-flex-column\" style=\"--awb-bg-size:cover;--awb-width-large:50%;--awb-margin-top-large:0px;--awb-spacing-right-large:calc( 0.04 * calc( 100% - 0px ) );--awb-margin-bottom-large:0px;--awb-spacing-left-large:0px;--awb-width-medium:50%;--awb-spacing-right-medium:calc( 0.04 * calc( 100% - 0px ) );--awb-spacing-left-medium:0px;--awb-width-small:100%;--awb-spacing-right-small:0px;--awb-spacing-left-small:0px;\"><div class=\"fusion-column-wrapper fusion-flex-justify-content-flex-start fusion-content-layout-column\"><div class=\"fusion-text fusion-text-1\"><p>Ces derni\u00e8res ann\u00e9es, les instabilit\u00e9s g\u00e9opolitiques et \u00e9conomiques de nombreux pays d\u2019Afrique et du Moyen-Orient ont provoqu\u00e9 une augmentation des flux migratoires vers l\u2019Europe. Cependant, ce qui est tr\u00e8s souvent appel\u00e9 \u201ccrise migratoire\u201d en France et en Europe, d\u00e9signant la pr\u00e9sence d\u2019exil\u00e9.e.s en risque de pers\u00e9cution ou dans une grande pr\u00e9carit\u00e9 sur notre sol, n\u2019est autre qu\u2019<strong>une crise de l\u2019accueil.<\/strong> Le nombre de r\u00e9fugi\u00e9.e.s et demandeur.se.s d\u2019asile en Europe (721075 demandeur.se.s d\u2019asile en 2019) est infime en 1 comparaison du nombre de personnes d\u00e9plac\u00e9es dans le monde (26 millions de r\u00e9fugi\u00e9s, 4,2 millions de demandeur.se.s d\u2019asile et 45,7 millions de d\u00e9plac\u00e9s internes en juin 2020); et pr\u00e9sent.e.s dans d\u2019autres pays, tels que la Turquie (3,1 millions d\u2019exil\u00e9.e.s). De plus, 80% des personnes d\u00e9racin\u00e9es sont install\u00e9es dans un pays en d\u00e9veloppement.<\/p>\n<p>En 2015, des exil\u00e9.e.s s\u2019installent \u00e0 Calais, dans l\u2019espoir de pouvoir traverser vers le Royaume-Uni. Les conditions d\u2019accueil y sont d\u00e9plorables, malgr\u00e9 les moyens de l\u2019\u00c9tat. Utopia 56 nait en janvier 2016, avec l\u2019objectif de coordonner les \u00e9quipes b\u00e9n\u00e9voles \u0153uvrant \u00e0 Calais. Tr\u00e8s vite, Utopia 56 se lance dans de nombreuses actions de terrain pour r\u00e9pondre \u00e0 l\u2019extr\u00eame urgence de la situation des demandeur.se.s d\u2019asile en France, t\u00e9moignant d\u2019une v\u00e9ritable <strong>crise de l\u2019accueil.<\/strong> Aujourd\u2019hui, Utopia op\u00e8re dans de nombreuses villes fran\u00e7aises, avec plus de 150 b\u00e9n\u00e9voles mobilis\u00e9.e.s chaque jour, 24h\/24.<\/p>\n<p>L\u2019association se lance rapidement dans des actions de plaidoyer, afin de faire \u00e9voluer la situation des exil\u00e9.e.s de mani\u00e8re durable. Aux cot\u00e9s d\u2019autres associations, les hommes et femmes d\u2019Utopia 56 se joignent \u00e0 des communiqu\u00e9s de presse, lettres ouvertes et proc\u00e9dures judiciaires en faveur des exil\u00e9.e.s. Trop de politiques d\u2019asile europ\u00e9ennes et fran\u00e7aises vont <strong>\u00e0 l\u2019encontre du droit international, europ\u00e9en et national. <\/strong>Il est anormal que les associatifs pallient les manquements de l\u2019\u00c9tat de la sorte.<\/p>\n<p><em>Ce rapport entend pr\u00e9senter les diff\u00e9rentes actions de plaidoyer men\u00e9es par Utopia 56 d\u2019Octobre 2016 \u00e0 Juillet 2020, de mani\u00e8re d\u00e9taill\u00e9e mais non exhaustive. Ce document rassemble les interventions de plaidoyer d\u2019Utopia 56 th\u00e8me par th\u00e8me, de mani\u00e8re chronologique. Une annexe rassemble l\u2019ensemble des interventions mentionn\u00e9es dans ce rapport. Ce rapport a \u00e9t\u00e9 r\u00e9dig\u00e9 par Suzanne Dominguez, dipl\u00f4m\u00e9e d&#8217;un master en droits de l&#8217;Homme et \u00e9tudiante en affaires europ\u00e9ennes, au cours de l&#8217;\u00e9t\u00e9 2020.<\/em><\/p>\n<\/div><\/div><\/div><div class=\"fusion-layout-column fusion_builder_column fusion-builder-column-1 fusion_builder_column_1_2 1_2 fusion-flex-column\" style=\"--awb-bg-size:cover;--awb-width-large:50%;--awb-margin-top-large:0px;--awb-spacing-right-large:0px;--awb-margin-bottom-large:20px;--awb-spacing-left-large:calc( 0.04 * calc( 100% - 0px ) );--awb-width-medium:50%;--awb-order-medium:0;--awb-spacing-right-medium:0px;--awb-spacing-left-medium:calc( 0.04 * calc( 100% - 0px ) );--awb-width-small:100%;--awb-order-small:0;--awb-spacing-right-small:0px;--awb-spacing-left-small:0px;\"><div class=\"fusion-column-wrapper fusion-column-has-shadow fusion-flex-justify-content-flex-start fusion-content-layout-column\"><div class=\"fusion-text fusion-text-2\"><p style=\"text-align: center;\">[pdf-embedder url=&#8221;http:\/\/utopia56.net\/wp-content\/uploads\/2021\/03\/Rapport-plaidoyer-U56-final-1.pdf&#8221; title=&#8221;Rapport plaidoyer U56 final (1)&#8221;]<\/p>\n<\/div><\/div><\/div><\/div><\/div>\n<p>&nbsp;<\/p>\n","protected":false},"excerpt":{"rendered":"<p>&nbsp;<\/p>\n","protected":false},"author":1,"featured_media":738,"comment_status":"open","ping_status":"open","sticky":false,"template":"","format":"standard","meta":{"footnotes":""},"categories":[19,21,26,24,25],"tags":[],"class_list":["post-732","post","type-post","status-publish","format-standard","has-post-thumbnail","hentry","category-acces-aux-droits-fondamentaux","category-harcelement-et-violences-policieres","category-mineures-isolees","category-plaidoyer","category-rapport"],"_links":{"self":[{"href":"http:\/\/test.utopia56.org\/index.php\/wp-json\/wp\/v2\/posts\/732","targetHints":{"allow":["GET"]}}],"collection":[{"href":"http:\/\/test.utopia56.org\/index.php\/wp-json\/wp\/v2\/posts"}],"about":[{"href":"http:\/\/test.utopia56.org\/index.php\/wp-json\/wp\/v2\/types\/post"}],"author":[{"embeddable":true,"href":"http:\/\/test.utopia56.org\/index.php\/wp-json\/wp\/v2\/users\/1"}],"replies":[{"embeddable":true,"href":"http:\/\/test.utopia56.org\/index.php\/wp-json\/wp\/v2\/comments?post=732"}],"version-history":[{"count":0,"href":"http:\/\/test.utopia56.org\/index.php\/wp-json\/wp\/v2\/posts\/732\/revisions"}],"wp:featuredmedia":[{"embeddable":true,"href":"http:\/\/test.utopia56.org\/index.php\/wp-json\/"}],"wp:attachment":[{"href":"http:\/\/test.utopia56.org\/index.php\/wp-json\/wp\/v2\/media?parent=732"}],"wp:term":[{"taxonomy":"category","embeddable":true,"href":"http:\/\/test.utopia56.org\/index.php\/wp-json\/wp\/v2\/categories?post=732"},{"taxonomy":"post_tag","embeddable":true,"href":"http:\/\/test.utopia56.org\/index.php\/wp-json\/wp\/v2\/tags?post=732"}],"curies":[{"name":"wp","href":"https:\/\/api.w.org\/{rel}","templated":true}]}}