{"id":6616,"date":"2022-12-29T10:32:53","date_gmt":"2022-12-29T09:32:53","guid":{"rendered":"https:\/\/utopia56.org\/?p=6616"},"modified":"2022-12-29T10:32:53","modified_gmt":"2022-12-29T09:32:53","slug":"enfants-et-parents-a-la-rue-heberges-apres-une-premiere-decision-de-justice-le-gouvernement-fait-appel-pour-les-remettre-a-la-rue","status":"publish","type":"post","link":"http:\/\/test.utopia56.org\/index.php\/2022\/12\/29\/enfants-et-parents-a-la-rue-heberges-apres-une-premiere-decision-de-justice-le-gouvernement-fait-appel-pour-les-remettre-a-la-rue\/","title":{"rendered":"Enfants et parents \u00e0 la rue : h\u00e9berg\u00e9s apr\u00e8s une premi\u00e8re d\u00e9cision de justice, le gouvernement fait appel pour les remettre \u00e0 la rue"},"content":{"rendered":"<p><span style=\"font-weight: 400;\">Depuis d\u00e9but d\u00e9cembre, une dizaine de familles \u00e0 la rue, rencontr\u00e9es lors des permanences d\u2019Utopia 56 \u00e0 Paris,<\/span><b> ont initi\u00e9 des r\u00e9f\u00e9r\u00e9s-libert\u00e9s devant le Tribunal administratif de Paris.<\/b><span style=\"font-weight: 400;\"> Cette action en justice a permis <\/span><b>\u00e0 ces familles d&#8217;enfin acc\u00e9der \u00e0 un h\u00e9bergement d\u2019urgence,<\/b><span style=\"font-weight: 400;\"> puisque le juge des r\u00e9f\u00e9r\u00e9s a enjoint \u00e0 la pr\u00e9fecture et l\u2019OFII de mettre en place des solutions. Ces d\u00e9cisions de justice sont salutaires au vu des temp\u00e9ratures n\u00e9gatives des derni\u00e8res semaines et de la profonde d\u00e9tresse et vuln\u00e9rabilit\u00e9 de ces familles.<\/span><\/p>\n<p><span style=\"font-weight: 400;\">Pourtant, le 14 d\u00e9cembre 2022, <\/span><b>la DIHAL<\/b><b> a d\u00e9cid\u00e9 de faire appel pour 5 familles h\u00e9berg\u00e9es<\/b><span style=\"font-weight: 400;\">, en d\u00e9posant 5 requ\u00eates en appel devant le Conseil d\u2019\u00c9tat. Ce dernier a ainsi annul\u00e9 le 26 d\u00e9cembre quatre d\u00e9cisions du tribunal administratif. Le Conseil d\u2019\u00c9tat reconnait la <\/span><b>saturation du syst\u00e8me d\u2019h\u00e9bergement d\u2019urgence<\/b><span style=\"font-weight: 400;\"> et argue, en se confortant \u00e0 l\u2019argumentaire de la DIHAL, que ces familles <\/span><b>prendrait la place d\u2019autres \u201cencore plus vuln\u00e9rables\u201d<\/b><span style=\"font-weight: 400;\">. \u00c0 noter que<\/span><b> la DIHAL ne s\u2019est pas pr\u00e9sent\u00e9e aux audiences.\u00a0<\/b><\/p>\n<p><a href=\"https:\/\/utopia56.org\/enfants-et-parents-a-la-rue-heberges-apres-une-premiere-decision-de-justice-le-gouvernement-fait-appel-pour-les-remettre-a-la-rue\/capture-decran-2022-12-28-a-10-21-16\/\" rel=\"attachment wp-att-6617\"><img decoding=\"async\" class=\"alignnone size-full wp-image-6617\" src=\"https:\/\/utopia56.org\/wp-content\/uploads\/2022\/12\/Capture-decran-2022-12-28-a-10.21.16.jpg\" alt=\"\" width=\"770\" height=\"322\" \/><\/a><\/p>\n<p><span style=\"font-weight: 400;\">Les familles sont compos\u00e9es : d\u2019une m\u00e8re seule et ses trois enfants de 11, 15 et 17 ans\u202f; d\u2019un couple, dont la femme est enceinte de quelques semaines, et leurs trois enfants de 4, 6 et 7 ans; d\u2019une m\u00e8re seule avec sa fille de 5 ans\u202f; et d\u2019une m\u00e8re seule avec ses cinq enfants de 6, 13, 17, 19 et 21 ans, <\/span><b>dont un en situation de handicap physique lourd.<\/b><\/p>\n<p><span style=\"font-weight: 400;\">Concernant cette derni\u00e8re famille, la DIHAL souligne dans son argumentaire qu\u2019aucune preuve du handicap de l\u2019enfant n\u2019a \u00e9t\u00e9 vers\u00e9e au m\u00e9moire en d\u00e9fense. L\u2019enfant, contrairement aux repr\u00e9sentants de la DIHAL, \u00e9tait pr\u00e9sent \u00e0 l\u2019audience.<\/span><\/p>\n<p><span style=\"font-weight: 400;\">Seul pour un couple, dont la femme est enceinte de 8 mois avec leur fille de 1 an, <\/span><b>l\u2019appel de la DIHAL a \u00e9t\u00e9 rejet\u00e9e.<\/b><\/p>\n<p><span style=\"font-weight: 400;\">Pour Me Samy Djemaoun, avocat des familles devant le tribunal administratif de Paris et le Conseil d&#8217;\u00c9tat, &#8220;<\/span><i><span style=\"font-weight: 400;\">la politique du &#8220;en m\u00eame temps&#8221; ne fonctionne pas : l&#8217;\u00c9tat ne peut pas arguer \u201cz\u00e9ro enfant \u00e0 la rue\u201d (<\/span><\/i><a href=\"https:\/\/twitter.com\/OlivierKlein93\/status\/1605252838782803969?s=20&amp;t=Ylehx-xGrIFlWRdLOzl4CZrY_P0_9wKNWo0S31wbPAg\"><i><span style=\"font-weight: 400;\">tweet d\u2019Olivier Klein, ministre du Logement, le 20 d\u00e9cembre\u202f;<\/span><\/i><\/a><i><span style=\"font-weight: 400;\"> engagement du 19 octobre d\u2019Olivier Klein et Charlotte Caubel, secr\u00e9taire d\u2019\u00c9tat charg\u00e9e de la protection de l\u2019enfant)\u202fet, en m\u00eame temps, faire appel pour remettre des enfants dans la rue<\/span><\/i><span style=\"font-weight: 400;\">.&#8221;<\/span><\/p>\n<p><span style=\"font-weight: 400;\">Les propos d\u2019Olivier Klein sont mensongers. Rien que mardi 27 d\u00e9cembre, les \u00e9quipes d\u2019Utopia 56 \u00e0 Paris ont rencontr\u00e9 <\/span><b>34 familles et femmes seules \u00e0 la rue, dont 28 enfants.<\/b><span style=\"font-weight: 400;\"> Toutes ont contact\u00e9 le 115 pour acc\u00e9der \u00e0 un h\u00e9bergement d\u2019urgence, en vain.<\/span><\/p>\n<p><span style=\"font-weight: 400;\">Utopia 56 rappelle que <\/span><b>des dizaines de lits d\u2019h\u00e9bergement d\u2019urgence r\u00e9serv\u00e9s aux d\u00e9plac\u00e9s ukrainiens restent vides chaque nuit :<\/b> <i><span style=\"font-weight: 400;\">\u201cL\u2019h\u00e9bergement d\u2019urgence n\u2019est pas une question de capacit\u00e9, mais de volont\u00e9. La preuve par l\u2019Ukraine. On doit y mettre tous les moyens quoi qu\u2019il en coute.\u201d <\/span><\/i><span style=\"font-weight: 400;\">Yann Manzi, d\u00e9l\u00e9gu\u00e9 g\u00e9n\u00e9ral d\u2019Utopia 56.<\/span><\/p>\n<p><b>L\u2019\u00c9tat ayant fait \u00e0 nouveau appel pour 2 familles \u00e0 la rue<\/b><span style=\"font-weight: 400;\"> \u00e0 qui le tribunal administratif a permis d\u2019acc\u00e9der \u00e0 un h\u00e9bergement d\u2019urgence, de nouvelles audiences ont lieu mercredi 3 janvier \u00e0 15h au Conseil d\u2019\u00c9tat.<\/span><\/p>\n","protected":false},"excerpt":{"rendered":"<p>Depuis d\u00e9but d\u00e9cembre, une dizaine de familles \u00e0 la rue,  [&#8230;]<\/p>\n","protected":false},"author":1,"featured_media":6618,"comment_status":"closed","ping_status":"open","sticky":false,"template":"","format":"standard","meta":{"footnotes":""},"categories":[6],"tags":[],"class_list":["post-6616","post","type-post","status-publish","format-standard","has-post-thumbnail","hentry","category-communique"],"_links":{"self":[{"href":"http:\/\/test.utopia56.org\/index.php\/wp-json\/wp\/v2\/posts\/6616","targetHints":{"allow":["GET"]}}],"collection":[{"href":"http:\/\/test.utopia56.org\/index.php\/wp-json\/wp\/v2\/posts"}],"about":[{"href":"http:\/\/test.utopia56.org\/index.php\/wp-json\/wp\/v2\/types\/post"}],"author":[{"embeddable":true,"href":"http:\/\/test.utopia56.org\/index.php\/wp-json\/wp\/v2\/users\/1"}],"replies":[{"embeddable":true,"href":"http:\/\/test.utopia56.org\/index.php\/wp-json\/wp\/v2\/comments?post=6616"}],"version-history":[{"count":0,"href":"http:\/\/test.utopia56.org\/index.php\/wp-json\/wp\/v2\/posts\/6616\/revisions"}],"wp:featuredmedia":[{"embeddable":true,"href":"http:\/\/test.utopia56.org\/index.php\/wp-json\/"}],"wp:attachment":[{"href":"http:\/\/test.utopia56.org\/index.php\/wp-json\/wp\/v2\/media?parent=6616"}],"wp:term":[{"taxonomy":"category","embeddable":true,"href":"http:\/\/test.utopia56.org\/index.php\/wp-json\/wp\/v2\/categories?post=6616"},{"taxonomy":"post_tag","embeddable":true,"href":"http:\/\/test.utopia56.org\/index.php\/wp-json\/wp\/v2\/tags?post=6616"}],"curies":[{"name":"wp","href":"https:\/\/api.w.org\/{rel}","templated":true}]}}