{"id":6187,"date":"2022-11-30T15:47:15","date_gmt":"2022-11-30T14:47:15","guid":{"rendered":"https:\/\/utopia56.org\/?p=6187"},"modified":"2022-11-30T15:47:15","modified_gmt":"2022-11-30T14:47:15","slug":"expulsion-des-familles-du-campement-des-berges-de-la-garonne-le-29-novembre-2022","status":"publish","type":"post","link":"http:\/\/test.utopia56.org\/index.php\/2022\/11\/30\/expulsion-des-familles-du-campement-des-berges-de-la-garonne-le-29-novembre-2022\/","title":{"rendered":"Expulsion des familles du campement des berges de la Garonne le 29 novembre 2022"},"content":{"rendered":"<p><b>Le 29 novembre 2022 le bidonville \u00ab des berges de la Garonne \u00bb, pr\u00e8s d\u2019Empalot a \u00e9t\u00e9 \u00e9vacu\u00e9 par les forces de l\u2019ordre et les services de la pr\u00e9fecture.<\/b><span style=\"font-weight: 400;\">\u00a0<\/span><\/p>\n<p><span style=\"font-weight: 400;\">Depuis le mois de novembre 2021, une centaine de personnes <\/span><span style=\"font-weight: 400;\">de nationalit\u00e9 <\/span><span style=\"font-weight: 400;\">albanaise, en demande d\u2019asile pour partie, avait trouv\u00e9 refuge <\/span><span style=\"font-weight: 400;\">\u00e0 cet endroit, subissant par deux fois la mont\u00e9e des eaux de la Garonne.<\/span><span style=\"font-weight: 400;\"> Vivaient ici essentiellement des familles avec enfants, pour la plupart en bas \u00e2ge, et des habitant.e.s souffrant de pathologies n\u00e9cessitant un suivi m\u00e9dical r\u00e9gulier. La plupart des enfants \u00e9taient scolaris\u00e9s ou en cours de scolarisation.<\/span><\/p>\n<p><span style=\"font-weight: 400;\">Le 2 novembre 2022, le tribunal administratif a ordonn\u00e9 l\u2019expulsion des habitant.e.s sous 15 jours tout en prenant acte de l&#8217;engagement de l&#8217;\u00c9tat \u00e0 ne pas expulser sans diagnostic pr\u00e9alable.\u00a0<\/span><\/p>\n<p><span style=\"font-weight: 400;\">En guise de diagnostic, les services pr\u00e9fectoraux n\u2019ont consacr\u00e9 qu\u2019une demi-journ\u00e9e seulement, le 14 novembre 2022, \u00e0 l\u2019\u00e9valuation de la situation des habitant.e.s. Il ne s\u2019agit en aucun cas d\u2019un diagnostic social adapt\u00e9 tel que pr\u00e9conis\u00e9 par la circulaire du 26 ao\u00fbt 2012 et par l\u2019instruction du gouvernement du 25 janvier 2018. Le D\u00e9fenseur des Droits a rappel\u00e9 dans une D\u00e9cision du 4 septembre 2019 que, conform\u00e9ment \u00e0 ces normes ainsi qu\u2019aux normes europ\u00e9ennes et internationales, \u201c<\/span><i><span style=\"font-weight: 400;\">Toutes les dispositions doivent e\u0302tre prises pour garantir aux familles et aux personnes isole\u0301es que leurs conditions de vie, apre\u0300s le de\u0301part de leurs abris de fortune, soient conformes au principe de dignite\u0301 humaine<\/span><\/i><span style=\"font-weight: 400;\">\u201d. Or, pour cette centaine de personnes, seul un diagnostic administratif rapide a \u00e9t\u00e9 effectu\u00e9. Il n\u2019a pas \u00e9t\u00e9 pris en compte les r\u00e9alit\u00e9s de vie et difficult\u00e9s de ces personnes.<\/span><\/p>\n<p><span style=\"font-weight: 400;\">Les menaces d\u2019expulsions exp\u00e9ditives, op\u00e9r\u00e9es depuis le 10 octobre par les services de l\u2019Etat, ont amen\u00e9 une grande partie de ces personnes \u00e0 quitter ce bidonville pr\u00e9matur\u00e9ment et \u00e0 s\u2019invisibiliser encore plus par peur d\u2019\u00eatre renvoy\u00e9es en Albanie le jour de l\u2019expulsion. L\u2019ex\u00e9cution de cette proc\u00e9dure porte atteinte \u00e0 la dignit\u00e9 humaine et \u00e0 l\u2019ensemble des droits fondamentaux. Le r\u00e9sultat de cette pr\u00e9cipitation est la pr\u00e9carisation de populations d\u00e9j\u00e0 fragiles. Elle brise ou ab\u00eeme des parcours de soins importants et met \u00e0 mal la scolarisation des jeunes enfants. Les services de la pr\u00e9fecture le savent, mais n\u2019ont pas chang\u00e9 de m\u00e9thode pour autant, malgr\u00e9 les avertissements r\u00e9p\u00e9t\u00e9s des associations.\u00a0<\/span><\/p>\n<p><span style=\"font-weight: 400;\">Ce type de proc\u00e9d\u00e9 est inadmissible quelle que soit la p\u00e9riode de l\u2019ann\u00e9e, mais il est d\u2019autant plus choquant en p\u00e9riode de tr\u00eave hivernale. Il faut souligner \u201cl\u2019ironie\u201d de la temporalit\u00e9, alors que\u00a0 <\/span><span style=\"font-weight: 400;\">Monsieur Klein, Ministre du logement, \u00e9crivait dans un courrier du 10 novembre 2022 adress\u00e9 aux pr\u00e9fets de r\u00e9gion et de d\u00e9partement : <\/span><i><span style=\"font-weight: 400;\">\u00ab Lorsque des op\u00e9rations d\u2019\u00e9vacuations de bidonvilles n\u2019ont pu \u00eatre construites en amont, vous veillerez \u00e9galement \u00e0 pr\u00e9voir syst\u00e9matiquement des solutions d\u2019h\u00e9bergement pour les enfants et leurs familles \u00bb.\u00a0 <\/span><\/i><span style=\"font-weight: 400;\">Et ce quelque soit le statut administratif des personnes.\u00a0<\/span><\/p>\n<p><span style=\"font-weight: 400;\">Par ailleurs, <\/span><span style=\"font-weight: 400;\">le 19 octobre dernier, Madame Caubel, Secr\u00e9taire d&#8217;\u00c9tat \u00e0 l&#8217;enfance et Monsieur Klein, s&#8217;engageaient \u00e0 ce que <\/span><b>plus aucun enfant ne dorme dehors cet hiver<\/b><span style=\"font-weight: 400;\">.\u00a0<\/span><\/p>\n<p><span style=\"font-weight: 400;\">Comment, au regard de ces directives minist\u00e9rielles, la pr\u00e9fecture de Haute-Garonne peut continuer \u00e0 mener ce type d\u2019expulsion ?<\/span> <span style=\"font-weight: 400;\">Il est fondamental et urgent que l\u2019Etat et les collectivit\u00e9s locales travaillent sur une r\u00e9elle strat\u00e9gie de r\u00e9sorption des bidonvilles, respectueuse des personnes et des droits fondamentaux.<\/span><\/p>\n","protected":false},"excerpt":{"rendered":"<p>Le 29 novembre 2022 le bidonville \u00ab des berges de  [&#8230;]<\/p>\n","protected":false},"author":1,"featured_media":6188,"comment_status":"closed","ping_status":"open","sticky":false,"template":"","format":"standard","meta":{"footnotes":""},"categories":[6,11],"tags":[],"class_list":["post-6187","post","type-post","status-publish","format-standard","has-post-thumbnail","hentry","category-communique","category-toulouse"],"_links":{"self":[{"href":"http:\/\/test.utopia56.org\/index.php\/wp-json\/wp\/v2\/posts\/6187","targetHints":{"allow":["GET"]}}],"collection":[{"href":"http:\/\/test.utopia56.org\/index.php\/wp-json\/wp\/v2\/posts"}],"about":[{"href":"http:\/\/test.utopia56.org\/index.php\/wp-json\/wp\/v2\/types\/post"}],"author":[{"embeddable":true,"href":"http:\/\/test.utopia56.org\/index.php\/wp-json\/wp\/v2\/users\/1"}],"replies":[{"embeddable":true,"href":"http:\/\/test.utopia56.org\/index.php\/wp-json\/wp\/v2\/comments?post=6187"}],"version-history":[{"count":0,"href":"http:\/\/test.utopia56.org\/index.php\/wp-json\/wp\/v2\/posts\/6187\/revisions"}],"wp:featuredmedia":[{"embeddable":true,"href":"http:\/\/test.utopia56.org\/index.php\/wp-json\/"}],"wp:attachment":[{"href":"http:\/\/test.utopia56.org\/index.php\/wp-json\/wp\/v2\/media?parent=6187"}],"wp:term":[{"taxonomy":"category","embeddable":true,"href":"http:\/\/test.utopia56.org\/index.php\/wp-json\/wp\/v2\/categories?post=6187"},{"taxonomy":"post_tag","embeddable":true,"href":"http:\/\/test.utopia56.org\/index.php\/wp-json\/wp\/v2\/tags?post=6187"}],"curies":[{"name":"wp","href":"https:\/\/api.w.org\/{rel}","templated":true}]}}