{"id":6123,"date":"2022-11-10T18:33:52","date_gmt":"2022-11-10T17:33:52","guid":{"rendered":"https:\/\/utopia56.org\/?p=6123"},"modified":"2022-11-10T18:33:52","modified_gmt":"2022-11-10T17:33:52","slug":"appel-a-rassemblement-en-soutien-aux-habitants-du-campement-des-berges-de-la-garonne","status":"publish","type":"post","link":"http:\/\/test.utopia56.org\/index.php\/2022\/11\/10\/appel-a-rassemblement-en-soutien-aux-habitants-du-campement-des-berges-de-la-garonne\/","title":{"rendered":"Appel \u00e0 rassemblement en soutien aux habitants du campement des berges de la Garonne"},"content":{"rendered":"<p><span style=\"font-weight: 400;\">Le 10 octobre 2022, les habitant\u00b7es du campement dit d\u2019Empalot sur les berges de la Garonne (boulevard des R\u00e9collets) ont re\u00e7u une convocation au tribunal administratif suite \u00e0 une requ\u00eate en r\u00e9f\u00e9r\u00e9 des pr\u00e9fectures de Haute-Garonne et de r\u00e9gion Occitanie. Cette requ\u00eate demandait une expulsion sous 72h des habitant.es du campement.\u00a0<\/span><\/p>\n<p><span style=\"font-weight: 400;\">Depuis novembre 2021, une centaine de personnes <\/span><span style=\"font-weight: 400;\">de nationalit\u00e9 <\/span><span style=\"font-weight: 400;\">albanaise ont trouv\u00e9 refuge <\/span><span style=\"font-weight: 400;\">sur les berges de la Garonne pr\u00e8s d\u2019Empalot.<\/span><span style=\"font-weight: 400;\"> Ce sont essentiellement des familles avec enfants, pour la plupart en bas \u00e2ge. De nombreux habitant\u00b7es souffrent de pathologies qui n\u00e9cessitent un suivi m\u00e9dical r\u00e9gulier. La plupart des enfants sont scolaris\u00e9s ou en cours de scolarisation en lien avec l\u2019association des Professeurs Relais de l\u2019\u00e9cole Saint Joseph. <\/span><span style=\"font-weight: 400;\">Ces familles essaient depuis des mois d&#8217;acc\u00e9der \u00e0 un h\u00e9bergement en appelant r\u00e9guli\u00e8rement le 115. Mais la saturation du Samu Social et des services sociaux entrave l&#8217;acc\u00e8s aux h\u00e9bergements pour les personnes les plus vuln\u00e9rables.<\/span><\/p>\n<p><b>Le tribunal administratif a, le 2 novembre 2022, ordonn\u00e9 l\u2019expulsion des habitant.es sous 15 jours tout en prenant acte de l&#8217;engagement de l&#8217;\u00c9tat \u00e0 ne pas expulser sans diagnostic pr\u00e9alable<\/b><span style=\"font-weight: 400;\">.\u00a0<\/span><\/p>\n<p><span style=\"font-weight: 400;\">Suite \u00e0 cette d\u00e9cision, une personne de la pr\u00e9fecture est pass\u00e9e sur le campement pour pr\u00e9venir les habitants que ceux ayant un r\u00e9c\u00e9piss\u00e9 de demande d&#8217;asile auront une proposition d\u2019h\u00e9bergement, mais rien pour tous.tes les autres.\u00a0<\/span><\/p>\n<p><span style=\"font-weight: 400;\">De ce fait, <\/span><b>nous consid\u00e9rons qu&#8217;aucun diagnostic social approfondi n\u2019a \u00e9t\u00e9 mis en place, et qu&#8217;un diagnostic <\/b><b>administratif <\/b><b>le seul jour de l&#8217;expulsion sera insuffisant au vu du nombre de personnes et des situations des habitant.e.s<\/b><span style=\"font-weight: 400;\">. Aussi, nous consid\u00e9rons que personne, quelle que soit sa situation administrative, ne devrait finir \u00e0 la rue. Une expulsion sans proposition de relogement ou d\u2019h\u00e9bergement adapt\u00e9e en pleine p\u00e9riode scolaire conduirait irr\u00e9m\u00e9diablement \u00e0 une pr\u00e9carisation encore plus grande, une instabilit\u00e9 pour chacune des familles pr\u00e9sentes sur le campement, et \u00e0 la cr\u00e9ation quasi imm\u00e9diate d\u2019un nouveau bidonville. L\u2019hiver approchant, nous ne pouvons concevoir que des personnes aussi vuln\u00e9rables se retrouvent sans aucun abri les prot\u00e9geant des intemp\u00e9ries et du froid.\u00a0<\/span><span style=\"font-weight: 400;\">Pourtant, le 19 octobre dernier, Madame Caubel Secr\u00e9taire d&#8217;\u00c9tat \u00e0 l&#8217;enfance et Monsieur Klein, Ministre du logement, s&#8217;engageaient \u00e0 ce que <\/span><b>plus aucun enfant ne dorme dehors cet hiver<\/b><span style=\"font-weight: 400;\">.<\/span><\/p>\n<p><span style=\"font-weight: 400;\">Nous appelons les citoyens, militants, collectifs et associations \u00e0 se rassembler<\/span><b>, lundi 14 novembre \u00e0 12H30, devant la pr\u00e9fecture pour d\u00e9noncer l\u2019expulsion s\u00e8che de ces habitant.es. <\/b><\/p>\n","protected":false},"excerpt":{"rendered":"<p>Le 10 octobre 2022, les habitant\u00b7es du campement dit d\u2019Empalot  [&#8230;]<\/p>\n","protected":false},"author":1,"featured_media":6124,"comment_status":"closed","ping_status":"open","sticky":false,"template":"","format":"standard","meta":{"footnotes":""},"categories":[17,11],"tags":[],"class_list":["post-6123","post","type-post","status-publish","format-standard","has-post-thumbnail","hentry","category-manifestation","category-toulouse"],"_links":{"self":[{"href":"http:\/\/test.utopia56.org\/index.php\/wp-json\/wp\/v2\/posts\/6123","targetHints":{"allow":["GET"]}}],"collection":[{"href":"http:\/\/test.utopia56.org\/index.php\/wp-json\/wp\/v2\/posts"}],"about":[{"href":"http:\/\/test.utopia56.org\/index.php\/wp-json\/wp\/v2\/types\/post"}],"author":[{"embeddable":true,"href":"http:\/\/test.utopia56.org\/index.php\/wp-json\/wp\/v2\/users\/1"}],"replies":[{"embeddable":true,"href":"http:\/\/test.utopia56.org\/index.php\/wp-json\/wp\/v2\/comments?post=6123"}],"version-history":[{"count":0,"href":"http:\/\/test.utopia56.org\/index.php\/wp-json\/wp\/v2\/posts\/6123\/revisions"}],"wp:featuredmedia":[{"embeddable":true,"href":"http:\/\/test.utopia56.org\/index.php\/wp-json\/"}],"wp:attachment":[{"href":"http:\/\/test.utopia56.org\/index.php\/wp-json\/wp\/v2\/media?parent=6123"}],"wp:term":[{"taxonomy":"category","embeddable":true,"href":"http:\/\/test.utopia56.org\/index.php\/wp-json\/wp\/v2\/categories?post=6123"},{"taxonomy":"post_tag","embeddable":true,"href":"http:\/\/test.utopia56.org\/index.php\/wp-json\/wp\/v2\/tags?post=6123"}],"curies":[{"name":"wp","href":"https:\/\/api.w.org\/{rel}","templated":true}]}}