{"id":6088,"date":"2022-11-07T16:16:16","date_gmt":"2022-11-07T15:16:16","guid":{"rendered":"https:\/\/utopia56.org\/?p=6088"},"modified":"2022-11-07T16:16:16","modified_gmt":"2022-11-07T15:16:16","slug":"tribune-calais-greve-de-la-faim-1-an-apres-rien-na-change","status":"publish","type":"post","link":"http:\/\/test.utopia56.org\/index.php\/2022\/11\/07\/tribune-calais-greve-de-la-faim-1-an-apres-rien-na-change\/","title":{"rendered":"Tribune &#8211; Calais, gr\u00e8ve de la faim, 1 an apr\u00e8s rien n&#8217;a chang\u00e9"},"content":{"rendered":"<p><span style=\"font-weight: 400;\">Depuis 2018, une politique dite de \u00ablutte contre les points de fixation\u00bb est men\u00e9e dans le Calaisis et le Dunkerquois. Au nom de cette politique, visant \u00e0 l\u2019\u00e9loignement de la fronti\u00e8re des personnes survivant dans des lieux de vie informels du littoral du nord de la France, le gouvernement se rend coupable de traitements inhumains et d\u00e9gradants. Cela entra\u00eene des drames que nous constatons et d\u00e9non\u00e7ons depuis des ann\u00e9es.\u00a0\u00a0<\/span><\/p>\n<p><span style=\"font-weight: 400;\">Le 11 octobre 2021, Ana\u00efs Vogel, Ludovic Holbein et le P\u00e8re Philippe Demeest\u00e8re ont cess\u00e9 de s\u2019alimenter durant plus d\u2019un mois. C\u2019\u00e9tait il y a un an. Leurs revendications \u00e9taient simples et loin d\u2019atteindre un niveau d\u2019exigence suffisant \u00e0 un accueil digne : la suspension des expulsions des lieux de vie informels, l\u2019arr\u00eat de la destruction et du vol des tentes et des affaires personnelles durant la tr\u00eave hivernale, l\u2019ouverture d\u2019un dialogue citoyen raisonn\u00e9 entre autorit\u00e9s publiques et associations non mandat\u00e9es par l\u2019\u00c9tat sur la distribution de biens de premi\u00e8re n\u00e9cessit\u00e9.<\/span><\/p>\n<p><span style=\"font-weight: 400;\">Cette action forte n\u2019a pas suffit \u00e0 interpeller les autorit\u00e9s : aucune am\u00e9lioration n\u2019a \u00e9t\u00e9 apport\u00e9e aux conditions de vie des personnes exil\u00e9es. Des mesures ont bien \u00e9t\u00e9 annonc\u00e9es M. Didier Leschi, mandat\u00e9 par le minist\u00e8re de l\u2019Int\u00e9rieur l\u2019ann\u00e9e derni\u00e8re. Inadapt\u00e9es et insuffisantes, elles n\u2019ont pas \u00e9t\u00e9 respect\u00e9es : le pr\u00e9avis de 45 minutes avant les expulsions n\u2019a jamais \u00e9t\u00e9 accord\u00e9 et le \u00ab sas \u00bb pour 300 personnes avec une orientation vers des h\u00e9bergements loin de la fronti\u00e8re britannique n\u2019est rest\u00e9 ouvert que 12 jours.<\/span><\/p>\n<p><b>Un an plus tard, les revendications des gr\u00e9vistes de la faim sont toujours d\u2019actualit\u00e9. Nous n\u2019acceptons pas que ces demandes \u00e9l\u00e9mentaires qui interpellaient la responsabilit\u00e9 premi\u00e8re du gouvernement fran\u00e7ais ne soient pas prises au s\u00e9rieux et traduites en mesures concr\u00e8tes. Au contraire, nous constatons un durcissement et une d\u00e9gradation de la situation pour les milliers de personnes bloqu\u00e9es \u00e0 la fronti\u00e8re.<\/b><\/p>\n<p><span style=\"font-weight: 400;\">Nous demandions l\u2019arr\u00eat des expulsions et du vol des affaires personnelles : entre le 1er novembre 2021 et le 30 septembre 2022, Human Rights Observers a observ\u00e9 1602 expulsions \u00e0 Calais, Grande-Synthe et Dunkerque et au moins 5135 tentes et b\u00e2ches vol\u00e9es ou d\u00e9truites.<\/span><\/p>\n<p><span style=\"font-weight: 400;\">Une loi interdit l\u2019expulsion de locataires pendant la tr\u00eave hivernale en France : Human Rights Observers a enregistr\u00e9 la saisie d\u2019au moins 1436 abris \u00e0 Calais lors de la p\u00e9riode hivernale 2021\/2022, toujours sans aucune solution d\u2019h\u00e9bergement concomitante et malgr\u00e9 des conditions m\u00e9t\u00e9orologiques tr\u00e8s dures.<\/span><\/p>\n<p><span style=\"font-weight: 400;\">Aucun dialogue raisonn\u00e9 et constructif n\u2019a \u00e9t\u00e9 instaur\u00e9 avec les autorit\u00e9s publiques sur la distribution des biens de premi\u00e8re n\u00e9cessit\u00e9 : les lieux de vie sont pour la plupart d\u00e9laiss\u00e9s par les services de l\u2019\u00c9tat et les personnes restent priv\u00e9es de leurs droits fondamentaux tels que l\u2019acc\u00e8s s\u00fbr et effectif \u00e0 l\u2019eau et \u00e0 la nourriture.<\/span><\/p>\n<p><span style=\"font-weight: 400;\">Cette insuffisance \u00e9tatique au d\u00e9triment des populations pr\u00e9caires a \u00e9t\u00e9 confirm\u00e9e par deux d\u00e9cisions de justice du Tribunal administratif de Lille le 12 octobre 2022. Il a reconnu le caract\u00e8re indispensable des activit\u00e9s des associations ind\u00e9pendantes malgr\u00e9 leurs ressources limit\u00e9es et les entraves constantes qu\u2019elles subissent. En plus de l\u2019\u00e9puisement physique et psychologique, ces conditions de non-accueil contribuent \u00e0 pr\u00e9cariser davantage ces populations bloqu\u00e9es \u00e0 la fronti\u00e8re, c\u2019est une atteinte \u00e0 la dignit\u00e9 humaine qui accentue les vuln\u00e9rabilit\u00e9s des personnes.<\/span><\/p>\n<p><b>Aujourd\u2019hui, parmi les milliers de personnes survivant dans des tentes, sans aucun point d\u2019eau fixe, avec un acc\u00e8s limit\u00e9 aux droits et aux soins et expuls\u00e9es quotidiennement, il y a des centaines de mineurs isol\u00e9s. Entour\u00e9s par des adultes, ils sont expos\u00e9s aux violences, \u00e0 l\u2019exploitation sexuelle, \u00e0 l\u2019emprise li\u00e9e aux r\u00e9seaux de passage. Dans la ville de Calais, chaque semaine, des mineurs se voient refuser une mise \u00e0 l\u2019abri la nuit, faute de place ou d\u2019un syst\u00e8me d\u00e9di\u00e9. Sans un abri et une protection, nous d\u00e9non\u00e7ons la violation de l\u2019int\u00e9r\u00eat sup\u00e9rieur de l\u2019enfant \u00e0 la fronti\u00e8re.<\/b><\/p>\n<p><span style=\"font-weight: 400;\">Le 28 octobre dernier, Emmanuel Macron \u00e9voquait avec le Premier ministre anglais, Rishi Sunak, la n\u00e9cessit\u00e9 de rendre la route de la Manche totalement impraticable pour les trafiquants d\u2019\u00eatre humains et de d\u00e9courager les travers\u00e9es mortelles. C\u2019est pourtant \u00e0 cause des politiques de plus en plus r\u00e9pressives et du manque de voies d\u2019acc\u00e8s s\u00fbres que des centaines de personnes mettent leur vie en danger chaque semaine pour rejoindre l\u2019Angleterre. Depuis janvier 2022, il y a eu plus de 40 000 travers\u00e9es dans la Manche. Les \u00e9quipes d\u2019Utopia 56 ont re\u00e7u des appels pour au moins 4 039 personnes en d\u00e9tresse, dans des bateaux de fortune.<\/span><\/p>\n<p><span style=\"font-weight: 400;\">Quand les naufrag\u00e9s, hommes, femmes, mineurs non accompagn\u00e9s et enfants sont r\u00e9cup\u00e9r\u00e9s en mer par les autorit\u00e9s, ils sont remis \u00e0 la rue sans aucune prise en charge adapt\u00e9e, sans solutions d\u2019h\u00e9bergement. Quand les naufrag\u00e9s ne sont pas r\u00e9cup\u00e9r\u00e9s en mer, ils sont port\u00e9s disparus dans la plupart des cas.<\/span><\/p>\n<p><span style=\"font-weight: 400;\">Cela fait 30 ans que cette politique de la dissuasion, y compris par la force, a pour seuls r\u00e9sultats d\u2019exacerber la souffrance humaine et de causer des morts : depuis 1999, au moins 355 personnes sont d\u00e9c\u00e9d\u00e9es \u00e0 la fronti\u00e8re littorale nord. Le 24 novembre prochain, cela fera un an depuis le naufrage o\u00f9 31 personnes exil\u00e9es ont disparu dans la Manche. D\u00e8s lors, nous appelons \u00e0 ce qu\u2019une r\u00e9ponse gouvernementale d\u00e9cente soit apport\u00e9e au plus vite afin d\u2019\u00e9viter qu\u2019un nouveau drame se produise. Nous demandons au Pr\u00e9sident de la R\u00e9publique d\u2019acc\u00e9der dans les plus brefs d\u00e9lais aux revendications port\u00e9es par les gr\u00e9vistes en 2021, afin d\u2019enfin retrouver un semblant de l\u00e9galit\u00e9 et de dignit\u00e9 \u00e0 la fronti\u00e8re Franco-Britannique.\u00a0<\/span><\/p>\n<p><em>La tribune dans <a href=\"https:\/\/www.liberation.fr\/idees-et-debats\/tribunes\/migrants-du-calaisis-depuis-un-an-rien-nest-fait-pour-aider-les-exiles-20221107_FKLJB5MKV5CVZO7OW6R7VXGODM\/\">Lib\u00e9ration<\/a><\/em><\/p>\n<p><strong>Signataires :\u00a0<\/strong><\/p>\n<p><span style=\"font-weight: 400;\">ADRA Dunkerque, Anais Vogel, Ludovic Holbein, ADRA Dunkerque, AMiS, Auberge des Migrants, Bethlehem, Calais Food Collective, Collective Aid, Emma\u00fcs Dunkerque, FAST, Human Rights Observers, LDH Dunkerque M\u00e9decins du Monde, MRAP Littoral Dunkerquois, Roots, Refugees Women Center, SAVE, Secours Catholique-Caritas France et Secours Catholique Pas-de-Calais, Terre d&#8217;errance Norrent Fontes, Utopia 56<\/span><\/p>\n","protected":false},"excerpt":{"rendered":"<p>Depuis 2018, une politique dite de \u00ablutte contre les points  [&#8230;]<\/p>\n","protected":false},"author":1,"featured_media":6089,"comment_status":"closed","ping_status":"open","sticky":false,"template":"","format":"standard","meta":{"footnotes":""},"categories":[18,12],"tags":[],"class_list":["post-6088","post","type-post","status-publish","format-standard","has-post-thumbnail","hentry","category-article","category-calais"],"_links":{"self":[{"href":"http:\/\/test.utopia56.org\/index.php\/wp-json\/wp\/v2\/posts\/6088","targetHints":{"allow":["GET"]}}],"collection":[{"href":"http:\/\/test.utopia56.org\/index.php\/wp-json\/wp\/v2\/posts"}],"about":[{"href":"http:\/\/test.utopia56.org\/index.php\/wp-json\/wp\/v2\/types\/post"}],"author":[{"embeddable":true,"href":"http:\/\/test.utopia56.org\/index.php\/wp-json\/wp\/v2\/users\/1"}],"replies":[{"embeddable":true,"href":"http:\/\/test.utopia56.org\/index.php\/wp-json\/wp\/v2\/comments?post=6088"}],"version-history":[{"count":0,"href":"http:\/\/test.utopia56.org\/index.php\/wp-json\/wp\/v2\/posts\/6088\/revisions"}],"wp:featuredmedia":[{"embeddable":true,"href":"http:\/\/test.utopia56.org\/index.php\/wp-json\/"}],"wp:attachment":[{"href":"http:\/\/test.utopia56.org\/index.php\/wp-json\/wp\/v2\/media?parent=6088"}],"wp:term":[{"taxonomy":"category","embeddable":true,"href":"http:\/\/test.utopia56.org\/index.php\/wp-json\/wp\/v2\/categories?post=6088"},{"taxonomy":"post_tag","embeddable":true,"href":"http:\/\/test.utopia56.org\/index.php\/wp-json\/wp\/v2\/tags?post=6088"}],"curies":[{"name":"wp","href":"https:\/\/api.w.org\/{rel}","templated":true}]}}