{"id":6002,"date":"2022-10-20T13:14:56","date_gmt":"2022-10-20T11:14:56","guid":{"rendered":"https:\/\/utopia56.org\/?p=6002"},"modified":"2022-10-20T13:14:56","modified_gmt":"2022-10-20T11:14:56","slug":"annulation-des-arretes-prefectoraux-une-victoire-pour-la-solidarite-a-calais","status":"publish","type":"post","link":"http:\/\/test.utopia56.org\/index.php\/2022\/10\/20\/annulation-des-arretes-prefectoraux-une-victoire-pour-la-solidarite-a-calais\/","title":{"rendered":"Annulation des arr\u00eat\u00e9s pr\u00e9fectoraux &#8211; Une victoire pour la solidarit\u00e9 \u00e0 Calais"},"content":{"rendered":"<p><span style=\"font-weight: 400;\">Par une d\u00e9cision prise le 12 octobre, le tribunal administratif de Lille a<strong> annul\u00e9 trois des arr\u00eat\u00e9s pr\u00e9fectoraux interdisant les distributions gratuites de repas et d\u2019eau<\/strong> \u00e0 certains endroits de Calais et de ses alentours. Il s\u2019agit d\u2019une victoire pour les acteur.ice.s solidaires des personnes en situation d\u2019exil \u00e0 la fronti\u00e8re franco-britannique.\u00a0<\/span><\/p>\n<p><span style=\"font-weight: 400;\">Cette d\u00e9cision qui selon notre avocat M. Patrice Spinosi <strong>\u201cest un pr\u00e9c\u00e9dent d\u00e9terminant\u201d<\/strong>,\u00a0 portait sur les arr\u00eat\u00e9s concernant la p\u00e9riode du 1er octobre au 12 janvier 2020, ils ont \u00e9t\u00e9 renouvel\u00e9s quasiment tous les mois jusqu\u2019en septembre 2022. A travers eux, ce sont entre <strong>300 et 1500 personnes en situation d\u2019exil bloqu\u00e9es \u00e0 la fronti\u00e8re qui sont cibl\u00e9es au quotidien<\/strong> et parmi elles, des mineurs non accompagn\u00e9s, des familles, des femmes seules et des hommes isol\u00e9\u00b7es en situation particuli\u00e8rement pr\u00e9caires.\u00a0<\/span><\/p>\n<p><span style=\"font-weight: 400;\">Les lieux de vie vis\u00e9s sont pour la plupart <strong>d\u00e9laiss\u00e9s par les services de l\u2019\u00c9tat<\/strong> et l\u2019acc\u00e8s \u00e0 l\u2019eau et \u00e0 la nourriture n\u2019est rendu possible que par l\u2019engagement de structures ind\u00e9pendantes qui agissent malgr\u00e9 la limite de leurs ressources et la r\u00e9pression accrue qu\u2019elles connaissent.\u00a0<\/span><\/p>\n<p><span style=\"font-weight: 400;\">Par sa d\u00e9cision, le Tribunal administratif reconna\u00eet que \u201c<\/span><i><span style=\"font-weight: 400;\">Les distributions assur\u00e9es par l\u2019Etat sont <strong>quantitativement insuffisantes <\/strong><\/span><\/i><span style=\"font-weight: 400;\">\u201d quelque soit le nombre de personnes d\u00e9pendantes de ces distributions et que les arr\u00eat\u00e9s n\u2019ont pour seul effet que \u201c <\/span><strong><i>de compliquer consid\u00e9rablement la possibilit\u00e9 pour ces populations pr\u00e9caires d\u2019acc\u00e9der, \u00e0 des distances raisonnables de leurs lieux de vies qui soient compatibles avec la pr\u00e9carit\u00e9 de leurs conditions, \u00e0 des biens de premi\u00e8re n\u00e9cessit\u00e9 <\/i><\/strong><span style=\"font-weight: 400;\">\u201d.\u00a0<\/span><\/p>\n<p><span style=\"font-weight: 400;\">Il s\u2019agit d\u2019une avanc\u00e9e pour la reconnaissance du <\/span><b>caract\u00e8re indispensable des activit\u00e9s des associations ind\u00e9pendantes tant que l\u2019Etat n\u2019assurera pas les services essentiels de distributions d\u2019eau et de nourriture <\/b><span style=\"font-weight: 400;\">aux personnes exil\u00e9es bloqu\u00e9es \u00e0 la fronti\u00e8re.\u00a0<\/span><\/p>\n<p><span style=\"font-weight: 400;\">Ces arr\u00eat\u00e9s ne sont qu\u2019un des nombreux outils utilis\u00e9s par la Pr\u00e9fecture pour <strong>entraver les activit\u00e9s des personnes solidaires \u00e0 la fronti\u00e8re.<\/strong> Entre janvier et ao\u00fbt 2022, Human Rights Observers a enregistr\u00e9 215 formes d\u2019intimidation de la part des autorit\u00e9s envers les acteur.ice.s solidaires \u00e0 Calais incluant les \u00e9loignements forc\u00e9s des lieux de vie des b\u00e9n\u00e9voles, des contr\u00f4les d\u2019identit\u00e9, les fouilles de v\u00e9hicules, les demandes d\u2019arr\u00eat de distribution pour la plupart justifi\u00e9es par les arr\u00eat\u00e9s pr\u00e9fectoraux. A titre d\u2019exemple, le Calais Food Collective a re\u00e7u plus de 1500 euros d\u2019amendes sur leurs v\u00e9hicules depuis 2022 \u00e0 l\u2019occasion de leurs activit\u00e9s de distribution d\u2019eau et de nourriture des personnes dans le besoin.\u00a0<\/span><\/p>\n<p><span style=\"font-weight: 400;\">Par ces mesures, <strong>l\u2019\u00c9tat cherche \u00e0 faire perdurer le harc\u00e8lement des personnes exil\u00e9es pr\u00e9sentes \u00e0 Calais et ses alentours,<\/strong> d\u00e9grader leurs conditions de vie et les dissuader de rester dans la ville et sur le littoral. Aujourd\u2019hui, les conditions de \u00ab non-accueil \u00bb ont des effets concrets sur la sant\u00e9 des personnes, dont la sant\u00e9 psychique, cela atteint \u00e0 la dignit\u00e9 humaine et accentue les vuln\u00e9rabilit\u00e9s des personnes.<\/span><\/p>\n<p><span style=\"font-weight: 400;\"><strong>Cette victoire est tr\u00e8s importante<\/strong> pour tout ce que ces arr\u00eat\u00e9s ont repr\u00e9sent\u00e9 \u00e0 Calais : l<strong>\u2019entrave \u00e0 la solidarit\u00e9, l\u2019emp\u00eachement d\u2019un acc\u00e8s minimal au droit et aux services de premi\u00e8res n\u00e9cessit\u00e9s pour les personnes exil\u00e9es et leur criminalisation et celle de leurs alli\u00e9.e.s.\u00a0<\/strong><\/span><\/p>\n<p><span style=\"font-weight: 400;\">Nous demandons aux autorit\u00e9s de <strong>mettre en place des conditions d\u2019accueil<\/strong> des personnes exil\u00e9es <strong>dignes et humaines<\/strong> et nous continuerons \u00e0 d\u00e9noncer la <strong>violence institutionnelle et les politiques de non-accueil \u00e0 la fronti\u00e8re franco-britannique.<\/strong><\/span><\/p>\n<p><b>Signataires<\/b><span style=\"font-weight: 400;\"> :\u00a0<\/span><\/p>\n<p><span style=\"font-weight: 400;\">Auberge des Migrants, Calais Food Collective, La Cimade, Collective Aid, Emma\u00fcs France, Fondation Abb\u00e9 Pierre, Human Rights Observers, LDH France, M\u00e9decins du Monde, Refugee Women Center, Salam Nord\/Pas-de-Calais, Secours Catholique Caritas France et Secours catholique &#8211; d\u00e9l\u00e9gation du Pas-de-Calais, Utopia 56, Woodyard<\/span><\/p>\n","protected":false},"excerpt":{"rendered":"<p>Par une d\u00e9cision prise le 12 octobre, le tribunal administratif  [&#8230;]<\/p>\n","protected":false},"author":1,"featured_media":6003,"comment_status":"closed","ping_status":"open","sticky":false,"template":"","format":"standard","meta":{"footnotes":""},"categories":[12,6],"tags":[],"class_list":["post-6002","post","type-post","status-publish","format-standard","has-post-thumbnail","hentry","category-calais","category-communique"],"_links":{"self":[{"href":"http:\/\/test.utopia56.org\/index.php\/wp-json\/wp\/v2\/posts\/6002","targetHints":{"allow":["GET"]}}],"collection":[{"href":"http:\/\/test.utopia56.org\/index.php\/wp-json\/wp\/v2\/posts"}],"about":[{"href":"http:\/\/test.utopia56.org\/index.php\/wp-json\/wp\/v2\/types\/post"}],"author":[{"embeddable":true,"href":"http:\/\/test.utopia56.org\/index.php\/wp-json\/wp\/v2\/users\/1"}],"replies":[{"embeddable":true,"href":"http:\/\/test.utopia56.org\/index.php\/wp-json\/wp\/v2\/comments?post=6002"}],"version-history":[{"count":0,"href":"http:\/\/test.utopia56.org\/index.php\/wp-json\/wp\/v2\/posts\/6002\/revisions"}],"wp:featuredmedia":[{"embeddable":true,"href":"http:\/\/test.utopia56.org\/index.php\/wp-json\/"}],"wp:attachment":[{"href":"http:\/\/test.utopia56.org\/index.php\/wp-json\/wp\/v2\/media?parent=6002"}],"wp:term":[{"taxonomy":"category","embeddable":true,"href":"http:\/\/test.utopia56.org\/index.php\/wp-json\/wp\/v2\/categories?post=6002"},{"taxonomy":"post_tag","embeddable":true,"href":"http:\/\/test.utopia56.org\/index.php\/wp-json\/wp\/v2\/tags?post=6002"}],"curies":[{"name":"wp","href":"https:\/\/api.w.org\/{rel}","templated":true}]}}