{"id":5980,"date":"2022-10-14T17:31:46","date_gmt":"2022-10-14T15:31:46","guid":{"rendered":"https:\/\/utopia56.org\/?p=5980"},"modified":"2022-10-14T17:31:46","modified_gmt":"2022-10-14T15:31:46","slug":"risque-dexpulsion-imminente-des-familles-du-campement-des-berges-de-la-garonne","status":"publish","type":"post","link":"http:\/\/test.utopia56.org\/index.php\/2022\/10\/14\/risque-dexpulsion-imminente-des-familles-du-campement-des-berges-de-la-garonne\/","title":{"rendered":"Risque d&#8217;expulsion imminente des familles du campement des berges de la Garonne"},"content":{"rendered":"<p><b>Appel \u00e0 rassemblement &#8211; Mardi 18 octobre 2022- 10h00 &#8211; <\/b>Tribunal Administratif de Toulouse<\/p>\n<p><span style=\"font-weight: 400;\">Le 10 octobre 2022, les habitant\u00b7es du campement sur les berges de la Garonne (boulevard des R\u00e9collets) ont re\u00e7u une convocation au tribunal administratif suite \u00e0 une requ\u00eate en r\u00e9f\u00e9r\u00e9 des pr\u00e9fectures de Haute-Garonne et de r\u00e9gion Occitanie. L\u2019audience doit avoir lieu le mardi 18 octobre 2022, date \u00e0 compter de laquelle, si le jugement va dans le sens des requ\u00e9rants, ils et elles auront 72h00 pour quitter les lieux. Or, aucun diagnostic social ni aucune proposition de relogement n\u2019a \u00e9t\u00e9 faite, contrairement \u00e0 ce que pr\u00e9voit l\u2019instruction du 25 janvier 2018 sur la r\u00e9sorption des bidonvilles.\u00a0<\/span><\/p>\n<p><span style=\"font-weight: 400;\">Depuis novembre 2021, des dizaines de personnes albanaises ont trouv\u00e9 refuge au sein de ce campement. Ils et elles sont maintenant plus de 100, essentiellement des familles avec enfants. De nombreux habitant\u00b7es souffrent de pathologies qui n\u00e9cessitent un suivi m\u00e9dical r\u00e9gulier. 19 enfants sont scolaris\u00e9s et 6 en attente d\u2019affectation en lien avec les Professeurs Relais de l\u2019\u00e9cole Saint Joseph.<\/span><\/p>\n<p><span style=\"font-weight: 400;\">La requ\u00eate demandant l\u2019expulsion est justifi\u00e9e par les potentielles crues \u00e0 venir, des travaux de r\u00e9fection de la berge et des conditions jug\u00e9es insalubres sur le campement. Si nous, associations intervenant sur ce bidonville, ne pouvons remettre en question les motifs avanc\u00e9s, nous ne pouvons que d\u00e9plorer leur utilisation et les circonstances dans lesquelles une \u00e9ventuelle expulsion pourrait avoir lieu.<\/span><\/p>\n<p><span style=\"font-weight: 400;\">La pr\u00e9fecture justifie l\u2019urgence de l\u2019expulsion et donc la saisine du juge des r\u00e9f\u00e9r\u00e9s par la pr\u00e9sence \u00e0 proximit\u00e9 du fleuve et la mise en danger des personnes en cas de crue. <\/span><span style=\"font-weight: 400;\">Or, deux crues ont eu lieu depuis l\u2019installation de ce campement : le 10 d\u00e9cembre 2021 puis, \u00e0 nouveau le 10 janvier 2022. Dans les deux cas aucune disposition n\u2019a \u00e9t\u00e9 prise par les pouvoirs publics, malgr\u00e9 la mise en danger av\u00e9r\u00e9e des personnes sur ce m\u00eame lieu.\u00a0<\/span><\/p>\n<p><span style=\"font-weight: 400;\">Concernant la salubrit\u00e9, les associations ont, \u00e0 plusieurs reprises, fait une demande de mise \u00e0 disposition de bennes permettant de garder les lieux propres sans qu\u2019aucune r\u00e9ponse satisfaisante ne soit apport\u00e9e.\u00a0<\/span><\/p>\n<p><b>Si des recensements ont pu avoir lieu, aucune \u00e9valuation sociale adapt\u00e9e <\/b><b>n\u2019a \u00e9t\u00e9 faite sur ce campement abritant pourtant un public d\u00e9j\u00e0 vuln\u00e9rable et pr\u00e9caire.\u00a0<\/b><\/p>\n<p><span style=\"font-weight: 400;\">De par leur vuln\u00e9rabilit\u00e9, les habitant.es du campement, dont certain\u00b7es sont en situation de demande d\u2019asile, devraient b\u00e9n\u00e9ficier d\u2019un h\u00e9bergement de l\u2019OFII ou du 115. Ces institutions ont \u00e9t\u00e9 interpell\u00e9es \u00e0 maintes reprises sans qu\u2019aucune prise en charge adapt\u00e9e n\u2019ait pu aboutir.\u00a0<\/span><\/p>\n<p><span style=\"font-weight: 400;\">Une expulsion sans proposition de relogement adapt\u00e9e en pleine p\u00e9riode scolaire conduirait irr\u00e9m\u00e9diablement \u00e0 une pr\u00e9carisation encore plus grande,\u00a0 une instabilit\u00e9 pour chacune des familles pr\u00e9sentes sur le campement et \u00e0 la cr\u00e9ation quasi imm\u00e9diate d\u2019un nouveau bidonville.\u00a0<\/span><\/p>\n<p><span style=\"font-weight: 400;\">L\u2019hiver approchant, nous ne pouvons concevoir que des personnes aussi vuln\u00e9rables se retrouvent sans aucun abri les prot\u00e9geant des intemp\u00e9ries et du froid.<\/span><\/p>\n<p><span style=\"font-weight: 400;\">Des \u00e9valuations sociales, d\u00e9j\u00e0 mises en place depuis d\u00e9cembre 2021 par les pr\u00e9fectures et la m\u00e9tropole de Toulouse dans les bidonvilles dit d\u2019Atlanta et de Gironis, sont r\u00e9alisables. Nous demandons \u00e0 ce qu&#8217;elles soient \u00e9galement appliqu\u00e9es au campement des berges de la Garonne.\u00a0<\/span><\/p>\n<p><span style=\"font-weight: 400;\">Nous appelons les citoyens, militants, collectifs et associations \u00e0 se rassembler devant le <\/span><span style=\"font-weight: 400;\">Tribunal Administratif\u00a0 le mardi 18 octobre \u00e0 10H afin de demander un <\/span><b>report d\u2019expulsion et qu\u2019une \u00e9valuation pr\u00e9cise de la situation de chacun\u00b7e soit faite et que des solutions de relogements p\u00e9rennes et adapt\u00e9es soient propos\u00e9es pour toutes ces familles.<\/b><\/p>\n<p><em>Signataires :<\/em> DAL 31, M\u00e9decins du Monde d\u00e9l\u00e9gation Midi-Pyr\u00e9n\u00e9es, Utopia 56<\/p>\n","protected":false},"excerpt":{"rendered":"<p>Appel \u00e0 rassemblement &#8211; Mardi 18 octobre 2022- 10h00 &#8211;  [&#8230;]<\/p>\n","protected":false},"author":1,"featured_media":5981,"comment_status":"closed","ping_status":"open","sticky":false,"template":"","format":"standard","meta":{"footnotes":""},"categories":[28,17,11],"tags":[],"class_list":["post-5980","post","type-post","status-publish","format-standard","has-post-thumbnail","hentry","category-antenne","category-manifestation","category-toulouse"],"_links":{"self":[{"href":"http:\/\/test.utopia56.org\/index.php\/wp-json\/wp\/v2\/posts\/5980","targetHints":{"allow":["GET"]}}],"collection":[{"href":"http:\/\/test.utopia56.org\/index.php\/wp-json\/wp\/v2\/posts"}],"about":[{"href":"http:\/\/test.utopia56.org\/index.php\/wp-json\/wp\/v2\/types\/post"}],"author":[{"embeddable":true,"href":"http:\/\/test.utopia56.org\/index.php\/wp-json\/wp\/v2\/users\/1"}],"replies":[{"embeddable":true,"href":"http:\/\/test.utopia56.org\/index.php\/wp-json\/wp\/v2\/comments?post=5980"}],"version-history":[{"count":0,"href":"http:\/\/test.utopia56.org\/index.php\/wp-json\/wp\/v2\/posts\/5980\/revisions"}],"wp:featuredmedia":[{"embeddable":true,"href":"http:\/\/test.utopia56.org\/index.php\/wp-json\/"}],"wp:attachment":[{"href":"http:\/\/test.utopia56.org\/index.php\/wp-json\/wp\/v2\/media?parent=5980"}],"wp:term":[{"taxonomy":"category","embeddable":true,"href":"http:\/\/test.utopia56.org\/index.php\/wp-json\/wp\/v2\/categories?post=5980"},{"taxonomy":"post_tag","embeddable":true,"href":"http:\/\/test.utopia56.org\/index.php\/wp-json\/wp\/v2\/tags?post=5980"}],"curies":[{"name":"wp","href":"https:\/\/api.w.org\/{rel}","templated":true}]}}