{"id":5944,"date":"2022-10-03T18:04:20","date_gmt":"2022-10-03T16:04:20","guid":{"rendered":"https:\/\/utopia56.org\/?p=5944"},"modified":"2022-10-03T18:04:20","modified_gmt":"2022-10-03T16:04:20","slug":"manifestation-5-octobre-mineur-es-isole-es-protegez-les","status":"publish","type":"post","link":"http:\/\/test.utopia56.org\/index.php\/2022\/10\/03\/manifestation-5-octobre-mineur-es-isole-es-protegez-les\/","title":{"rendered":"Manifestation 5 octobre &#8211; Mineur\u00b7es isol\u00e9\u00b7es, prot\u00e9gez les !"},"content":{"rendered":"<p><span style=\"font-weight: 400;\">Partout en France, des associations et collectifs se mobilisent au quotidien au c\u00f4t\u00e9 des jeunes en recours de minorit\u00e9 pour faire valoir leurs droits et tenter de les sortir de l\u2019errance impos\u00e9e par l\u2019\u00c9tat et les d\u00e9partements. Ce mercredi 5 octobre, \u00e0 l\u2019appel d\u2019Utopia 56, dans plusieurs villes, une manifestation nationale aura lieu pour faire entendre leurs voix et tenter d\u2019ouvrir un dialogue avec les autorit\u00e9s locales et nationales.<\/span><\/p>\n<p><span style=\"font-weight: 400;\">Chaque jour, des jeunes, venus de C\u00f4te d\u2019Ivoire, du Mali, d\u2019Afghanistan et d\u2019ailleurs, arriv\u00e9.es en France sans parent, ni repr\u00e9sentant l\u00e9gal sont remis \u00e0 la rue par les D\u00e9partements suite \u00e0 une \u00e9valuation souvent exp\u00e9ditive et \u00e0 charge. Sans aucunes autres ressources que celles apport\u00e9es par les associations. Ils et elles ont pouss\u00e9.es \u00e0 l\u2019errance, victimes de la violence de la rue et stigmatis\u00e9.es par les autorit\u00e9s publiques.<\/span><\/p>\n<p><span style=\"font-weight: 400;\">En d\u00e9pit des nombreuses interpellations faites \u00e0 l\u2019\u00c9tat et aux D\u00e9partements \u00e0 Paris, Toulouse, Lyon, Marseille et dans de nombreuses villes de France aucune solution adapt\u00e9e n\u2019est propos\u00e9e \u00e0 ces jeunes qui, le temps de leur recours devant le juge des enfants, se retrouvent, pour 73% d\u2019entre eux remis \u00e0 la rue (<\/span><i><span style=\"font-weight: 400;\">selon les chiffres de l\u2019\u00e9tat des lieux fait par le collectif d\u2019associations \u201cJeunes Exil\u00e9s en Danger\u201d dans 22 D\u00e9partements de France<\/span><\/i><span style=\"font-weight: 400;\">).<\/span><\/p>\n<p><span style=\"font-weight: 400;\">Suite a\u0300 une saisine du comite\u0301 des droits de l\u2019enfant de l\u2019ONU par 5 organisations, <\/span><b>une enque\u0302te a e\u0301te\u0301 ouverte<\/b><span style=\"font-weight: 400;\">. Elle a vocation a\u0300 e\u0301tablir la re\u0301alite\u0301 sur le traitement des mineur\u00b7es isole\u0301\u00b7es par la France, de\u0301ja\u0300 plusieurs fois condamne\u0301e par la Cour Europe\u0301enne des Droits de l\u2019Homme pour ses manquements. C<\/span><span style=\"font-weight: 400;\">ette situation est \u00e9galement d\u00e9nonc\u00e9e par 80 associations dans toute la France, au travers d\u2019une <\/span><a href=\"https:\/\/utopia56.org\/mineures-et-mineurs-en-danger-a-la-rue-il-est-urgent-de-les-proteger\/\"><span style=\"font-weight: 400;\">tribune<\/span><\/a><span style=\"font-weight: 400;\"> adress\u00e9e aux d\u00e9put\u00e9s.<\/span><\/p>\n<p><span style=\"font-weight: 400;\">Pour mettre fin \u00e0 ces traitement indignes nous, associations, collectifs et militants, demandons :<\/span><\/p>\n<p><span style=\"font-weight: 400;\">\u00a0\u00a0<\/span><span style=\"font-weight: 400;\">Aux d\u00e9partements :<\/span><\/p>\n<ul>\n<li style=\"font-weight: 400;\" aria-level=\"1\"><span style=\"font-weight: 400;\">La remise en question structurelle des dispositifs d\u2019\u00e9valuations et la fin des examens \u00e0 charge\u00a0\u00a0<\/span><\/li>\n<li style=\"font-weight: 400;\" aria-level=\"1\"><span style=\"font-weight: 400;\">La mise \u00e0 l\u2019abri imm\u00e9diate et adapt\u00e9e de tout\u00b7e jeune isol\u00e9\u00b7e se pr\u00e9sentant comme mineur\u00b7e<\/span><\/li>\n<li style=\"font-weight: 400;\" aria-level=\"1\"><span style=\"font-weight: 400;\">La maintien de la prise en charge au-del\u00e0 de 18 ans si la situation l\u2019exige\u00a0<\/span><\/li>\n<\/ul>\n<p><span style=\"font-weight: 400;\">Au gouvernement :<\/span><\/p>\n<ul>\n<li style=\"font-weight: 400;\" aria-level=\"1\"><span style=\"font-weight: 400;\">La reconnaissance et le respect de la pr\u00e9somption de minorit\u00e9, de l\u2019int\u00e9r\u00eat sup\u00e9rieur de l\u2019enfant et du droit au recours effectif<\/span><\/li>\n<li style=\"font-weight: 400;\" aria-level=\"1\"><span style=\"font-weight: 400;\">La respect du droit des mineur\u00b7es \u00e0 b\u00e9n\u00e9ficier d\u2019une prise en charge globale et adapt\u00e9e leur permettant d\u2019acc\u00e9der \u00e0 l\u2019ensemble de leurs droits fondamentaux<\/span><\/li>\n<\/ul>\n<p><span style=\"font-weight: 400;\">Nous invitons les citoyen.nes \u00e0 nous rejoindre pour enfin pouvoir ouvrir un dialogue avec les autorit\u00e9s.<\/span><\/p>\n<p>&nbsp;<\/p>\n<ul>\n<li><b>\u00c0 Bobigny<\/b><span style=\"font-weight: 400;\"> : D\u00e9part 14h00 : P\u00f4le \u00e9valuation des mineurs 93 de Bobigny (<\/span><span style=\"font-weight: 400;\">m\u00e9tro Bobigny Pablo Picasso L5 &#8211; 1 \u00e0 5 rue Benoit Frachon)<\/span><\/li>\n<li><b>\u00c0 Rennes<\/b><span style=\"font-weight: 400;\"> : D\u00e9part 16h30 : Esplanade Charles de Gaulle\u00a0<\/span><\/li>\n<li><b>\u00c0 Tours <\/b><span style=\"font-weight: 400;\">: D\u00e9part 15h00 : Si\u00e8ge du conseil d\u00e9partemental d\u2019Indre-et-Loire &#8211; 18 place de la pr\u00e9fecture, Tours<\/span><\/li>\n<li><b>\u00c0 Lille : <\/b><span style=\"font-weight: 400;\">17h00 : Place de la R\u00e9publique, Lille\u00a0<\/span><\/li>\n<li><b>\u00c0 Bordeaux<\/b><span style=\"font-weight: 400;\"> : 18h00 : Place Pey Berland<\/span><\/li>\n<li><b>\u00c0 Lyon <\/b><span style=\"font-weight: 400;\">: 16h00 \u00e0 20h : Esplanade de la Grande C\u00f4te, Lyon<\/span><\/li>\n<li><b>\u00c0 Metz<\/b><span style=\"font-weight: 400;\"> : Conf\u00e9rence de presse et sensibilisation de la population<\/span><\/li>\n<li><b>\u00c0 Nantes<\/b><span style=\"font-weight: 400;\"> : <\/span><span style=\"font-weight: 400;\">13h30 : Pr\u00e9fecture de Nantes, 6 quai Ceineray<\/span><span style=\"font-weight: 400;\"> RESF 44 et Patrons Solidaires<\/span><\/li>\n<li><b>\u00c0 Poitiers<\/b><span style=\"font-weight: 400;\"> : 18h00 : Place Alphonse Lepetit (ancien Palais de Justice)<\/span><\/li>\n<li><b>\u00c0 Saint-Etienne<\/b><span style=\"font-weight: 400;\"> :14h45 : Kiosque place Jean Jaur\u00e8s, Saint-Etienne<\/span><\/li>\n<\/ul>\n<p>&nbsp;<\/p>\n","protected":false},"excerpt":{"rendered":"<p>Partout en France, des associations et collectifs se mobilisent au  [&#8230;]<\/p>\n","protected":false},"author":1,"featured_media":5946,"comment_status":"closed","ping_status":"open","sticky":false,"template":"","format":"standard","meta":{"footnotes":""},"categories":[12,14,13,17,7,10,9],"tags":[],"class_list":["post-5944","post","type-post","status-publish","format-standard","has-post-thumbnail","hentry","category-calais","category-grande-synthe","category-lille","category-manifestation","category-paris","category-rennes","category-tours"],"_links":{"self":[{"href":"http:\/\/test.utopia56.org\/index.php\/wp-json\/wp\/v2\/posts\/5944","targetHints":{"allow":["GET"]}}],"collection":[{"href":"http:\/\/test.utopia56.org\/index.php\/wp-json\/wp\/v2\/posts"}],"about":[{"href":"http:\/\/test.utopia56.org\/index.php\/wp-json\/wp\/v2\/types\/post"}],"author":[{"embeddable":true,"href":"http:\/\/test.utopia56.org\/index.php\/wp-json\/wp\/v2\/users\/1"}],"replies":[{"embeddable":true,"href":"http:\/\/test.utopia56.org\/index.php\/wp-json\/wp\/v2\/comments?post=5944"}],"version-history":[{"count":0,"href":"http:\/\/test.utopia56.org\/index.php\/wp-json\/wp\/v2\/posts\/5944\/revisions"}],"wp:featuredmedia":[{"embeddable":true,"href":"http:\/\/test.utopia56.org\/index.php\/wp-json\/"}],"wp:attachment":[{"href":"http:\/\/test.utopia56.org\/index.php\/wp-json\/wp\/v2\/media?parent=5944"}],"wp:term":[{"taxonomy":"category","embeddable":true,"href":"http:\/\/test.utopia56.org\/index.php\/wp-json\/wp\/v2\/categories?post=5944"},{"taxonomy":"post_tag","embeddable":true,"href":"http:\/\/test.utopia56.org\/index.php\/wp-json\/wp\/v2\/tags?post=5944"}],"curies":[{"name":"wp","href":"https:\/\/api.w.org\/{rel}","templated":true}]}}