{"id":5813,"date":"2022-09-16T16:37:52","date_gmt":"2022-09-16T14:37:52","guid":{"rendered":"https:\/\/utopia56.org\/?p=5813"},"modified":"2022-09-16T16:37:52","modified_gmt":"2022-09-16T14:37:52","slug":"interdiction-des-distributions-deau-et-de-repas-a-calais-13-requerants-face-aux-arretes-prefectoraux-a-calais","status":"publish","type":"post","link":"http:\/\/test.utopia56.org\/index.php\/2022\/09\/16\/interdiction-des-distributions-deau-et-de-repas-a-calais-13-requerants-face-aux-arretes-prefectoraux-a-calais\/","title":{"rendered":"Interdiction des distributions d\u2019eau et de repas \u00e0 Calais &#8211; 13 Requ\u00e9rants face aux arr\u00eat\u00e9s pr\u00e9fectoraux."},"content":{"rendered":"<p><span style=\"font-weight: 400;\">Plus de deux ans apr\u00e8s la publication du premier arr\u00eat\u00e9 pr\u00e9fectoral <strong>interdisant les distributions gratuites<\/strong> de repas et d\u2019eau \u00e0 Calais, se tiendra le 20 septembre 2022 prochain au Tribunal Administratif de Lille, <strong>une audience suite aux recours en annulation contre ces arr\u00eat\u00e9s<\/strong>. Nos 13 associations, syndicats et fondations en soutien des personnes exil\u00e9es, accompagn\u00e9.es du cabinet Spinosi, d\u00e9fendront lors de cette audience le <strong>principe de fraternit\u00e9 et le droit \u00e0 apporter une aide humanitaire aux personnes dont la vie en d\u00e9pend.<\/strong><\/span><\/p>\n<p><span style=\"font-weight: 400;\">Depuis septembre 2020, par arr\u00eat\u00e9 et ce chaque mois, la pr\u00e9fecture va \u00e0 l\u2019encontre du principe de fraternit\u00e9 et exerce une entrave importante \u00e0 l\u2019aide humanitaire pourtant n\u00e9cessaire \u00e0 ces personnes dans le besoin. Si une \u00ab tr\u00eave \u00bb a bien eu lieu entre mai 2022 et ao\u00fbt 2022, la machine r\u00e9pressive de la pr\u00e9fecture a repris en ao\u00fbt dernier avec un nouvel arr\u00eat\u00e9 ciblant d\u00e9sormais quatre quais en centre-ville.\u00a0<\/span><\/p>\n<p><span style=\"font-weight: 400;\">Les lieux vis\u00e9s ne font l\u2019objet d\u2019<strong>aucune aide des services de l\u2019\u00c9tat<\/strong>, seules les associations ind\u00e9pendantes y interviennent. La vie de plus d\u2019une centaine de personnes exil\u00e9es parmi lesquelles des mineurs non accompagn\u00e9s, des familles, des femmes isol\u00e9es et des hommes seuls d\u00e9pend donc des distributions en eau et nourriture desdites associations.\u00a0<\/span><\/p>\n<p><span style=\"font-weight: 400;\">Face \u00e0 l\u2019urgence du non-acc\u00e8s \u00e0 l\u2019eau, les arr\u00eat\u00e9s pr\u00e9fectoraux restent un outil d\u2019<strong>entrave \u00e0 la solidarit\u00e9<\/strong> parmi d\u2019autres. Aussi en d\u00e9pit du dernier arr\u00eat\u00e9 pr\u00e9fectoral, affirmant la pr\u00e9sence de points d\u2019eau en nombre suffisant pour satisfaire les besoins des personnes survivant \u00e0 la rue \u00e0 Calais, l\u2019association Salam Nord\/Pas-de-Calais, qui distribue petits-d\u00e9jeuners et eau potable tous les matins \u00e0 proximit\u00e9 des lieux de vie dans le Calaisis constate que les quantit\u00e9s apport\u00e9es sont <strong>toujours insuffisantes<\/strong> et que c\u2019est la premi\u00e8re chose que r\u00e9clament les personnes rencontr\u00e9es.\u00a0\u00a0<\/span><\/p>\n<p><span style=\"font-weight: 400;\">Ces arr\u00eat\u00e9s, r\u00e9-instaurent \u00e9galement sans le nommer le \u201cd\u00e9lit de solidarit\u00e9\u201d comme en t\u00e9moigne Hugo Hardy, r\u00e9f\u00e9rent plaidoyer pour l\u2019association Calais Food Collective.<\/span><\/p>\n<p><i><span style=\"font-weight: 400;\">\u00ab Depuis le d\u00e9but de l&#8217;ann\u00e9e 2022 dans le Calaisis, rue de Beau marais, pendant nos distributions o\u00f9 presque 1 000 personnes habitaient sur diff\u00e9rents lieux de vie, nous avons compt\u00e9 que la police a essay\u00e9 de nous stopper plus de <strong>20 fois physiquement et verbalement<\/strong>. Ce n\u2019est pas tout puisque plus de<strong> 1 500 euros d&#8217;amendes<\/strong> sur nos v\u00e9hicules nous ont \u00e9t\u00e9 inflig\u00e9s. Les b\u00e9n\u00e9voles ont \u00e9galement fait l\u2019objet de <strong>centaines de contr\u00f4les d\u2019identit\u00e9<\/strong> dans l\u2019exercice de leurs activit\u00e9s visant simplement \u00e0 alimenter en eau et nourriture des personnes dans le besoin \u00bb<\/span><\/i><\/p>\n<p><span style=\"font-weight: 400;\">Pour rappel et selon la d\u00e9cision du conseil Constitutionnel datant du 6 juillet 2018 :\u201d\u200b\u200b<\/span><i><span style=\"font-weight: 400;\"><strong>Il d\u00e9coule du principe de fraternit\u00e9 la libert\u00e9 d\u2019aider autrui,<\/strong> dans un but humanitaire, sans consid\u00e9ration de la r\u00e9gularit\u00e9 de son s\u00e9jour sur le territoire national<\/span><\/i><span style=\"font-weight: 400;\">.\u201d<\/span><\/p>\n<p><span style=\"font-weight: 400;\">C\u2019est pourquoi, nos organismes contestent aujourd\u2019hui ces arr\u00eat\u00e9s pr\u00e9fectoraux devant la justice administrative. Sur le fondement du principe de fraternit\u00e9 cher \u00e0 notre R\u00e9publique Fran\u00e7aise et sa Constitution mais aussi du droit europ\u00e9en et international, nous exer\u00e7ons <strong>un recours en annulation de ces arr\u00eat\u00e9s<\/strong> :<\/span><\/p>\n<p><span style=\"font-weight: 400;\">-En outre, nous attendons une <strong>reconnaissance de la situation extr\u00eamement pr\u00e9caire<\/strong> dans laquelle survivent les personnes exil\u00e9es \u00e0 Calais et ses alentours.\u00a0<\/span><\/p>\n<p><span style=\"font-weight: 400;\">-Nous souhaitons \u00e9galement que la justice reconnaisse comme<strong> principe humanitaire<\/strong> auquel on ne peut d\u00e9roger, le fait pour les associations d\u2019<strong>assouvir les besoins des personnes exil\u00e9es en eau et nourriture<\/strong> et de pallier les services essentiels que l\u2019\u00c9tat n\u2019assure pas, ou tr\u00e8s insuffisamment par des moyens inefficients, aupr\u00e8s de ces populations.\u00a0<\/span><\/p>\n<p><span style=\"font-weight: 400;\">L\u2019audience aura lieu le <strong>mardi 20 septembre \u00e0 14 heures au Tribunal Administratif de Lille<\/strong> (Salle 1). Cette audience sera \u00e0 la fois accessible au public et aux journalistes. Nous invitons d\u2019ailleurs ces derniers \u00e0 se rendre <strong>devant le tribunal d\u00e8s 13 heures<\/strong>, des interventions des diverses associations et de leurs porte-paroles auront lieu.<\/span><\/p>\n<p>&nbsp;<\/p>\n<p><strong><span style=\"text-decoration: underline;\">Associations signataires :<\/span><\/strong><\/p>\n<p><em><span style=\"font-weight: 400;\">Auberge des migrants, Calais Food Collective, Collective Aid, Fondation Abb\u00e9 Pierre, Human Rights Observers, Ligue des Droits de l\u2019Homme, Refugee Info Bus, Refugee Women Centre, Salam Nord\/Pas-de-Calais, Secours Catholique Pas-de-Calais, Solidarit\u00e9s International, Syndicat de la Magistrature, Utopia 56<\/span><\/em><\/p>\n<p>&nbsp;<\/p>\n","protected":false},"excerpt":{"rendered":"<p>Plus de deux ans apr\u00e8s la publication du premier arr\u00eat\u00e9  [&#8230;]<\/p>\n","protected":false},"author":1,"featured_media":1110,"comment_status":"closed","ping_status":"open","sticky":false,"template":"","format":"standard","meta":{"footnotes":""},"categories":[12,6],"tags":[],"class_list":["post-5813","post","type-post","status-publish","format-standard","has-post-thumbnail","hentry","category-calais","category-communique"],"_links":{"self":[{"href":"http:\/\/test.utopia56.org\/index.php\/wp-json\/wp\/v2\/posts\/5813","targetHints":{"allow":["GET"]}}],"collection":[{"href":"http:\/\/test.utopia56.org\/index.php\/wp-json\/wp\/v2\/posts"}],"about":[{"href":"http:\/\/test.utopia56.org\/index.php\/wp-json\/wp\/v2\/types\/post"}],"author":[{"embeddable":true,"href":"http:\/\/test.utopia56.org\/index.php\/wp-json\/wp\/v2\/users\/1"}],"replies":[{"embeddable":true,"href":"http:\/\/test.utopia56.org\/index.php\/wp-json\/wp\/v2\/comments?post=5813"}],"version-history":[{"count":0,"href":"http:\/\/test.utopia56.org\/index.php\/wp-json\/wp\/v2\/posts\/5813\/revisions"}],"wp:featuredmedia":[{"embeddable":true,"href":"http:\/\/test.utopia56.org\/index.php\/wp-json\/wp\/v2\/media\/1110"}],"wp:attachment":[{"href":"http:\/\/test.utopia56.org\/index.php\/wp-json\/wp\/v2\/media?parent=5813"}],"wp:term":[{"taxonomy":"category","embeddable":true,"href":"http:\/\/test.utopia56.org\/index.php\/wp-json\/wp\/v2\/categories?post=5813"},{"taxonomy":"post_tag","embeddable":true,"href":"http:\/\/test.utopia56.org\/index.php\/wp-json\/wp\/v2\/tags?post=5813"}],"curies":[{"name":"wp","href":"https:\/\/api.w.org\/{rel}","templated":true}]}}