{"id":5712,"date":"2022-09-08T08:05:45","date_gmt":"2022-09-08T06:05:45","guid":{"rendered":"https:\/\/utopia56.org\/?p=5712"},"modified":"2022-09-08T08:05:45","modified_gmt":"2022-09-08T06:05:45","slug":"violences-policieres-a-calais-un-policier-denonce-les-faits","status":"publish","type":"post","link":"http:\/\/test.utopia56.org\/index.php\/2022\/09\/08\/violences-policieres-a-calais-un-policier-denonce-les-faits\/","title":{"rendered":"Violences polici\u00e8res \u00e0 Calais : un policier d\u00e9nonce les faits"},"content":{"rendered":"<p><span style=\"font-weight: 400;\">\u00c0 01h15, dans la nuit du 22 au 23 ao\u00fbt, l\u2019\u00e9quipe d\u2019Utopia 56 a \u00e9t\u00e9 appel\u00e9e sur sa ligne d\u2019urgence pour une situation de <\/span><b>violences polici\u00e8res envers des personnes exil\u00e9es.<\/b><span style=\"font-weight: 400;\"> Human Rights Observers (HRO), projet soutenu par l\u2019Auberge des Migrants et Utopia 56 ont depuis saisi le procureur de Boulogne-sur-Mer afin que les auteurs des violences puissent \u00eatre identifi\u00e9s et jug\u00e9s.<\/span><\/p>\n<p><span style=\"font-weight: 400;\">Les faits suivants sont issus du r\u00e9cit racont\u00e9 par les personnes victimes aux \u00e9quipes de HRO et Utopia 56 :<\/span><\/p>\n<p><span style=\"font-weight: 400;\">Cette nuit-l\u00e0, un groupe de personnes exil\u00e9es, originaires d\u2019\u00c9rythr\u00e9e, s&#8217;est rendu sur le parking d\u2019une station service de Calais afin d\u2019essayer de monter dans un camion avec l\u2019espoir de rejoindre le Royaume-Uni. Une fois sur place, \u00e0 la vue d\u2019un camion de CRS, une partie du groupe fait demi-tour, et seules deux personnes, \u00e2g\u00e9es de 18 ans, restent.<\/span><\/p>\n<p><span style=\"font-weight: 400;\">Lorsque les CRS arrivent \u00e0 leur niveau, l\u2019un des policiers porte un premier coup au visage \u00e0 chacune des deux personnes. Les CRS saisissent les deux personnes par les bras pour les emmener dans une rue lat\u00e9rale \u00e0 l\u2019abri des cam\u00e9ras, ce qui constitue un acte de pr\u00e9m\u00e9ditation. Un des agents a alors port\u00e9 <\/span><b>un nouveau coup violent au visage<\/b><span style=\"font-weight: 400;\"> de l\u2019une des personnes, qui est tomb\u00e9e au sol. Apr\u00e8s avoir mis la seconde personne \u00e0 terre, environ 7 CRS leur ont donn\u00e9 de nombreux coups de pieds au sol. <\/span><b>Les CRS sont repartis en riant, laissant les deux personnes bless\u00e9es au sol.<\/b><\/p>\n<p><span style=\"font-weight: 400;\">Les amis des victimes sont ensuite revenus aupr\u00e8s d\u2019elles et ont appel\u00e9 Utopia 56, afin de leur signaler les violences. Un fourgon de la compagnie de CRS V\/54, arriv\u00e9 sur les lieux apr\u00e8s les violences, \u00e9tait pr\u00e9sent lorsque les b\u00e9n\u00e9voles d&#8217;Utopia 56 arrivent sur place. L\u2019une des victimes \u00e9tait toujours au sol, du sang sur le visage. Les pompiers ont \u00e9t\u00e9 contact\u00e9s et ont transport\u00e9 l\u2019une des victimes \u00e0 l\u2019h\u00f4pital.\u00a0<\/span><\/p>\n<p><b>Le certificat m\u00e9dical<\/b><span style=\"font-weight: 400;\"> \u00e9tabli dans la nuit par un m\u00e9decin de l\u2019h\u00f4pital de Calais fait \u00e9tat de saignements et d\u2019une d\u00e9viation de l\u2019ar\u00eate nasale (fracture), de douleurs \u00e0 la palpation thoracique, ainsi que de douleurs scrotales.<\/span><\/p>\n<p><span style=\"font-weight: 400;\">Dans la matin\u00e9e du 23 ao\u00fbt, \u00a0l\u2019association l\u2019Auberge des Migrants a re\u00e7u l\u2019appel anonyme d\u2019une personne se pr\u00e9sentant comme CRS \u00e0 Calais et souhaitant d\u00e9noncer les violences de la nuit pr\u00e9c\u00e9dente : \u201cC\u2019est une autre section, un autre v\u00e9hicule de la CRS 54, ils font passer cela pour un accident c\u2019est inacceptable, ils ont laiss\u00e9 le pauvre comme un chien abandonn\u00e9, c\u2019est ce genre de coll\u00e8gues qui nous font \u00e9norm\u00e9ment de tort\u201d. En 2020, \u00e0 Calais, <\/span><a href=\"https:\/\/www.mediapart.fr\/journal\/france\/290520\/violences-contre-des-migrants-quand-des-gendarmes-brisent-l-omerta\"><span style=\"font-weight: 400;\">le t\u00e9moignage de gendarmes<\/span><\/a><span style=\"font-weight: 400;\"> avait d\u00e9j\u00e0 permis d\u2019obtenir une condamnation suite \u00e0 des vols avec violences de la part de leurs coll\u00e8gues.<\/span><\/p>\n<p><span style=\"font-weight: 400;\">\u00c0 la demande de HRO, le D\u00e9fenseur des droits a confirm\u00e9 avoir fait le n\u00e9cessaire pour la <\/span><b>conservation des enregistrements des cam\u00e9ras de surveillance de la station-service o\u00f9 les violences ont commenc\u00e9.<\/b><\/p>\n<p><span style=\"font-weight: 400;\">Le 31 ao\u00fbt, <\/span><b>un signalement contenant l\u2019ensemble des \u00e9l\u00e9ments<\/b><span style=\"font-weight: 400;\"> a \u00e9t\u00e9 port\u00e9 \u00e0 l\u2019attention du procureur de Boulogne sur Mer, Monsieur Guirec Le Bras.<\/span><\/p>\n<p><span style=\"font-weight: 400;\">Le 9 octobre 2021, le ministre de l\u2019int\u00e9rieur d\u00e9clarait : \u00ab [\u2026] <\/span><i><span style=\"font-weight: 400;\">Ce que je peux dire, c\u2019est que malgr\u00e9 tous les proc\u00e8s d\u2019intention qu\u2019on fait aux forces de l\u2019ordre, <\/span><\/i><b><i>je constate que pas un policier et pas un gendarme sur la c\u00f4te littoral n\u2019a \u00e9t\u00e9 poursuivi par la justice<\/i><\/b><span style=\"font-weight: 400;\"> \u00bb. Comme mentionn\u00e9 dans <\/span><a href=\"https:\/\/www.gisti.org\/spip.php?article6690\"><span style=\"font-weight: 400;\">un communiqu\u00e9 inter-associatif du 26 octobre 2021\u00a0 \u201cViolences polici\u00e8res : \u00e0 Calais, Darmanin ment !\u201d<\/span><\/a><span style=\"font-weight: 400;\">, au moins cinq membres des forces de l\u2019ordre ont d\u00e9j\u00e0 \u00e9t\u00e9 condamn\u00e9s depuis 2015.<\/span><\/p>\n<p><span style=\"font-weight: 400;\">Les t\u00e9moignages de violences polici\u00e8res \u00e0 Calais sont courants, mais seulement une minorit\u00e9 de ces situations donnent suite \u00e0 des enqu\u00eates et condamnations. Ces violences sont avant tout <\/span><b>le r\u00e9sultat des politiques de harc\u00e8lement et de maltraitance<\/b><span style=\"font-weight: 400;\"> men\u00e9es \u00e0 la fronti\u00e8re depuis des ann\u00e9es. Une politique qui, malgr\u00e9 l\u2019objectif affich\u00e9, n\u2019a fait que<\/span><b> renforcer les r\u00e9seaux de passage ill\u00e9gaux au d\u00e9triment de la protection des personnes exil\u00e9es et des habitants.<\/b><\/p>\n<p>&nbsp;<\/p>\n<p>Vid\u00e9o r\u00e9alis\u00e9e par Human Rights Observers :<\/p>\n<blockquote class=\"instagram-media\" style=\"background: #FFF; border: 0; border-radius: 3px; box-shadow: 0 0 1px 0 rgba(0,0,0,0.5),0 1px 10px 0 rgba(0,0,0,0.15); margin: 1px; max-width: 540px; min-width: 326px; padding: 0; width: calc(100% - 2px);\" data-instgrm-captioned=\"\" data-instgrm-permalink=\"https:\/\/www.instagram.com\/reel\/CiNjY9jjzhG\/?utm_source=ig_embed&amp;utm_campaign=loading\" data-instgrm-version=\"14\">\n<div style=\"padding: 16px;\">\n<p>&nbsp;<\/p>\n<div style=\"display: flex; flex-direction: row; align-items: center;\">\n<div style=\"background-color: #f4f4f4; border-radius: 50%; flex-grow: 0; height: 40px; margin-right: 14px; width: 40px;\"><\/div>\n<div style=\"display: flex; flex-direction: column; flex-grow: 1; justify-content: center;\">\n<div style=\"background-color: #f4f4f4; border-radius: 4px; flex-grow: 0; height: 14px; margin-bottom: 6px; width: 100px;\"><\/div>\n<div style=\"background-color: #f4f4f4; border-radius: 4px; flex-grow: 0; height: 14px; width: 60px;\"><\/div>\n<\/div>\n<\/div>\n<div style=\"padding: 19% 0;\"><\/div>\n<div style=\"display: block; height: 50px; margin: 0 auto 12px; width: 50px;\"><\/div>\n<div style=\"padding-top: 8px;\">\n<div style=\"color: #3897f0; font-family: Arial,sans-serif; font-size: 14px; font-style: normal; font-weight: 550; line-height: 18px;\">View this post on Instagram<\/div>\n<\/div>\n<div style=\"padding: 12.5% 0;\"><\/div>\n<div style=\"display: flex; flex-direction: row; margin-bottom: 14px; align-items: center;\">\n<div>\n<div style=\"background-color: #f4f4f4; border-radius: 50%; height: 12.5px; width: 12.5px; transform: translateX(0px) translateY(7px);\"><\/div>\n<div style=\"background-color: #f4f4f4; height: 12.5px; transform: rotate(-45deg) translateX(3px) translateY(1px); width: 12.5px; flex-grow: 0; margin-right: 14px; margin-left: 2px;\"><\/div>\n<div style=\"background-color: #f4f4f4; border-radius: 50%; height: 12.5px; width: 12.5px; transform: translateX(9px) translateY(-18px);\"><\/div>\n<\/div>\n<div style=\"margin-left: 8px;\">\n<div style=\"background-color: #f4f4f4; border-radius: 50%; flex-grow: 0; height: 20px; width: 20px;\"><\/div>\n<div style=\"width: 0; height: 0; border-top: 2px solid transparent; border-left: 6px solid #f4f4f4; border-bottom: 2px solid transparent; transform: translateX(16px) translateY(-4px) rotate(30deg);\"><\/div>\n<\/div>\n<div style=\"margin-left: auto;\">\n<div style=\"width: 0px; border-top: 8px solid #F4F4F4; border-right: 8px solid transparent; transform: translateY(16px);\"><\/div>\n<div style=\"background-color: #f4f4f4; flex-grow: 0; height: 12px; width: 16px; transform: translateY(-4px);\"><\/div>\n<div style=\"width: 0; height: 0; border-top: 8px solid #F4F4F4; border-left: 8px solid transparent; transform: translateY(-4px) translateX(8px);\"><\/div>\n<\/div>\n<\/div>\n<div style=\"display: flex; flex-direction: column; flex-grow: 1; justify-content: center; margin-bottom: 24px;\">\n<div style=\"background-color: #f4f4f4; border-radius: 4px; flex-grow: 0; height: 14px; margin-bottom: 6px; width: 224px;\"><\/div>\n<div style=\"background-color: #f4f4f4; border-radius: 4px; flex-grow: 0; height: 14px; width: 144px;\"><\/div>\n<\/div>\n<p>&nbsp;<\/p>\n<p style=\"color: #c9c8cd; font-family: Arial,sans-serif; font-size: 14px; line-height: 17px; margin-bottom: 0; margin-top: 8px; overflow: hidden; padding: 8px 0 7px; text-align: center; text-overflow: ellipsis; white-space: nowrap;\"><a style=\"color: #c9c8cd; font-family: Arial,sans-serif; font-size: 14px; font-style: normal; font-weight: normal; line-height: 17px; text-decoration: none;\" href=\"https:\/\/www.instagram.com\/reel\/CiNjY9jjzhG\/?utm_source=ig_embed&amp;utm_campaign=loading\" target=\"_blank\" rel=\"noopener\">A post shared by Human Rights Observers (@humanrightsobs)<\/a><\/p>\n<\/div>\n<\/blockquote>\n<p><script async src=\"\/\/www.instagram.com\/embed.js\"><\/script><\/p>\n","protected":false},"excerpt":{"rendered":"<p>\u00c0 01h15, dans la nuit du 22 au 23 ao\u00fbt,  [&#8230;]<\/p>\n","protected":false},"author":1,"featured_media":5715,"comment_status":"closed","ping_status":"open","sticky":false,"template":"","format":"standard","meta":{"footnotes":""},"categories":[12,6],"tags":[],"class_list":["post-5712","post","type-post","status-publish","format-standard","has-post-thumbnail","hentry","category-calais","category-communique"],"_links":{"self":[{"href":"http:\/\/test.utopia56.org\/index.php\/wp-json\/wp\/v2\/posts\/5712","targetHints":{"allow":["GET"]}}],"collection":[{"href":"http:\/\/test.utopia56.org\/index.php\/wp-json\/wp\/v2\/posts"}],"about":[{"href":"http:\/\/test.utopia56.org\/index.php\/wp-json\/wp\/v2\/types\/post"}],"author":[{"embeddable":true,"href":"http:\/\/test.utopia56.org\/index.php\/wp-json\/wp\/v2\/users\/1"}],"replies":[{"embeddable":true,"href":"http:\/\/test.utopia56.org\/index.php\/wp-json\/wp\/v2\/comments?post=5712"}],"version-history":[{"count":0,"href":"http:\/\/test.utopia56.org\/index.php\/wp-json\/wp\/v2\/posts\/5712\/revisions"}],"wp:featuredmedia":[{"embeddable":true,"href":"http:\/\/test.utopia56.org\/index.php\/wp-json\/"}],"wp:attachment":[{"href":"http:\/\/test.utopia56.org\/index.php\/wp-json\/wp\/v2\/media?parent=5712"}],"wp:term":[{"taxonomy":"category","embeddable":true,"href":"http:\/\/test.utopia56.org\/index.php\/wp-json\/wp\/v2\/categories?post=5712"},{"taxonomy":"post_tag","embeddable":true,"href":"http:\/\/test.utopia56.org\/index.php\/wp-json\/wp\/v2\/tags?post=5712"}],"curies":[{"name":"wp","href":"https:\/\/api.w.org\/{rel}","templated":true}]}}