{"id":5659,"date":"2022-08-31T13:51:16","date_gmt":"2022-08-31T11:51:16","guid":{"rendered":"https:\/\/utopia56.org\/?p=5659"},"modified":"2022-08-31T13:51:16","modified_gmt":"2022-08-31T11:51:16","slug":"manifestation-cest-pas-la-rentree-pour-tout-le-monde","status":"publish","type":"post","link":"http:\/\/test.utopia56.org\/index.php\/2022\/08\/31\/manifestation-cest-pas-la-rentree-pour-tout-le-monde\/","title":{"rendered":"Manifestation : C\u2019est pas la rentr\u00e9e pour tout le monde"},"content":{"rendered":"<p><span style=\"font-weight: 400;\">Ce jeudi 1er septembre marque le jour de la rentr\u00e9e des classes pour 12 millions d\u2019enfants et d\u2019adolescents dans toute la France. Malheureusement, et parce que le gouvernement les ignore <\/span><b>depuis bient\u00f4t 100 jours<\/b><span style=\"font-weight: 400;\">, ce n\u2019est pas le cas pour les 200 jeunes en recours de minorit\u00e9<\/span><b> survivant \u00e0 la rue<\/b><span style=\"font-weight: 400;\">, suivis par Utopia 56 \u00e0 Paris et en \u00cele-de-France, ni pour des centaines d\u2019autres dans toute la France.\u00a0<\/span><\/p>\n<p><span style=\"font-weight: 400;\">Depuis samedi 28 mai, Utopia 56 occupe avec une soixantaine de ces jeunes dans un campement revendicatif sur la\u00a0 place de la Bastille \u00e0 Paris. Cette action a pour but de <\/span><b>visibiliser la situation de ces jeunes, abandonn\u00e9s par l\u2019\u00c9tat<\/b><span style=\"font-weight: 400;\"> sans aucune autre ressource que celles des associations et des citoyens solidaires, afin qu\u2019une structure d\u2019accompagnement global soit mise en place le temps de leur recours.<\/span><\/p>\n<p><span style=\"font-weight: 400;\">Si le nombre de jeunes pr\u00e9sents \u00e0 Bastille reste de 60, un autre campement dans le sud de Paris continue de grossir : y sont pr\u00e9sents aujourd\u2019hui entre 120 et 150 jeunes.\u00a0<\/span><\/p>\n<p><span style=\"font-weight: 400;\">Ils viennent du Mali, d\u2019Afghanistan, de Sierra-Leone ou d\u2019ailleurs, et sont<\/span><b> laiss\u00e9s \u00e0 la rue par les pouvoirs publics<\/b><span style=\"font-weight: 400;\">, sans aucun acc\u00e8s aux droits.\u00a0<\/span><\/p>\n<p><span style=\"font-weight: 400;\">En d\u00e9pit des conditions de vie dans la rue, des \u00e9pisodes de canicule et de temp\u00eate, le gouvernement n\u2019a cess\u00e9 d\u2019<\/span><b>ignorer ces jeunes<\/b><span style=\"font-weight: 400;\">, et ce, malgr\u00e9 nos diff\u00e9rentes relances aupr\u00e8s de Charlotte Caubel, secr\u00e9taire d&#8217;\u00c9tat \u00e0 l\u2019enfance. \u00c0 ce jour, la seule r\u00e9action concr\u00e8te des autorit\u00e9s <\/span><span style=\"font-weight: 400;\">s\u2019est mat\u00e9rialis\u00e9e en<\/span><span style=\"font-weight: 400;\"> une tentative d\u2019entrave de notre action par le minist\u00e8re de l&#8217;Int\u00e9rieur, tentant, sous couvert de respect de la dignit\u00e9 des personnes, de mettre un terme \u00e0 notre occupation revendicative<\/span><span style=\"font-weight: 400;\">.<\/span><\/p>\n<p><span style=\"font-weight: 400;\">Malgr\u00e9 leur volont\u00e9 \u00e0 tous d\u2019aller \u00e0 l\u2019\u00e9cole, ce droit leur est refus\u00e9 : sans domiciliation, il leur est quasi impossible d\u2019acc\u00e9der aux tests requis pour \u00eatre scolaris\u00e9s :<\/span><\/p>\n<p><span style=\"font-weight: 400;\">\u201c<\/span><i><span style=\"font-weight: 400;\">Je refuse d\u2019\u00eatre un d\u00e9linquant, je veux \u00eatre un citoyen, pour apprendre un m\u00e9tier \u00e0 transmettre \u00e0 la jeunesse future. Je ne refuse jamais d\u2019apprendre et gr\u00e2ce \u00e0 \u00e7a, je vais enseigner \u00e0 tout le monde, mais<\/span><\/i><b><i> la situation que je traverse risque de m\u2019\u00e9teindre<\/i><\/b><i><span style=\"font-weight: 400;\">, donc je demande \u00e0 l\u2019Etat fran\u00e7ais de nous venir en aide.<\/span><\/i><span style=\"font-weight: 400;\">\u201d<\/span><span style=\"font-weight: 400;\"> , Yousouf D. , 15 ans et demi<\/span><\/p>\n<p><span style=\"font-weight: 400;\">Depuis l\u2019installation du campement, <\/span><b>45 jeunes ont finalement \u00e9t\u00e9 reconnus mineurs,<\/b><span style=\"font-weight: 400;\"> apr\u00e8s avoir pourtant \u00e9t\u00e9 refus\u00e9s par les dispositifs de reconnaissance de minorit\u00e9. Tous ont \u00e9t\u00e9 confront\u00e9s\u00a0 plusieurs mois aux dangers de la rue.\u00a0<\/span><\/p>\n<p><span style=\"font-weight: 400;\">Dans toute la France, Utopia 56 et de nombreuses associations accompagnent des jeunes dans la m\u00eame situation, ils sont pr\u00e8s de 100 \u00e0 Toulouse, 50 \u00e0 Lyon, 20 \u00e0 Lille, \u00e0 Rennes et dans trop d\u2019autres villes encore. <\/span><span style=\"font-weight: 400;\">Suite a\u0300 une saisine du comite\u0301 des droits de l\u2019enfant de l\u2019ONU par 5 organisations, dont Utopia 56, aupre\u0300s, <\/span><b>une enque\u0302te a e\u0301te\u0301 ouverte<\/b><span style=\"font-weight: 400;\">. Elle a vocation a\u0300 e\u0301tablir la re\u0301alite\u0301 sur le traitement des mineur\u00b7es isole\u0301\u00b7es par la France, de\u0301ja\u0300 plusieurs fois condamne\u0301e par la Cour Europe\u0301enne des Droits de l\u2019Homme pour ses manquements.<\/span><\/p>\n<p><span style=\"font-weight: 400;\">Pour revendiquer leur droit \u00e0 l\u2019\u00e9ducation, tel qu\u2019il est inscrit dans la Convention Internationale des Droits de l\u2019Enfant, que<\/span><b> la France s\u2019est engag\u00e9e \u00e0 respecter<\/b><span style=\"font-weight: 400;\">, Utopia 56, les 200 jeunes de Bastille et du campement au sud de Paris seront pr\u00e9sents en face du parvis des droits de l\u2019Homme ce jeudi 1er septembre, \u00e0 partir de 15h30. La manifestation commencera par un sitting, \u00e0 l\u2019image du gouvernement, silencieux, suivi par une s\u00e9rie de prises de parole.<\/span><b> Pour mettre fin \u00e0 l\u2019errance des jeunes \u00e0 Paris et dans toute la France.<\/b><\/p>\n","protected":false},"excerpt":{"rendered":"<p>Ce jeudi 1er septembre marque le jour de la rentr\u00e9e  [&#8230;]<\/p>\n","protected":false},"author":1,"featured_media":5660,"comment_status":"closed","ping_status":"open","sticky":false,"template":"","format":"standard","meta":{"footnotes":""},"categories":[6,17,7],"tags":[],"class_list":["post-5659","post","type-post","status-publish","format-standard","has-post-thumbnail","hentry","category-communique","category-manifestation","category-paris"],"_links":{"self":[{"href":"http:\/\/test.utopia56.org\/index.php\/wp-json\/wp\/v2\/posts\/5659","targetHints":{"allow":["GET"]}}],"collection":[{"href":"http:\/\/test.utopia56.org\/index.php\/wp-json\/wp\/v2\/posts"}],"about":[{"href":"http:\/\/test.utopia56.org\/index.php\/wp-json\/wp\/v2\/types\/post"}],"author":[{"embeddable":true,"href":"http:\/\/test.utopia56.org\/index.php\/wp-json\/wp\/v2\/users\/1"}],"replies":[{"embeddable":true,"href":"http:\/\/test.utopia56.org\/index.php\/wp-json\/wp\/v2\/comments?post=5659"}],"version-history":[{"count":0,"href":"http:\/\/test.utopia56.org\/index.php\/wp-json\/wp\/v2\/posts\/5659\/revisions"}],"wp:featuredmedia":[{"embeddable":true,"href":"http:\/\/test.utopia56.org\/index.php\/wp-json\/"}],"wp:attachment":[{"href":"http:\/\/test.utopia56.org\/index.php\/wp-json\/wp\/v2\/media?parent=5659"}],"wp:term":[{"taxonomy":"category","embeddable":true,"href":"http:\/\/test.utopia56.org\/index.php\/wp-json\/wp\/v2\/categories?post=5659"},{"taxonomy":"post_tag","embeddable":true,"href":"http:\/\/test.utopia56.org\/index.php\/wp-json\/wp\/v2\/tags?post=5659"}],"curies":[{"name":"wp","href":"https:\/\/api.w.org\/{rel}","templated":true}]}}