{"id":5273,"date":"2022-07-15T18:44:32","date_gmt":"2022-07-15T16:44:32","guid":{"rendered":"https:\/\/utopia56.org\/?p=5273"},"modified":"2022-07-15T18:44:32","modified_gmt":"2022-07-15T16:44:32","slug":"nord-expulsion-de-jeunes-dun-centre-dhebergement","status":"publish","type":"post","link":"http:\/\/test.utopia56.org\/index.php\/2022\/07\/15\/nord-expulsion-de-jeunes-dun-centre-dhebergement\/","title":{"rendered":"Nord : expulsion de jeunes d&#8217;un centre d&#8217;h\u00e9bergement"},"content":{"rendered":"<p class=\"p5\">Apr\u00e8s une large op\u00e9ration de mise \u00e0 l\u2019abri de mineur.es isol\u00e9.es en recours survivant dans des campements de la m\u00e9tropole lilloise organis\u00e9e par la Pr\u00e9fecture du Nord en juin 2022, <b>20 jeunes sont aujourd\u2019hui menac\u00e9s d\u2019\u00eatre remis \u00e0 la rue sans aucune solution d\u2019h\u00e9bergement<\/b> propos\u00e9e par les institutions.<\/p>\n<p class=\"p7\">Pendant plusieurs mois, un campement avait pris place \u00e0 Lille Sud, au parc de l\u2019Adventure, regroupant des jeunes en recours de minorit\u00e9 : il s&#8217;agit de mineur.es isol\u00e9.es \u00e9tranger.es arriv\u00e9s seuls sur le territoire dont l&#8217;\u00e9valuation de minorit\u00e9 men\u00e9e par le d\u00e9partement a \u00e9t\u00e9 n\u00e9gative et qui ont entam\u00e9 une proc\u00e9dure de recours devant le juge des enfants.<\/p>\n<p class=\"p7\">Le 15\/06, l\u2019association Utopia 56 re\u00e7oit un appel de la pr\u00e9fecture annon\u00e7ant que les jeunes de ce campement allaient \u00eatre mis \u00e0 l&#8217;abri, premi\u00e8rement dans des lieux temporaires, puis de mani\u00e8re p\u00e9renne dans des structures adapt\u00e9es. Le 16\/06, un bus arrive effectivement sur le lieu du campement, permettant la mise \u00e0 l&#8217;abri de 45 jeunes dont une jeune fille.<\/p>\n<p class=\"p7\">29 ont \u00e9t\u00e9 mis \u00e0 l&#8217;abri au CAES de Flers-en-Escrebieux. S\u2019agissant d\u2019un dispositif pour adultes peu adapt\u00e9 pour les jeunes, et du fait de l\u2019\u00e9loignement des lieux leur permettant d\u2019effectuer leurs d\u00e9marches administratives, quelques jeunes ont quitt\u00e9 les lieux, et 2 ont \u00e9t\u00e9 plac\u00e9s par la suite en foyer de l&#8217;Aide Sociale \u00e0 l&#8217;Enfance suite \u00e0 une r\u00e9\u00e9valuation de leur minorit\u00e9. Ils sont aujourd\u2019hui 20 au centre de Flers-en-Escrebieux, 14 au CAES de Trih-Saint-L\u00e9ger \u00e0 c\u00f4t\u00e9 de Valenciennes, et la jeune fille au centre maternel de Somain.<\/p>\n<p class=\"p7\">A la suite de cette mise \u00e0 l&#8217;abri, des salari\u00e9.es du d\u00e9partement se sont rendus sur place afin de collecter les documents administratifs des jeunes, en vue de r\u00e9\u00e9valuer leur minorit\u00e9. Deux jeunes ont b\u00e9n\u00e9fici\u00e9 d&#8217;une Ordonnance de Placement Provisoire (OPP) dans un foyer pour mineurs. \u00c0 ce jour, tous n&#8217;ont pas \u00e9t\u00e9 r\u00e9\u00e9valu\u00e9s.<\/p>\n<p class=\"p7\">Le 11\/07, deux jeunes ont pr\u00e9venu les associations que le personnel du centre de Flers-en-Escrebieux leur avait annonc\u00e9 qu&#8217;ils devraient quitter les lieux le lundi 18\/07, sans aucune solution propos\u00e9e pour la suite. Ces jeunes sont encore en proc\u00e9dure de recours ou sur le point de lancer leur proc\u00e9dure de recours, ils ont donc le droit d&#8217;\u00eatre sur le territoire fran\u00e7ais. Nous craignons que la m\u00eame situation ne se pr\u00e9sente pour les jeunes pr\u00e9sents au centre de Trith-Saint-L\u00e9ger.<\/p>\n<p class=\"p7\">Or, la loi dit explicitement que \u00ab <i>Toute personne accueillie dans une structure d\u2019h\u00e9bergement d\u2019urgence doit pouvoir y demeurer jusqu\u2019\u00e0 ce qu\u2019une orientation lui soit propos\u00e9e\u2026 vers un h\u00e9bergement stable ou de soin, ou vers un relogement, adapt\u00e9 \u00e0 sa situation<\/i> \u00bb (Article L 345-2-3 du Code de l\u2019action sociale et des familles).<span class=\"Apple-converted-space\">\u00a0 <\/span>Si les jeunes sont expuls\u00e9s des centres dans lesquels ils ont \u00e9t\u00e9 mis \u00e0 l\u2019abri, ils seront forc\u00e9s de retourner survivre dans la rue, sur des campements insalubres, et de subir le harc\u00e8lement des forces de l\u2019ordre.<\/p>\n<p class=\"p7\">En effet, la police nationale se rendait r\u00e9guli\u00e8rement sur les pr\u00e9c\u00e9dents campements afin de contr\u00f4ler les jeunes, tout en sachant tr\u00e8s bien leur situation. Cette pression est all\u00e9e jusqu\u2019\u00e0 l\u2019enfermement de 4 mineurs dans les centres de r\u00e9tention administrative de Coquelles et de Lesquin. L\u2019un d\u2019eux est encore enferm\u00e9 \u00e0 l\u2019heure actuelle, et vit tous les jours dans la crainte d\u2019\u00eatre renvoy\u00e9 dans le pays qu\u2019il a fui.<\/p>\n<p class=\"p8\">Nous, associations signataires, demandons \u00e0 ce que des solutions d\u2019h\u00e9bergement p\u00e9rennes soit propos\u00e9es \u00e0 l\u2019ensemble des jeunes aujourd\u2019hui aux CAES de Flers-en-Escrebieux, de Trih-saint-L\u00e9ger et de Sommain.<\/p>\n<h4 class=\"p10\"><b>SIGNATAIRES<\/b><\/h4>\n<ul>\n<li class=\"p10\"><b>Centre de la R\u00e9conciliation<\/b><\/li>\n<li class=\"p10\"><b>Solidaires \u00e9tudiant.e.s Lillle<\/b><\/li>\n<li class=\"p10\"><b>Wambrechies Entraide R\u00e9fugi\u00e9s<\/b><\/li>\n<li class=\"p10\"><b>Secours Catholique<\/b><\/li>\n<li class=\"p10\"><b>EXOD<\/b><\/li>\n<li class=\"p10\"><b>Banta<\/b><\/li>\n<li class=\"p10\"><b>Patron.ne.s Solidaires<\/b><\/li>\n<li class=\"p10\"><b>Utopia 56<\/b><\/li>\n<\/ul>\n","protected":false},"excerpt":{"rendered":"<p>Apr\u00e8s une large op\u00e9ration de mise \u00e0 l\u2019abri de mineur.es  [&#8230;]<\/p>\n","protected":false},"author":1,"featured_media":5276,"comment_status":"closed","ping_status":"open","sticky":false,"template":"","format":"standard","meta":{"footnotes":""},"categories":[6,13],"tags":[],"class_list":["post-5273","post","type-post","status-publish","format-standard","has-post-thumbnail","hentry","category-communique","category-lille"],"_links":{"self":[{"href":"http:\/\/test.utopia56.org\/index.php\/wp-json\/wp\/v2\/posts\/5273","targetHints":{"allow":["GET"]}}],"collection":[{"href":"http:\/\/test.utopia56.org\/index.php\/wp-json\/wp\/v2\/posts"}],"about":[{"href":"http:\/\/test.utopia56.org\/index.php\/wp-json\/wp\/v2\/types\/post"}],"author":[{"embeddable":true,"href":"http:\/\/test.utopia56.org\/index.php\/wp-json\/wp\/v2\/users\/1"}],"replies":[{"embeddable":true,"href":"http:\/\/test.utopia56.org\/index.php\/wp-json\/wp\/v2\/comments?post=5273"}],"version-history":[{"count":0,"href":"http:\/\/test.utopia56.org\/index.php\/wp-json\/wp\/v2\/posts\/5273\/revisions"}],"wp:featuredmedia":[{"embeddable":true,"href":"http:\/\/test.utopia56.org\/index.php\/wp-json\/"}],"wp:attachment":[{"href":"http:\/\/test.utopia56.org\/index.php\/wp-json\/wp\/v2\/media?parent=5273"}],"wp:term":[{"taxonomy":"category","embeddable":true,"href":"http:\/\/test.utopia56.org\/index.php\/wp-json\/wp\/v2\/categories?post=5273"},{"taxonomy":"post_tag","embeddable":true,"href":"http:\/\/test.utopia56.org\/index.php\/wp-json\/wp\/v2\/tags?post=5273"}],"curies":[{"name":"wp","href":"https:\/\/api.w.org\/{rel}","templated":true}]}}