{"id":5223,"date":"2022-07-13T16:18:16","date_gmt":"2022-07-13T14:18:16","guid":{"rendered":"https:\/\/utopia56.org\/?p=5223"},"modified":"2022-07-13T16:18:16","modified_gmt":"2022-07-13T14:18:16","slug":"grande-synthe-la-justice-refuse-le-droit-aux-personnes-exilees","status":"publish","type":"post","link":"http:\/\/test.utopia56.org\/index.php\/2022\/07\/13\/grande-synthe-la-justice-refuse-le-droit-aux-personnes-exilees\/","title":{"rendered":"Grande-Synthe,\u00a0la justice refuse le droit aux personnes exil\u00e9es."},"content":{"rendered":"<p>Suite \u00e0 la destruction totale de deux lieux de vie informels \u00e0 Grande-Synthe les 13 et 26 octobre 2021, six\u00a0personnes exil\u00e9es avaient saisi d\u00e9but d\u00e9cembre 2021 le Tribunal judiciaire de Dunkerque avec l\u2019assistance de Ma\u00eetre J\u00e9r\u00f4me Giusti et le soutien de Human Rights Observers (projet soutenu par l\u2019Auberge des Migrants) et d\u2019Utopia 56. L\u2019audience a eu lieu le 10 mai 2022 afin d\u2019attaquer la l\u00e9galit\u00e9 de ces op\u00e9rations d\u2019expulsion et de faire condamner en cons\u00e9quence la commune de Grande-Synthe. La d\u00e9cision qui vient d\u2019\u00eatre rendue illustre le <strong>dysfonctionnement de\u00a0la justice.\u00a0<\/strong><\/p>\n<p><span data-contrast=\"auto\">A Grande-Synthe, les expulsions ill\u00e9gales avaient lieu une fois par semaine en moyenne en 2021, et continuent depuis novembre \u00e0 Dunkerque et Loon-Plage sur le m\u00eame rythme (24 expulsions depuis le 1er janvier 2022). Les personnes exil\u00e9es vivant sur les lieux de vie ne sont<strong> jamais convoqu\u00e9es au tribunal<\/strong> avant ces expulsions, en violation du principe du contradictoire, qui est un principe fondamental de la justice. Elles sont consid\u00e9r\u00e9es comme<strong> \u201cnon-d\u00e9nomm\u00e9es\u201d<\/strong> et <strong>\u201cnon-identifiables\u201d<\/strong> au seul pr\u00e9texte qu\u2019elles ne parlent pas fran\u00e7ais.<\/span><span data-ccp-props=\"{&quot;201341983&quot;:0,&quot;335551550&quot;:6,&quot;335551620&quot;:6,&quot;335559739&quot;:160,&quot;335559740&quot;:259}\">\u00a0<\/span><\/p>\n<p><span data-contrast=\"auto\">Lors des expulsions des 13 et 26 octobre en particulier, ordonn\u00e9es par Martial Beyaert, maire de Grande-Synthe, les forces de l\u2019ordre ont \u00e9loign\u00e9 les personnes de leurs biens afin que les \u00e9quipes de nettoyage de la soci\u00e9t\u00e9 Ramery, mandat\u00e9e par l\u2019\u00c9tat, puissent les d\u00e9truire (tentes, matelas, couvertures, sacs, documents d\u2019identit\u00e9, t\u00e9l\u00e9phones portables, m\u00e9dicaments&#8230;). Pourtant, <strong>les biens sont prot\u00e9g\u00e9s par la loi<\/strong> : s\u2019ils ne sont pas r\u00e9cup\u00e9r\u00e9s par leurs propri\u00e9taires au moment de l\u2019expulsion, ils doivent \u00eatre inventori\u00e9s par l\u2019huissier et pouvoir \u00eatre r\u00e9cup\u00e9r\u00e9s. Cela n\u2019a pas \u00e9t\u00e9 le cas puisque toutes les affaires ont \u00e9t\u00e9 d\u00e9truites, sous les yeux de l\u2019huissier et de Herv\u00e9 Tourmente, sous-pr\u00e9fet de Dunkerque.<\/span><span data-ccp-props=\"{&quot;201341983&quot;:0,&quot;335551550&quot;:6,&quot;335551620&quot;:6,&quot;335559739&quot;:160,&quot;335559740&quot;:259}\">\u00a0<\/span><\/p>\n<p><span data-contrast=\"auto\">Malgr\u00e9 les efforts des personnes exil\u00e9es ayant saisi la justice et malgr\u00e9 les preuves ind\u00e9niables apport\u00e9es par les associations t\u00e9moins de ces expulsions, <\/span><span data-contrast=\"auto\">le juge a d\u00e9cid\u00e9 que les requ\u00e9rants <strong>ne sont pas recevables<\/strong> \u00e0 agir en justice pour d\u00e9faut de preuve de leur pr\u00e9sence sur les lieux de vie informels pendant les expulsions. Pourtant des attestations de t\u00e9moin apportant cette preuve sans \u00e9quivoque\u00a0ont \u00e9t\u00e9 cit\u00e9es par le juge lui-m\u00eame dans sa d\u00e9cision.<\/span><span data-contrast=\"auto\"> Nous d\u00e9non\u00e7ons le<strong> cynisme de la justice<\/strong> qui nie l\u2019int\u00e9r\u00eat \u00e0 agir des personnes exil\u00e9es :\u00a0c\u2019est pr\u00e9cis\u00e9ment parce que l\u2019huissier n\u2019a pas respect\u00e9 la loi en ne remettant pas le proc\u00e8s-verbal\u00a0aux personnes expuls\u00e9es qu\u2019elles n\u2019ont pas pu exercer leurs droits et avoir acc\u00e8s \u00e0 la justice. <strong>C\u2019est le droit au droit qui leur est\u00a0refus\u00e9<\/strong> :\u00a0les exil\u00e9s ne sont, \u00e0 aucun moment du processus d\u2019expulsion, <strong>consid\u00e9r\u00e9s comme des personnes.<\/strong> Le droit\u00a0n&#8217;a pas \u00e9t\u00e9 appliqu\u00e9 aux habitants des terrains\u00a0pendant les op\u00e9rations d&#8217;expulsion et ils ne se voient pas non plus reconna\u00eetre le droit d&#8217;agir en justice.<\/span><span data-ccp-props=\"{&quot;134233117&quot;:false,&quot;134233118&quot;:false,&quot;201341983&quot;:0,&quot;335551550&quot;:6,&quot;335551620&quot;:6,&quot;335559685&quot;:0,&quot;335559737&quot;:0,&quot;335559738&quot;:0,&quot;335559739&quot;:160,&quot;335559740&quot;:259}\">\u00a0<\/span><\/p>\n<p><span data-contrast=\"auto\">Les requ\u00e9rants \u00e9tudient actuellement la possibilit\u00e9 de <strong>faire appel.<\/strong> Nous continuerons \u00e0 d\u00e9fendre l\u2019acc\u00e8s au droit des personnes exil\u00e9es et \u00e0 d\u00e9noncer les politiques publiques racistes de non-accueil et de lutte contre les points de fixation, qui ont pour seul r\u00e9sultat de <strong>d\u00e9truire physiquement et moralement<\/strong> les personnes en transit \u00e0 la fronti\u00e8re franco-britannique. <\/span><span data-ccp-props=\"{&quot;134233117&quot;:false,&quot;134233118&quot;:false,&quot;201341983&quot;:0,&quot;335551550&quot;:6,&quot;335551620&quot;:6,&quot;335559685&quot;:0,&quot;335559737&quot;:0,&quot;335559738&quot;:0,&quot;335559739&quot;:160,&quot;335559740&quot;:259}\">\u00a0<\/span><\/p>\n","protected":false},"excerpt":{"rendered":"<p>Suite \u00e0 la destruction totale de deux lieux de vie  [&#8230;]<\/p>\n","protected":false},"author":1,"featured_media":5227,"comment_status":"closed","ping_status":"open","sticky":false,"template":"","format":"standard","meta":{"footnotes":""},"categories":[6,14],"tags":[],"class_list":["post-5223","post","type-post","status-publish","format-standard","has-post-thumbnail","hentry","category-communique","category-grande-synthe"],"_links":{"self":[{"href":"http:\/\/test.utopia56.org\/index.php\/wp-json\/wp\/v2\/posts\/5223","targetHints":{"allow":["GET"]}}],"collection":[{"href":"http:\/\/test.utopia56.org\/index.php\/wp-json\/wp\/v2\/posts"}],"about":[{"href":"http:\/\/test.utopia56.org\/index.php\/wp-json\/wp\/v2\/types\/post"}],"author":[{"embeddable":true,"href":"http:\/\/test.utopia56.org\/index.php\/wp-json\/wp\/v2\/users\/1"}],"replies":[{"embeddable":true,"href":"http:\/\/test.utopia56.org\/index.php\/wp-json\/wp\/v2\/comments?post=5223"}],"version-history":[{"count":0,"href":"http:\/\/test.utopia56.org\/index.php\/wp-json\/wp\/v2\/posts\/5223\/revisions"}],"wp:featuredmedia":[{"embeddable":true,"href":"http:\/\/test.utopia56.org\/index.php\/wp-json\/"}],"wp:attachment":[{"href":"http:\/\/test.utopia56.org\/index.php\/wp-json\/wp\/v2\/media?parent=5223"}],"wp:term":[{"taxonomy":"category","embeddable":true,"href":"http:\/\/test.utopia56.org\/index.php\/wp-json\/wp\/v2\/categories?post=5223"},{"taxonomy":"post_tag","embeddable":true,"href":"http:\/\/test.utopia56.org\/index.php\/wp-json\/wp\/v2\/tags?post=5223"}],"curies":[{"name":"wp","href":"https:\/\/api.w.org\/{rel}","templated":true}]}}