{"id":5190,"date":"2022-07-11T12:56:25","date_gmt":"2022-07-11T10:56:25","guid":{"rendered":"https:\/\/utopia56.org\/?p=5190"},"modified":"2022-07-11T12:56:25","modified_gmt":"2022-07-11T10:56:25","slug":"la-defenseure-des-droits-saisie-face-aux-violences-policieres-repetees-lors-des-tentatives-de-traversees-de-la-manche","status":"publish","type":"post","link":"http:\/\/test.utopia56.org\/index.php\/2022\/07\/11\/la-defenseure-des-droits-saisie-face-aux-violences-policieres-repetees-lors-des-tentatives-de-traversees-de-la-manche\/","title":{"rendered":"La D\u00e9fenseure des Droits saisie face aux violences polici\u00e8res r\u00e9p\u00e9t\u00e9es lors des tentatives de travers\u00e9es de la Manche"},"content":{"rendered":"<p><span style=\"font-weight: 400;\">Dans le nord de la France, entre Calais et Grande-Synthe, la strat\u00e9gie de dissuasion et de harc\u00e8lement des personnes exil\u00e9es cherchant \u00e0 rejoindre l&#8217;Angleterre est de plus en plus violente.<\/span><\/p>\n<p><span style=\"font-weight: 400;\">Sous le pr\u00e9texte de la protection des fronti\u00e8res, des violences polici\u00e8res li\u00e9es aux travers\u00e9es nous sont relat\u00e9es r\u00e9guli\u00e8rement. Alert\u00e9e sur ces violences, Utopia 56 a, <\/span><span style=\"font-weight: 400;\">entre le 6 et le 7 juillet,<\/span><b> saisi par 3 fois <\/b><b>le coll\u00e8ge charg\u00e9 de la d\u00e9ontologie de la s\u00e9curit\u00e9 de la D\u00e9fenseure des Droits. Voici les trois t\u00e9moignages recueillis par les \u00e9quipes d\u2019Utopia 56 Calais et Grande-Synthe :\u00a0<\/b><\/p>\n<ol>\n<li><span style=\"font-weight: 400;\">La nuit du 4 au 5 juillet, l\u2019\u00e9quipe d\u2019Utopia 56 \u00e0 Calais a \u00e9t\u00e9 appel\u00e9e par un groupe de 35 personnes dont 6 mineurs et une famille avec un enfant de 5 ans. Ce groupe tentait de partir en Angleterre depuis Calais par bateau. A une quinzaine de m\u00e8tres des c\u00f4tes, il a vu arriver la police \u00e0 pied, qui apr\u00e8s avoir fait usage de <\/span><b>gaz lacrymog\u00e8nes<\/b><span style=\"font-weight: 400;\">, a <\/span><b>lac\u00e9r\u00e9 le bateau<\/b><span style=\"font-weight: 400;\"> \u00e0 coups de couteaux jusqu&#8217;\u00e0 ce que celui-ci ne coule. Le groupe a ainsi \u00e9t\u00e9 contraint \u00e0 retourner sur la plage tandis que la police continuait d\u2019utiliser du gaz.\n<p><\/span>M., un homme de 24 ans a \u00e9t\u00e9 frapp\u00e9 \u00e0 coups de matraque, mis au sol, la t\u00eate \u00e9cras\u00e9e par le pied d\u2019un policier puis menott\u00e9 et arr\u00eat\u00e9. Plusieurs autres personnes rapportent avoir \u00e9t\u00e9 frapp\u00e9es. La famille a \u00e9t\u00e9 emmen\u00e9e \u00e0 l&#8217;h\u00f4pital.&#8221; <i><span>Nous \u00e9tions sur la plage. La police a pulv\u00e9ris\u00e9 une substance qui br\u00fble l\u2019\u0153il et le visage . Nous leur avons dit que nous avions un enfant mais la police s\u2019en fichait, ils nous ont battu, battu M. et l\u2019ont arr\u00eat\u00e9. C\u2019\u00e9tait un traitement brutal avec nous et ils ont <\/span><\/i><b><i>asperg\u00e9 l&#8217;enfant avec la \u201csuper-substance\u201d <\/i><\/b><span>&#8220;, A. une des personnes pr\u00e9sentes sur la plage.<\/p>\n<p><\/span><\/li>\n<li><span style=\"font-weight: 400;\">Un jeune mineur de 15 ans\u00a0 raconte que, le 3 juillet, il \u00e9tait en voiture avec 6 autres personnes dont sa m\u00e8re pour rejoindre une embarcation vers l\u2019Angleterre aux alentours de Calais. Il dit qu\u2019une voiture de police a tent\u00e9 de <\/span><b>renverser leur v\u00e9hicule<\/b><span style=\"font-weight: 400;\">. Les policiers menottant<\/span><b> tout le monde<\/b><span style=\"font-weight: 400;\">, lui et un ami ont fait semblant d\u2019\u00eatre malades afin de ne pas \u00eatre arr\u00eat\u00e9s. Mineurs, ces deux jeunes affirment que <\/span><span style=\"font-weight: 400;\">la police les a laiss\u00e9s devant un h\u00f4pital apr\u00e8s les avoir \u00e0 nouveau frapp\u00e9s et insult\u00e9s. La m\u00e8re et les 4 autres personnes ont \u00e9t\u00e9 emmen\u00e9es, puis lib\u00e9r\u00e9es sans avoir pu r\u00e9cup\u00e9rer leur argent et leurs t\u00e9l\u00e9phones, confisqu\u00e9s par la police<\/span><span style=\"font-weight: 400;\">.\n<p><\/span><\/li>\n<li>Le 6 juillet au matin, un groupe de 60 personnes est interpell\u00e9 dans les dunes, suite \u00e0 une tentative de passage pr\u00e8s de Leffrinckoucke. Un homme de 32 ans dit s\u2019\u00eatre fait tirer dans la cheville par des policiers avec ce qui semble \u00eatre un flashball. \u201c<i><span>L\u2019officier de police il m\u2019a juste <\/span><\/i><b><i>tir\u00e9 dessus avec une balle en plastique<\/i><\/b><i><span> (un flashball) et il <\/span><\/i><b><i>m\u2019a tap\u00e9 avec un b\u00e2ton<\/i><\/b><i><span> et voil\u00e0, je lui ai dit \u2018tu peux appeler l\u2019ambulance\u2019, et il m\u2019a dit \u2018je ne ressemble pas \u00e0 un chauffeur de taxi, tu as un t\u00e9l\u00e9phone. Tu peux appeler l\u2019ambulance\u2019 \u201d<\/span><\/i><span>. C\u2019est notre \u00e9quipe pr\u00e9sente sur place apr\u00e8s avoir \u00e9t\u00e9 appel\u00e9e par le groupe qui finira par contacter les urgences. L\u2019homme ajoute que certains policiers, en plus de lui avoir tir\u00e9 dans la cheville, l\u2019auraient frapp\u00e9 alors qu\u2019il \u00e9tait au sol en<\/span><b> l\u2019insultant de \u201cf<\/b><b><i>ils de pute<\/i><\/b><b>\u201d<\/b><span> dans sa langue natale, le sorani. Le rapport des urgences confirme un h\u00e9matome \u00e0 la cheville.<\/span><\/li>\n<\/ol>\n<p><span style=\"font-weight: 400;\">Avec, \u00e0 ce jour, <\/span><b>959 expulsions <\/b><span style=\"font-weight: 400;\">de lieux de vie informels entre les villes du Calaisis et du Dunkerquois depuis le 1er janvier 2022 (<\/span><i><span style=\"font-weight: 400;\">Source Human rights Observers<\/span><\/i><span style=\"font-weight: 400;\">)<\/span><span style=\"font-weight: 400;\">, les personnes exil\u00e9es sont <\/span><span style=\"font-weight: 400;\">quotidiennement <\/span><b>harcel\u00e9es<\/b><span style=\"font-weight: 400;\"> par les forces de l&#8217;ordre. Dans le m\u00eame temps, <\/span><b>la militarisation de la fronti\u00e8re et l&#8217;absence de voies de passage s\u00fbres<\/b><span style=\"font-weight: 400;\"> vers l&#8217;Angleterre rendent les tentatives de travers\u00e9es de plus en plus <\/span><b>dangereuses <\/b><span style=\"font-weight: 400;\">et l&#8217;intervention des forces de l\u2019ordre de plus en plus <\/span><b>violente<\/b><span style=\"font-weight: 400;\">.<\/span><\/p>\n","protected":false},"excerpt":{"rendered":"<p>Dans le nord de la France, entre Calais et Grande-Synthe,  [&#8230;]<\/p>\n","protected":false},"author":1,"featured_media":5191,"comment_status":"closed","ping_status":"open","sticky":false,"template":"","format":"standard","meta":{"footnotes":""},"categories":[12,6,14],"tags":[],"class_list":["post-5190","post","type-post","status-publish","format-standard","has-post-thumbnail","hentry","category-calais","category-communique","category-grande-synthe"],"_links":{"self":[{"href":"http:\/\/test.utopia56.org\/index.php\/wp-json\/wp\/v2\/posts\/5190","targetHints":{"allow":["GET"]}}],"collection":[{"href":"http:\/\/test.utopia56.org\/index.php\/wp-json\/wp\/v2\/posts"}],"about":[{"href":"http:\/\/test.utopia56.org\/index.php\/wp-json\/wp\/v2\/types\/post"}],"author":[{"embeddable":true,"href":"http:\/\/test.utopia56.org\/index.php\/wp-json\/wp\/v2\/users\/1"}],"replies":[{"embeddable":true,"href":"http:\/\/test.utopia56.org\/index.php\/wp-json\/wp\/v2\/comments?post=5190"}],"version-history":[{"count":0,"href":"http:\/\/test.utopia56.org\/index.php\/wp-json\/wp\/v2\/posts\/5190\/revisions"}],"wp:featuredmedia":[{"embeddable":true,"href":"http:\/\/test.utopia56.org\/index.php\/wp-json\/"}],"wp:attachment":[{"href":"http:\/\/test.utopia56.org\/index.php\/wp-json\/wp\/v2\/media?parent=5190"}],"wp:term":[{"taxonomy":"category","embeddable":true,"href":"http:\/\/test.utopia56.org\/index.php\/wp-json\/wp\/v2\/categories?post=5190"},{"taxonomy":"post_tag","embeddable":true,"href":"http:\/\/test.utopia56.org\/index.php\/wp-json\/wp\/v2\/tags?post=5190"}],"curies":[{"name":"wp","href":"https:\/\/api.w.org\/{rel}","templated":true}]}}