{"id":4907,"date":"2022-06-17T18:20:58","date_gmt":"2022-06-17T16:20:58","guid":{"rendered":"https:\/\/utopia56.org\/?p=4907"},"modified":"2022-06-17T18:20:58","modified_gmt":"2022-06-17T16:20:58","slug":"assemblee-generale-le-1er-juillet-2022","status":"publish","type":"post","link":"http:\/\/test.utopia56.org\/index.php\/2022\/06\/17\/assemblee-generale-le-1er-juillet-2022\/","title":{"rendered":"Assembl\u00e9e g\u00e9n\u00e9rale le 1er juillet 2022"},"content":{"rendered":"<div class=\"fusion-fullwidth fullwidth-box fusion-builder-row-1 fusion-flex-container nonhundred-percent-fullwidth non-hundred-percent-height-scrolling\" style=\"--awb-border-radius-top-left:0px;--awb-border-radius-top-right:0px;--awb-border-radius-bottom-right:0px;--awb-border-radius-bottom-left:0px;--awb-flex-wrap:wrap;\" ><div class=\"fusion-builder-row fusion-row fusion-flex-align-items-flex-start fusion-flex-content-wrap\" style=\"max-width:1248px;margin-left: calc(-4% \/ 2 );margin-right: calc(-4% \/ 2 );\"><div class=\"fusion-layout-column fusion_builder_column fusion-builder-column-0 fusion_builder_column_1_1 1_1 fusion-flex-column\" style=\"--awb-bg-size:cover;--awb-width-large:100%;--awb-margin-top-large:0px;--awb-spacing-right-large:1.92%;--awb-margin-bottom-large:0px;--awb-spacing-left-large:1.92%;--awb-width-medium:100%;--awb-spacing-right-medium:1.92%;--awb-spacing-left-medium:1.92%;--awb-width-small:100%;--awb-spacing-right-small:1.92%;--awb-spacing-left-small:1.92%;\"><div class=\"fusion-column-wrapper fusion-flex-justify-content-flex-start fusion-content-layout-column\"><div class=\"fusion-text fusion-text-1\"><div>\n<p style=\"text-align: justify;\">L&#8217;assembl\u00e9e g\u00e9n\u00e9rale de l&#8217;association Utopia 56 aura lieu <strong>le vendredi 1er juillet \u00e0 18h <\/strong>par visio-conf\u00e9rence.<\/p>\n<p style=\"text-align: justify;\">Ce temps fort, n\u00e9cessaire \u00e0 organiser en tant qu&#8217;association et indispensable \u00e0 notre vie d\u00e9mocratique, nous permettra de se retrouver inter-antennes (Calais, Dijon, Grande-Synthe, Lille, Paris, Rennes, Toulouse et Tours) et inter-maisons (Bobigny, Sevran, Lille et Tours), de vous pr\u00e9senter le bilan des actions men\u00e9es en 2021 et l&#8217;avancement cette ann\u00e9e encore de la structuration de l&#8217;association face aux difficult\u00e9s rencontr\u00e9es (am\u00e9lioration de nos statuts, structuration de nos \u00e9quipes et fonctionnements, salariat de coordinateur\u00b7rices terrain et support, augmentation des entr\u00e9es et d\u00e9penses financi\u00e8res, etc.)<\/p>\n<p style=\"text-align: justify;\">\u00c0 l\u2019ordre du jour de l&#8217;assembl\u00e9e g\u00e9n\u00e9rale extraordinaire qui d\u00e9butera \u00e0 18h :<\/p>\n<\/div>\n<ul>\n<li style=\"text-align: justify;\">Modifications des statuts<\/li>\n<\/ul>\n<div style=\"text-align: justify;\">\u00c0 l\u2019ordre du jour de l&#8217;assembl\u00e9e g\u00e9n\u00e9rale ordinaire qui d\u00e9butera \u00e0 18h15 :<\/div>\n<ul>\n<li style=\"text-align: justify;\">Validation du proc\u00e8s-verbal de la derni\u00e8re assembl\u00e9e g\u00e9n\u00e9rale (vote)<\/li>\n<li style=\"text-align: justify;\">Pr\u00e9sentation du rapport moral et bilan d&#8217;activit\u00e9 de l\u2019association (vote)<\/li>\n<li style=\"text-align: justify;\">Pr\u00e9sentation du rapport financier (vote)<\/li>\n<li style=\"text-align: justify;\">Information vie des antennes et pr\u00e9sentation du projet 2022\/2023<\/li>\n<li style=\"text-align: justify;\">Pr\u00e9sentation du budget pr\u00e9visionnel<\/li>\n<li style=\"text-align: justify;\">Pr\u00e9sentation et \u00e9lection des candidat\u00b7es au conseil d&#8217;administration pour le tiers renouvelable (vote)<\/li>\n<li style=\"text-align: justify;\">Questions diverses<\/li>\n<\/ul>\n<div>\n<p style=\"text-align: justify;\">Fin estim\u00e9e vers 21h.<\/p>\n<p style=\"text-align: justify;\"><strong>Seul\u00b7es les adh\u00e9rent\u00b7es \u00e0 jour de leur cotisation 2022, au 1er juillet 2022, pourront voter.<\/strong><\/p>\n<p style=\"text-align: justify;\">Pour y assister : <a href=\"https:\/\/zoom.us\/webinar\/register\/WN_tn-daKWQRc6wjj_UVhvXxA\"><strong>inscrivez-vous sur ce formulaire en ligne<\/strong><\/a>. Un lien de connexion vous sera ensuite envoy\u00e9. <\/p>\n<p style=\"text-align: justify;\">Pour les adh\u00e9rent\u00b7es de l&#8217;association, un syst\u00e8me de vote en ligne sera propos\u00e9. Si vous ne pouvez pas assister \u00e0 l&#8217;assembl\u00e9e g\u00e9n\u00e9rale et que vous souhaitez voter, <a href=\"https:\/\/utopia56.org\/vote-ag-2022\/\">cliquez ici pour acc\u00e9der aux formulaires de votes<\/a>, en \u00e9tant connect\u00e9\u00b7e \u00e0 votre compte sur le site internet.<\/p>\n<\/div>\n<div><\/div>\n<h3 style=\"text-align: justify;\">Documents de pr\u00e9paration de l&#8217;Assembl\u00e9e g\u00e9n\u00e9rale 2022<\/h3>\n<ul>\n<li style=\"text-align: justify;\"><a href=\"https:\/\/utopia56.org\/wp-content\/uploads\/2022\/07\/Statuts-Utopia-56-2022-Propositions-AG.pdf\" target=\"_blank\" rel=\"noopener noreferrer\">Proposition de modification de statuts (en jaune) (lien PDF)<\/a><\/li>\n<li style=\"text-align: justify;\"><a href=\"https:\/\/utopia56.org\/wp-content\/uploads\/2022\/06\/PV-AGE_AGO-Utopia-56-2021.pdf\" target=\"_blank\" rel=\"noopener\">Proc\u00e8s-verbal de l&#8217;assembl\u00e9e g\u00e9n\u00e9rale 2021 (lien PDF<\/a>)<\/li>\n<li style=\"text-align: justify;\"><a href=\"https:\/\/utopia56.org\/sortie-de-notre-rapport-dactivite-2021\/\" target=\"_blank\" rel=\"noopener\">Rapport moral et bilan d&#8217;activit\u00e9 2021 (lien PDF)<\/a><\/li>\n<li style=\"text-align: justify;\"><a href=\"https:\/\/utopia56.org\/wp-content\/uploads\/2022\/06\/Utopia-56-CA-31.12.2021.pdf\" target=\"_blank\" rel=\"noopener noreferrer\">Rapport financier 2021 (lien PDF<\/a>)<\/li>\n<\/ul>\n<h3 style=\"text-align: justify;\">5 Candidat\u00b7es au conseil d&#8217;administration<\/h3>\n<p style=\"text-align: justify;\"><b>Emile Josso, <\/b>b\u00e9n\u00e9vole \u00e0 Rennes depuis deux ans, principalement aupr\u00e8s des familles \u00e0 la rue, et ancien volontaire en service civique de l&#8217;association <i>(membre sortant du CA, dont le mandat se termine)<\/i> : &#8220;<span style=\"background-color: rgba(255, 255, 255, 0); color: var(--body_typography-color); font-family: var(--body_typography-font-family); font-size: var(--body_typography-font-size); font-style: var(--body_typography-font-style,normal); font-weight: var(--body_typography-font-weight); letter-spacing: var(--body_typography-letter-spacing);\">Au sein du CA, j&#8217;ai au cours de cette ann\u00e9e particip\u00e9 en petite partie \u00e0 l&#8217;\u00e9laboration du site web ; \u00e9t\u00e9 membre de plusieurs groupes de travail interne ; et participant actif lors des \u00e9changes. J&#8217;aimerais pouvoir continuer les travaux entam\u00e9s, tout en suivant le back-office de l&#8217;association en tant que repr\u00e9sentant de l&#8217;antenne bretonne.&#8221;<\/span><\/p>\n<p style=\"text-align: justify;\"><span style=\"background-color: rgba(255, 255, 255, 0); color: var(--body_typography-color); font-family: var(--body_typography-font-family); font-size: var(--body_typography-font-size); font-style: var(--body_typography-font-style,normal); letter-spacing: var(--body_typography-letter-spacing);\"><b>Christine Momont,<\/b><\/span><span style=\"background-color: rgba(255, 255, 255, 0); color: var(--body_typography-color); font-family: var(--body_typography-font-family); font-size: var(--body_typography-font-size); font-style: var(--body_typography-font-style,normal); font-weight: var(--body_typography-font-weight); letter-spacing: var(--body_typography-letter-spacing);\"> b\u00e9n\u00e9vole \u00e0 Lille<\/span><span style=\"background-color: rgba(255, 255, 255, 0); color: var(--body_typography-color); font-family: var(--body_typography-font-family); font-size: var(--body_typography-font-size); font-weight: var(--body_typography-font-weight); letter-spacing: var(--body_typography-letter-spacing);\"><i> (coopt\u00e9e au CA en janvier 2022, en l&#8217;absence jusqu&#8217;alors d&#8217;\u00e9lu\u00b7es pour l&#8217;antenne de Lille)<\/i><\/span><span style=\"background-color: rgba(255, 255, 255, 0); color: var(--body_typography-color); font-family: var(--body_typography-font-family); font-size: var(--body_typography-font-size); font-style: var(--body_typography-font-style,normal); font-weight: var(--body_typography-font-weight); letter-spacing: var(--body_typography-letter-spacing);\"> : &#8220;J<\/span><span style=\"background-color: rgba(255, 255, 255, 0); color: var(--body_typography-color); font-family: var(--body_typography-font-family); font-size: var(--body_typography-font-size); font-style: var(--body_typography-font-style,normal); font-weight: var(--body_typography-font-weight); letter-spacing: var(--body_typography-letter-spacing);\">e suis b\u00e9n\u00e9vole \u00e0 l\u2019antenne de Lille, et faire le lien entre le travail de terrain et les r\u00e9flexions \u00e0 mener en terme de structuration et de gestion me parait fondamental.Il y a de nombreux chantiers \u00e0 mener et j\u2019esp\u00e8re pouvoir y apporter ma contribution. <\/span><span style=\"background-color: rgba(255, 255, 255, 0); color: var(--body_typography-color); font-family: var(--body_typography-font-family); font-size: var(--body_typography-font-size); font-style: var(--body_typography-font-style,normal); font-weight: var(--body_typography-font-weight); letter-spacing: var(--body_typography-letter-spacing);\">Je me suis d\u00e9j\u00e0 beaucoup investie et j\u2019aimerais pouvoir continuer l\u2019aventure avec vous . <\/span><span style=\"background-color: rgba(255, 255, 255, 0); color: var(--body_typography-color); font-family: var(--body_typography-font-family); font-size: var(--body_typography-font-size); font-style: var(--body_typography-font-style,normal); font-weight: var(--body_typography-font-weight); letter-spacing: var(--body_typography-letter-spacing);\">Je suis en retraite depuis maintenant 2 ans, et j\u2019ai d\u00e9cid\u00e9 de consacrer le plus de temps possible \u00e0 l\u2019aide aux personnes les plus vuln\u00e9rables, notamment les migrants. <\/span><span style=\"background-color: rgba(255, 255, 255, 0); color: var(--body_typography-color); font-family: var(--body_typography-font-family); font-size: var(--body_typography-font-size); font-style: var(--body_typography-font-style,normal); font-weight: var(--body_typography-font-weight); letter-spacing: var(--body_typography-letter-spacing);\">Je suis par ailleurs membre d\u2019une association qui aide les jeunes dipl\u00f4m\u00e9s issus de milieux d\u00e9favoris\u00e9s \u00e0 trouver du travail en les accompagnant tout au long de leur parcours de recherche. <\/span><span style=\"background-color: rgba(255, 255, 255, 0); color: var(--body_typography-color); font-family: var(--body_typography-font-family); font-size: var(--body_typography-font-size); font-style: var(--body_typography-font-style,normal); font-weight: var(--body_typography-font-weight); letter-spacing: var(--body_typography-letter-spacing);\">Mon engagement personnel est de pouvoir continuer \u00e0 apporter mon aide aux personnes en difficult\u00e9.je me reconnais dans les valeurs d\u2019Utopia 56;pour toutes ces raisons, je renouvelle ma candidature au CA.&#8221;<\/span><\/p>\n<p style=\"text-align: justify;\"><span style=\"background-color: rgba(255, 255, 255, 0); color: var(--body_typography-color); font-family: var(--body_typography-font-family); font-size: var(--body_typography-font-size); font-style: var(--body_typography-font-style,normal); letter-spacing: var(--body_typography-letter-spacing);\"><b>Frederic Josso, <\/b><\/span><span style=\"background-color: rgba(255, 255, 255, 0); color: var(--body_typography-color); font-family: var(--body_typography-font-family); font-size: var(--body_typography-font-size); font-style: var(--body_typography-font-style,normal); font-weight: var(--body_typography-font-weight); letter-spacing: var(--body_typography-letter-spacing);\">b\u00e9n\u00e9vole \u00e0 Paris et \u00e0 la comptabilit\u00e9 de l&#8217;association : &#8220;<\/span><span style=\"background-color: rgba(255, 255, 255, 0); color: var(--body_typography-color); font-family: var(--body_typography-font-family); font-size: var(--body_typography-font-size); font-style: var(--body_typography-font-style,normal); font-weight: var(--body_typography-font-weight); letter-spacing: var(--body_typography-letter-spacing);\">Je suis engag\u00e9 au sein de l&#8217;association depuis son arriv\u00e9e sur Paris. <\/span><span style=\"background-color: rgba(255, 255, 255, 0); color: var(--body_typography-color); font-family: var(--body_typography-font-family); font-size: var(--body_typography-font-size); font-style: var(--body_typography-font-style,normal); font-weight: var(--body_typography-font-weight); letter-spacing: var(--body_typography-letter-spacing);\">J&#8217;ai d&#8217;abord \u00e9t\u00e9 b\u00e9n\u00e9vole puis coordinateur sur le camp de la porte de la Chapelle et a l ext\u00e9rieur lorsque nous en sommes sorti. <\/span><span style=\"background-color: rgba(255, 255, 255, 0); color: var(--body_typography-color); font-family: var(--body_typography-font-family); font-size: var(--body_typography-font-size); font-style: var(--body_typography-font-style,normal); font-weight: var(--body_typography-font-weight); letter-spacing: var(--body_typography-letter-spacing);\">J&#8217;ai ensuite \u00e9t\u00e9 membre du CA et du bureau durant 1 an en 2019. <\/span><span style=\"background-color: rgba(255, 255, 255, 0); color: var(--body_typography-color); font-family: var(--body_typography-font-family); font-size: var(--body_typography-font-size); font-style: var(--body_typography-font-style,normal); font-weight: var(--body_typography-font-weight); letter-spacing: var(--body_typography-letter-spacing);\">J&#8217;a depuis continu\u00e9 \u00e0 aider \u00e0 la gestion des comptes. <\/span><span style=\"background-color: rgba(255, 255, 255, 0); color: var(--body_typography-color); font-family: var(--body_typography-font-family); font-size: var(--body_typography-font-size); font-style: var(--body_typography-font-style,normal); font-weight: var(--body_typography-font-weight); letter-spacing: var(--body_typography-letter-spacing);\">Je d\u00e9sire m impliquer \u00e0 nouveau au sein de l&#8217;\u00e9quipe. Je suis pr\u00eat aussi \u00e0 y exercer le poste de tr\u00e9sorier.&#8221; <\/span><\/p>\n<p style=\"text-align: justify;\"><span style=\"background-color: rgba(255, 255, 255, 0); color: var(--body_typography-color); font-family: var(--body_typography-font-family); font-size: var(--body_typography-font-size); font-style: var(--body_typography-font-style,normal); letter-spacing: var(--body_typography-letter-spacing);\"><b>Loan Chau,<\/b><\/span><span style=\"background-color: rgba(255, 255, 255, 0); color: var(--body_typography-color); font-family: var(--body_typography-font-family); font-size: var(--body_typography-font-size); font-style: var(--body_typography-font-style,normal); font-weight: var(--body_typography-font-weight); letter-spacing: var(--body_typography-letter-spacing);\"> b\u00e9n\u00e9vole en Ile-de-France et co-pr\u00e9sidente depuis 1 an <\/span><span style=\"background-color: rgba(255, 255, 255, 0); color: var(--body_typography-color); font-family: var(--body_typography-font-family); font-size: var(--body_typography-font-size); font-weight: var(--body_typography-font-weight); letter-spacing: var(--body_typography-letter-spacing);\"><i>(membre sortante du CA, dont le mandat se termine)<\/i> : &#8220;<\/span><span style=\"background-color: rgba(255, 255, 255, 0); color: var(--body_typography-color); font-family: var(--body_typography-font-family); font-size: var(--body_typography-font-size); font-style: var(--body_typography-font-style,normal); font-weight: var(--body_typography-font-weight); letter-spacing: var(--body_typography-letter-spacing);\">Mon mandat finissant cette ann\u00e9e, j\u2019aimerai continuer \u00e0 travailler \u00e0 la structuration de l\u2019association et ainsi \u00e0 soulager (je l\u2019esp\u00e8re) l\u2019\u00e9quipe des coordinatrices nationales et le DG sur des sujets pr\u00e9cis. Plusieurs axes de travail sont en cours gr\u00e2ce \u00e0 la plupart d\u2019entre vous (COCO Welfare, COCO revenu, COCO plaidoyer), j\u2019aimerai continuer \u00e0 y participer. <\/span><span style=\"background-color: rgba(255, 255, 255, 0); color: var(--body_typography-color); font-family: var(--body_typography-font-family); font-size: var(--body_typography-font-size); font-style: var(--body_typography-font-style,normal); font-weight: var(--body_typography-font-weight); letter-spacing: var(--body_typography-letter-spacing);\">D\u2019autres sujets structurants sont \u00e0 lancer (communication interne b\u00e9n\u00e9vole\/CA, bureau directeur) ou \u00e0 re-questionner (plateforme d\u2019\u00e9coute) ou \u00e0 consolider (gestion des b\u00e9n\u00e9voles\/SC\/salari\u00e9s) car c\u2019est ce que j\u2019appr\u00e9cie \u00e0 Utopia 56, nous sommes \u00e0 l\u2019\u00e9coute de chacun et chacune et cherchons toujours \u00e0 nous am\u00e9liorer et toujours dans l\u2019optique du bien \u00eatre de nos membres et pour le bien des personnes \u00e0 la rue. <\/span><span style=\"background-color: rgba(255, 255, 255, 0); color: var(--body_typography-color); font-family: var(--body_typography-font-family); font-size: var(--body_typography-font-size); font-style: var(--body_typography-font-style,normal); font-weight: var(--body_typography-font-weight); letter-spacing: var(--body_typography-letter-spacing);\">Aussi je candidate \u00e0 nouveau au CA d\u2019Utopia 56 pour contribuer \u00e0 ces travaux et y apporter la vision d\u2019une personne, ayant travaill\u00e9 dans des associations humanitaires, en tant que logisticienne, puis \u00e0 La Poste, comme acheteuse et ensuite comme chef de projet sur des sujets de responsabilit\u00e9 sociale et environnementale.&#8221;<\/span><\/p>\n<p style=\"text-align: justify;\">Loic Le Moal, b\u00e9n\u00e9vole historique de l&#8217;association, aidant \u00e0 la gestion comptable et financi\u00e8re.<\/p>\n<p style=\"text-align: justify;\"><i>Pas de lien de parent\u00e9 entre les deux candidats &#8220;Josso&#8221;. <\/i><\/p>\n<\/div><\/div><\/div><\/div><\/div>\n","protected":false},"excerpt":{"rendered":"","protected":false},"author":1,"featured_media":4910,"comment_status":"closed","ping_status":"open","sticky":false,"template":"","format":"standard","meta":{"footnotes":""},"categories":[18,12,29,14,13,16,7,10,11,9],"tags":[],"class_list":["post-4907","post","type-post","status-publish","format-standard","has-post-thumbnail","hentry","category-article","category-calais","category-dijon","category-grande-synthe","category-lille","category-lorient","category-paris","category-rennes","category-toulouse","category-tours"],"_links":{"self":[{"href":"http:\/\/test.utopia56.org\/index.php\/wp-json\/wp\/v2\/posts\/4907","targetHints":{"allow":["GET"]}}],"collection":[{"href":"http:\/\/test.utopia56.org\/index.php\/wp-json\/wp\/v2\/posts"}],"about":[{"href":"http:\/\/test.utopia56.org\/index.php\/wp-json\/wp\/v2\/types\/post"}],"author":[{"embeddable":true,"href":"http:\/\/test.utopia56.org\/index.php\/wp-json\/wp\/v2\/users\/1"}],"replies":[{"embeddable":true,"href":"http:\/\/test.utopia56.org\/index.php\/wp-json\/wp\/v2\/comments?post=4907"}],"version-history":[{"count":0,"href":"http:\/\/test.utopia56.org\/index.php\/wp-json\/wp\/v2\/posts\/4907\/revisions"}],"wp:featuredmedia":[{"embeddable":true,"href":"http:\/\/test.utopia56.org\/index.php\/wp-json\/"}],"wp:attachment":[{"href":"http:\/\/test.utopia56.org\/index.php\/wp-json\/wp\/v2\/media?parent=4907"}],"wp:term":[{"taxonomy":"category","embeddable":true,"href":"http:\/\/test.utopia56.org\/index.php\/wp-json\/wp\/v2\/categories?post=4907"},{"taxonomy":"post_tag","embeddable":true,"href":"http:\/\/test.utopia56.org\/index.php\/wp-json\/wp\/v2\/tags?post=4907"}],"curies":[{"name":"wp","href":"https:\/\/api.w.org\/{rel}","templated":true}]}}