{"id":4770,"date":"2022-06-02T10:38:44","date_gmt":"2022-06-02T08:38:44","guid":{"rendered":"https:\/\/utopia56.org\/?p=4770"},"modified":"2022-06-02T10:38:44","modified_gmt":"2022-06-02T08:38:44","slug":"manifestation-mineursalarue-didier-lallement-et-gerald-darmanin-sattaquent-aux-libertes-fondamentales-sans-succes","status":"publish","type":"post","link":"http:\/\/test.utopia56.org\/index.php\/2022\/06\/02\/manifestation-mineursalarue-didier-lallement-et-gerald-darmanin-sattaquent-aux-libertes-fondamentales-sans-succes\/","title":{"rendered":"Manifestation #Mineurs\u00e0larue : Didier Lallement et G\u00e9rald Darmanin s&#8217;attaquent aux libert\u00e9s fondamentales, sans succ\u00e8s."},"content":{"rendered":"<p><span style=\"font-weight: 400;\">Depuis le samedi 28 mai, dans le cadre d\u2019une manifestation d\u00e9clar\u00e9e, une cinquantaine de jeunes \u00e0 la rue dorment sous des tentes place de la Bastille \u00e0 Paris. <\/span><b>La pr\u00e9fecture de police de Paris avait dans un premier temps publi\u00e9 un arr\u00eat\u00e9 d\u2019interdiction<\/b><span style=\"font-weight: 400;\"> avant de se voir retoqu\u00e9 devant le tribunal administratif. Avec le m\u00eame objectif, <\/span><b>le ministre de l\u2019Interieur<\/b><b> a fait appel de cette d\u00e9cision devant <\/b><b>le conseil d\u2019\u00c9tat, qui a finalement rejet\u00e9 sa requ\u00eate.\u00a0<\/b><\/p>\n<p><span style=\"font-weight: 400;\">Trop de policiers \u00e0 mobiliser, atteinte \u00e0 la dignit\u00e9 <\/span><span style=\"font-weight: 400;\">humaine<\/span><span style=\"font-weight: 400;\">, pas de douches \u00e0 proximit\u00e9, d\u00e9tournement du droit de manifester\u2026 tant d\u2019arguments avanc\u00e9s par les autorit\u00e9s pour interdire notre manifestation en faveur de la protection des mineurs non accompagn\u00e9s.<\/span><\/p>\n<p><span style=\"font-weight: 400;\">Dans l\u2019ordonnance publi\u00e9 le 31 mai 2022, la r\u00e9ponse du conseil d\u2019\u00c9tat est claire : \u00ab le ministre de l\u2019int\u00e9rieur soutient que l\u2019objet de la manifestation serait contraire \u00e0 la dignit\u00e9 de la personne humaine et donc \u00e0 l\u2019ordre public, en ce qu\u2019il s\u2019agit de maintenir sous tentes une trentaine de mineurs sur un campement install\u00e9 place de la Bastille, dans des conditions d\u2019accueil ne pr\u00e9servant pas leur dignit\u00e9 et s\u00e9curit\u00e9, et ce dans le seul but de les rendre visibles. Toutefois, la seule circonstance que soient impliqu\u00e9s des mineurs n\u2019est pas de nature \u00e0 caract\u00e9riser \u00e0 elle seule une atteinte \u00e0 la dignit\u00e9 de ceux-ci, alors que l\u2019action en cause vise pr\u00e9cis\u00e9ment \u00e0 attirer l\u2019attention sur<\/span><b> l\u2019insuffisance des structures d\u2019accompagnement et d\u2019h\u00e9bergement des mineurs \u00e9trangers non accompagn\u00e9s.<\/b><span style=\"font-weight: 400;\"> \u00bb<\/span><\/p>\n<p>&nbsp;<\/p>\n<p><span style=\"font-weight: 400;\">Cette manifestation intervient dans un contexte de <\/span><b>harc\u00e8lement quotidien de la pr\u00e9fecture de police<\/b><span style=\"font-weight: 400;\"> \u00e0 l\u2019encontre des personnes exil\u00e9es install\u00e9es en campements, notamment des mineurs isol\u00e9s et des familles. Depuis des mois, nos \u00e9quipes accompagnent ces jeunes, notamment avec l\u2019objectif de trouver un endroit o\u00f9 passer la nuit. Chaque soir, les jeunes se retrouvent repouss\u00e9s hors de Paris par la police, <\/span><b>avec l\u2019objectif clair de les invisibiliser et de ne leur laisser aucun r\u00e9pit.<\/b><\/p>\n<p><span style=\"font-weight: 400;\">De nombreux courriers ont \u00e9t\u00e9 envoy\u00e9s \u00e0 la pr\u00e9fecture de r\u00e9gion, ainsi qu\u2019\u00e0 la mairie de Paris afin de pouvoir d\u00e9finir un lieu ou les personnes pourraient s\u2019installer sans \u00eatre d\u00e9log\u00e9es, et ce tant qu\u2019aucune solution d\u2019h\u00e9bergement ne leur serait propos\u00e9e. <\/span><b>Toutes ces demandes sont rest\u00e9es sans r\u00e9ponse.<\/b><\/p>\n<p><span style=\"font-weight: 400;\">L\u2019argument li\u00e9 \u00e0 la non-pr\u00e9sence de bains douches \u00e0 imm\u00e9diate proximit\u00e9 est d\u2019autant plus <\/span><b>hypocrite et discriminant<\/b><span style=\"font-weight: 400;\"> que ces jeunes survivent d\u00e9j\u00e0 dans un contexte de rue. Que chaque jour, ils doivent se rendre au sein d\u2019accueils de jour et d\u2019infrastructures publiques afin de pouvoir justement se laver.<\/span><\/p>\n<p><span style=\"font-weight: 400;\">Cette manifestation a pour objectif premier de faire reconna\u00eetre le droit \u00e0 la <\/span><b>pr\u00e9somption de minorit\u00e9<\/b><span style=\"font-weight: 400;\"> dans le respect de <\/span><b>l&#8217;int\u00e9r\u00eat sup\u00e9rieur de l\u2019enfant,<\/b><span style=\"font-weight: 400;\"> comme mentionn\u00e9 dans l\u2019article 3 de la Convention de l\u2019ONU relative aux droits de l\u2019enfant. Cette reconnaissance, <\/span><a href=\"https:\/\/utopia56.org\/mineures-et-mineurs-en-danger-a-la-rue-il-est-urgent-de-les-proteger\/\"><span style=\"font-weight: 400;\">demand\u00e9e par 52 associations partout en France,<\/span><\/a><span style=\"font-weight: 400;\"> aurait pour r\u00e9sultats l\u2019h\u00e9bergement et l\u2019accompagnement de milliers de jeunes abandonn\u00e9s \u00e0 la rue chaque ann\u00e9e, et ce, dans le <\/span><b>respect effectif de leur dignit\u00e9. <\/b><span style=\"font-weight: 400;\">Parall\u00e8lement, le comit\u00e9 des droits de l\u2019enfant de l\u2019ONU vient d\u2019ouvrir <\/span><a href=\"https:\/\/www.cofrade.org\/mineurs-non-accompagnes-lonu-ouvre-une-enquete-en-france\/\"><span style=\"font-weight: 400;\">une enqu\u00eate en France sur le traitement des mineurs non accompagn\u00e9s.<\/span><\/a><\/p>\n<p><span style=\"font-weight: 400;\">Une fois encore, le ministre de l\u2019Interieur tend \u00e0 <\/span><b>entraver l\u2019action humanitaire et sociale<\/b><span style=\"font-weight: 400;\"> men\u00e9e par notre association, qui pourtant a pour objectif de faire perdurer un <\/span><b>\u201ccontrat social\u201d<\/b><span style=\"font-weight: 400;\"> \u00e0 la hauteur des engagements nationaux et internationaux de la France. Si une telle pression est mise sur cette mobilisation, c\u2019est qu\u2019elle va \u00e0 l\u2019encontre des <\/span><b>strat\u00e9gies de dissuasion mises en place par l\u2019\u00c9tat<\/b><span style=\"font-weight: 400;\"> dans le cadre de sa politique migratoire : rue, harc\u00e8lement, solitude.<\/span><\/p>\n<p><span style=\"font-weight: 400;\">Install\u00e9 depuis maintenant six jours, tout se passe bien sur le campement place de la Bastille. \u00c0 ce jour, 50 jeunes sont pr\u00e9sents mais <\/span><b>leur nombre ne cesse d\u2019augmenter au fil des refus par les dispositifs d\u00e9partementaux d\u2019\u00e9valuation de la minorit\u00e9.<\/b><span style=\"font-weight: 400;\"> Ni Dominique Versini, en charge de la protection de l\u2019enfance \u00e0 Paris, ni Charlotte Caubel, secr\u00e9taire d\u2019\u00c9tat \u00e0 la protection de l\u2019enfance, n\u2019ont pour le moment r\u00e9pondu \u00e0 nos appels au dialogue.<\/span><\/p>\n<p><i><span style=\"font-weight: 400;\">\u201cIci on est tous ensemble, on a les m\u00eames probl\u00e8mes du coup on est soud\u00e9s. On aimerait que les passants nous voient, qu\u2019ils pensent \u00e0 nous. On a besoin d\u2019aide.\u201d<\/span><\/i><span style=\"font-weight: 400;\"> Mohammed, 16 ans, dort place de la Bastille.<\/span><\/p>\n","protected":false},"excerpt":{"rendered":"<p>Depuis le samedi 28 mai, dans le cadre d\u2019une manifestation  [&#8230;]<\/p>\n","protected":false},"author":1,"featured_media":4776,"comment_status":"closed","ping_status":"open","sticky":false,"template":"","format":"standard","meta":{"footnotes":""},"categories":[28,6,7],"tags":[],"class_list":["post-4770","post","type-post","status-publish","format-standard","has-post-thumbnail","hentry","category-antenne","category-communique","category-paris"],"_links":{"self":[{"href":"http:\/\/test.utopia56.org\/index.php\/wp-json\/wp\/v2\/posts\/4770","targetHints":{"allow":["GET"]}}],"collection":[{"href":"http:\/\/test.utopia56.org\/index.php\/wp-json\/wp\/v2\/posts"}],"about":[{"href":"http:\/\/test.utopia56.org\/index.php\/wp-json\/wp\/v2\/types\/post"}],"author":[{"embeddable":true,"href":"http:\/\/test.utopia56.org\/index.php\/wp-json\/wp\/v2\/users\/1"}],"replies":[{"embeddable":true,"href":"http:\/\/test.utopia56.org\/index.php\/wp-json\/wp\/v2\/comments?post=4770"}],"version-history":[{"count":0,"href":"http:\/\/test.utopia56.org\/index.php\/wp-json\/wp\/v2\/posts\/4770\/revisions"}],"wp:featuredmedia":[{"embeddable":true,"href":"http:\/\/test.utopia56.org\/index.php\/wp-json\/"}],"wp:attachment":[{"href":"http:\/\/test.utopia56.org\/index.php\/wp-json\/wp\/v2\/media?parent=4770"}],"wp:term":[{"taxonomy":"category","embeddable":true,"href":"http:\/\/test.utopia56.org\/index.php\/wp-json\/wp\/v2\/categories?post=4770"},{"taxonomy":"post_tag","embeddable":true,"href":"http:\/\/test.utopia56.org\/index.php\/wp-json\/wp\/v2\/tags?post=4770"}],"curies":[{"name":"wp","href":"https:\/\/api.w.org\/{rel}","templated":true}]}}