{"id":4427,"date":"2022-05-10T15:33:54","date_gmt":"2022-05-10T13:33:54","guid":{"rendered":"https:\/\/utopia56.org\/?p=4427"},"modified":"2022-05-10T15:33:54","modified_gmt":"2022-05-10T13:33:54","slug":"a-grande-synthe-les-personnes-non-identifiables-accedent-enfin-a-la-justice","status":"publish","type":"post","link":"http:\/\/test.utopia56.org\/index.php\/2022\/05\/10\/a-grande-synthe-les-personnes-non-identifiables-accedent-enfin-a-la-justice\/","title":{"rendered":"Expulsions \u00e0 Grande-Synthe, les personnes \u201cnon identifiables\u201d acce\u0300dent enfin a\u0300 la justice"},"content":{"rendered":"<div class=\"page\" title=\"Page 1\">\n<div class=\"layoutArea\">\n<div class=\"column\">\n<p><em>Suite a\u0300 la destruction totale de deux lieux de vie informels a\u0300 Grande-Synthe les 13 et 26 octobre 2021, des personnes exile\u0301es avaient saisi de\u0301but de\u0301cembre 2021 le Tribunal judiciaire de Dunkerque avec l\u2019assistance de leur conseil Mai\u0302tre Je\u0301rome Giusti et avec le soutien de Human Rights Observers (projet soutenu par l\u2019Auberge des Migrants) et d\u2019Utopia 56. L\u2019audience avait lieu ce matin a\u0300 10h afin d\u2019attaquer la le\u0301galite\u0301 de ces ope\u0301rations d\u2019expulsion et de faire condamner en conse\u0301quence la commune de Grande-Synthe.<\/em><\/p>\n<p>Dans le cadre de la politique publique de harce\u0300lement et de dissuasion dite de \u00ab lutte contre les points de fixation \u00bb mene\u0301e a\u0300 la frontie\u0300re franco-britannique, 1287 expulsions de terrain ont e\u0301te\u0301 mene\u0301es dans le Calaisis et le Dunkerquois en 2021. A\u0300 l\u2019automne 2021, plus de 1000 personnes survivaient dans plusieurs lieux de vie a\u0300 Grande-Synthe et notamment au lieu-dit du Pre\u0301dembourg, parmi lesquelles de tre\u0300s nombreuses familles avec enfants. Les 13 et 26 octobre 2021, deux expulsions de grande ampleur, ordonne\u0301es par M. le Maire de Grande-Synthe, ont e\u0301te\u0301 mene\u0301es par un important dispositif policier. Comme d\u2019habitude, aucun.e habitant.e n\u2019avait e\u0301te\u0301 pre\u0301alablement informe\u0301.e. Leurs abris de fortune ainsi que certaines de leurs affaires personnelles (papiers d\u2019identite\u0301, te\u0301le\u0301phones portables, me\u0301dicaments, couvertures, etc.) ont e\u0301te\u0301 de\u0301truits sur place ou jete\u0301s aux ordures par la socie\u0301te\u0301 Rame\u0301ry, sans que les personnes n\u2019aient la possibilite\u0301 de les re\u0301cupe\u0301rer, tout ceci en pre\u0301sence de l\u2019huissier en charge de ces ope\u0301rations et de Herve\u0301 Tourmente, sous-pre\u0301fet de Dunkerque.<\/p>\n<p>Vise\u0301.e.s par la me\u0302me rhe\u0301torique xe\u0301nophobe utilise\u0301e par les autorite\u0301s proce\u0301dant aux expulsions a\u0300 Calais, les habitant.e.s de ces lieux sont re\u0301duit.e.s une fois de plus a\u0300 des personnes \u00ab non de\u0301nomme\u0301es et non identifiables \u00bb. Constamment invisibilise\u0301es et prive\u0301es de leurs droits et de leur voix, les personnes exile\u0301es n\u2019ont pas rec\u0327u notification du proce\u0300s-verbal d\u2019expulsion, comme le veut la loi, rendant difficile tout recours devant un juge. En outre, ces expulsions laissent toujours la tre\u0300s grande majorite\u0301 des personnes sans solution d\u2019he\u0301bergement, les dispositifs mis en place par l\u2019E\u0301tat e\u0301tant sous-dimensionne\u0301s et inadapte\u0301s a\u0300 la situation et au projet des personnes.<\/p>\n<p>Avec l\u2019audience d\u2019aujourd\u2019hui, nous de\u0301nonc\u0327ons le cynisme des autorite\u0301s qui, en bafouant des re\u0300gles le\u0301gales de proce\u0301dure claires et non optionnelles, privent de leurs droits des personnes de\u0301ja\u0300 contraintes de vivre dans des conditions de\u0301plorables. Plus globalement, nous de\u0301nonc\u0327ons une politique publique violente qui se manifeste a\u0300 travers le harce\u0300lement, les vols et l\u2019intimidation envers les personnes en situation d\u2019exil, a\u0300 Grande-Synthe comme ailleurs, qui n\u2019est en rien une solution aux difficulte\u0301s des personnes contraintes a\u0300 l\u2019errance en Europe.<\/p>\n<\/div>\n<\/div>\n<p><strong>D\u00e9lib\u00e9r\u00e9 le 12 juillet.<\/strong><\/p>\n<div class=\"layoutArea\">\n<div class=\"page\" title=\"Page 2\">\n<div class=\"layoutArea\">\n<div class=\"column\">\n<p>&nbsp;<\/p>\n<p><strong>Signataires :<\/strong><\/p>\n<p>ACCMV<br \/>\nAmiS<br \/>\nCNDH Romeurope<br \/>\nGISTI<br \/>\nHuman Rights Observers L\u2019Auberge des Migrants<br \/>\nLa Cimade Grande-Synthe LDH Dunkerque<br \/>\nMobile Refugee Support (MRS) Mrap<br \/>\nRefugee Women\u2019s Centre Roots<br \/>\nSA VE<br \/>\nSolidarity Border<br \/>\nUtopia 56<\/p>\n<\/div>\n<\/div>\n<\/div>\n<\/div>\n<\/div>\n","protected":false},"excerpt":{"rendered":"<p>Suite a\u0300 la destruction totale de deux lieux de vie  [&#8230;]<\/p>\n","protected":false},"author":1,"featured_media":4428,"comment_status":"closed","ping_status":"open","sticky":false,"template":"","format":"standard","meta":{"footnotes":""},"categories":[6,14],"tags":[],"class_list":["post-4427","post","type-post","status-publish","format-standard","has-post-thumbnail","hentry","category-communique","category-grande-synthe"],"_links":{"self":[{"href":"http:\/\/test.utopia56.org\/index.php\/wp-json\/wp\/v2\/posts\/4427","targetHints":{"allow":["GET"]}}],"collection":[{"href":"http:\/\/test.utopia56.org\/index.php\/wp-json\/wp\/v2\/posts"}],"about":[{"href":"http:\/\/test.utopia56.org\/index.php\/wp-json\/wp\/v2\/types\/post"}],"author":[{"embeddable":true,"href":"http:\/\/test.utopia56.org\/index.php\/wp-json\/wp\/v2\/users\/1"}],"replies":[{"embeddable":true,"href":"http:\/\/test.utopia56.org\/index.php\/wp-json\/wp\/v2\/comments?post=4427"}],"version-history":[{"count":0,"href":"http:\/\/test.utopia56.org\/index.php\/wp-json\/wp\/v2\/posts\/4427\/revisions"}],"wp:featuredmedia":[{"embeddable":true,"href":"http:\/\/test.utopia56.org\/index.php\/wp-json\/"}],"wp:attachment":[{"href":"http:\/\/test.utopia56.org\/index.php\/wp-json\/wp\/v2\/media?parent=4427"}],"wp:term":[{"taxonomy":"category","embeddable":true,"href":"http:\/\/test.utopia56.org\/index.php\/wp-json\/wp\/v2\/categories?post=4427"},{"taxonomy":"post_tag","embeddable":true,"href":"http:\/\/test.utopia56.org\/index.php\/wp-json\/wp\/v2\/tags?post=4427"}],"curies":[{"name":"wp","href":"https:\/\/api.w.org\/{rel}","templated":true}]}}