{"id":4127,"date":"2022-04-01T16:59:16","date_gmt":"2022-04-01T14:59:16","guid":{"rendered":"https:\/\/utopia56.org\/?p=4127"},"modified":"2022-04-01T16:59:16","modified_gmt":"2022-04-01T14:59:16","slug":"paris-manifestation-pour-un-accueil-digne-et-egal-pour-tous","status":"publish","type":"post","link":"http:\/\/test.utopia56.org\/index.php\/2022\/04\/01\/paris-manifestation-pour-un-accueil-digne-et-egal-pour-tous\/","title":{"rendered":"Paris : manifestation pour un accueil digne et \u00e9gal pour tous"},"content":{"rendered":"<div class=\"kvgmc6g5 cxmmr5t8 oygrvhab hcukyx3x c1et5uql\">Manifestation dimanche 3 avril 2022 a\u0300 Pantin. Rdv a\u0300 13h. De\u0301part 14h30. Sortie du me\u0301tro Raymond Queneau ligne 5<\/div>\n<p>\u00c0 Pantin, dans un parc, 130 tentes pour plus de 150 personnes. Cela fait plus de deux mois que des personnes exil\u00e9es principalement originaire d\u2019Afghanistan r\u00e9sident dans le campement du Cheval Noir, troisi\u00e8me campement afghan pantinois. Ils sont de plus en plus nombreux, \u00e9puis\u00e9s, dans des conditions de vie inacceptables. Voil\u00e0 des semaines que nous demandons la mise \u00e0 l\u2019abri pr\u00e9fectorale.<\/p>\n<p>Les multiples appels \u00e0 la solidarit\u00e9 avec les Ukrainien\u00b7nes et les moyens mis en place interrogent celles et ceux qui, depuis des mois, des ann\u00e9es, accueillent et secourent des personnes exil\u00e9es qui dorment sous des tentes. Une r\u00e9alit\u00e9 qui vient mettre en lumi\u00e8re le manque de volont\u00e9 d\u2019accueil des pouvoirs publics au d\u00e9triment du respect de la dignit\u00e9 et des droits humains.<\/p>\n<p>Le collectif Pantin Solidaire, Utopia 56, M\u00e9decins du Monde appellent avec plusieurs organisations de solidarit\u00e9 \u00e0 manifester <a href=\"https:\/\/utopia56.org\/36-associations-sassocient-pour-que-laccueil-digne-soit-la-regle-pas-lexception\/\" target=\"_blank\" rel=\"noopener\">pour que cesse cette diff\u00e9rence de traitement<\/a>, que toutes les personnes exil\u00e9es venant trouver refuge en France b\u00e9n\u00e9ficient d\u2019un accueil digne, inconditionnel et \u00e9gal.<\/p>\n<p><a href=\"https:\/\/www.facebook.com\/events\/4877137399082271\" target=\"_blank\" rel=\"noopener\">\u00c9v\u00e9nement en ligne sur Facebook.<\/a><\/p>\n","protected":false},"excerpt":{"rendered":"<p>Manifestation dimanche 3 avril 2022 a\u0300 Pantin. Rdv a\u0300 13h.  [&#8230;]<\/p>\n","protected":false},"author":1,"featured_media":4091,"comment_status":"closed","ping_status":"open","sticky":false,"template":"","format":"standard","meta":{"footnotes":""},"categories":[19,17,7],"tags":[],"class_list":["post-4127","post","type-post","status-publish","format-standard","has-post-thumbnail","hentry","category-acces-aux-droits-fondamentaux","category-manifestation","category-paris"],"_links":{"self":[{"href":"http:\/\/test.utopia56.org\/index.php\/wp-json\/wp\/v2\/posts\/4127","targetHints":{"allow":["GET"]}}],"collection":[{"href":"http:\/\/test.utopia56.org\/index.php\/wp-json\/wp\/v2\/posts"}],"about":[{"href":"http:\/\/test.utopia56.org\/index.php\/wp-json\/wp\/v2\/types\/post"}],"author":[{"embeddable":true,"href":"http:\/\/test.utopia56.org\/index.php\/wp-json\/wp\/v2\/users\/1"}],"replies":[{"embeddable":true,"href":"http:\/\/test.utopia56.org\/index.php\/wp-json\/wp\/v2\/comments?post=4127"}],"version-history":[{"count":0,"href":"http:\/\/test.utopia56.org\/index.php\/wp-json\/wp\/v2\/posts\/4127\/revisions"}],"wp:featuredmedia":[{"embeddable":true,"href":"http:\/\/test.utopia56.org\/index.php\/wp-json\/"}],"wp:attachment":[{"href":"http:\/\/test.utopia56.org\/index.php\/wp-json\/wp\/v2\/media?parent=4127"}],"wp:term":[{"taxonomy":"category","embeddable":true,"href":"http:\/\/test.utopia56.org\/index.php\/wp-json\/wp\/v2\/categories?post=4127"},{"taxonomy":"post_tag","embeddable":true,"href":"http:\/\/test.utopia56.org\/index.php\/wp-json\/wp\/v2\/tags?post=4127"}],"curies":[{"name":"wp","href":"https:\/\/api.w.org\/{rel}","templated":true}]}}