{"id":4103,"date":"2022-03-30T18:24:04","date_gmt":"2022-03-30T16:24:04","guid":{"rendered":"https:\/\/utopia56.org\/?p=4103"},"modified":"2022-03-30T18:24:04","modified_gmt":"2022-03-30T16:24:04","slug":"rennes-fin-de-loccupation-du-gymnase-de-la-poterie","status":"publish","type":"post","link":"http:\/\/test.utopia56.org\/index.php\/2022\/03\/30\/rennes-fin-de-loccupation-du-gymnase-de-la-poterie\/","title":{"rendered":"Rennes : fin de l&#8217;occupation du gymnase de la Poterie"},"content":{"rendered":"<div class=\"fusion-fullwidth fullwidth-box fusion-builder-row-1 fusion-flex-container nonhundred-percent-fullwidth non-hundred-percent-height-scrolling\" style=\"--awb-border-radius-top-left:0px;--awb-border-radius-top-right:0px;--awb-border-radius-bottom-right:0px;--awb-border-radius-bottom-left:0px;--awb-flex-wrap:wrap;\" ><div class=\"fusion-builder-row fusion-row fusion-flex-align-items-flex-start fusion-flex-content-wrap\" style=\"max-width:1248px;margin-left: calc(-4% \/ 2 );margin-right: calc(-4% \/ 2 );\"><div class=\"fusion-layout-column fusion_builder_column fusion-builder-column-0 fusion_builder_column_1_1 1_1 fusion-flex-column\" style=\"--awb-bg-size:cover;--awb-width-large:100%;--awb-margin-top-large:0px;--awb-spacing-right-large:1.92%;--awb-margin-bottom-large:0px;--awb-spacing-left-large:1.92%;--awb-width-medium:100%;--awb-spacing-right-medium:1.92%;--awb-spacing-left-medium:1.92%;--awb-width-small:100%;--awb-spacing-right-small:1.92%;--awb-spacing-left-small:1.92%;\"><div class=\"fusion-column-wrapper fusion-flex-justify-content-flex-start fusion-content-layout-column\"><div class=\"fusion-text fusion-text-1\"><h4>Le gymnase de la Poterie, occup\u00e9 \u00e0 Rennes depuis le 15 janvier 2022 par plus de 250 personnes, dont de nombreux enfants, a \u00e9t\u00e9 expuls\u00e9 ce mercredi matin. Aucune famille n&#8217;est \u00e0 la rue ce soir, mais leurs solutions d&#8217;h\u00e9bergement \u00e9tant de courte dur\u00e9e, nous continuons de les accompagner.<\/h4>\n<p>D\u00e9but janvier 2022, <strong>plus de 80 personnes se sont retrouv\u00e9es sans solution d\u2019h\u00e9bergement et \u00e0 la rue. <\/strong>Cela faisait suite \u00e0 la fin du Bec Rond, lieu d\u2019accueil mis \u00e0 disposition d&#8217;octobre 2021 \u00e0 janvier 2022 par les Eclaireuses et Eclaireurs de France, \u00e0 proximit\u00e9 de Rennes, pour palier une situation d\u00e9j\u00e0 pr\u00e9caire pour ces familles \u00e0 la rue.<\/p>\n<p><strong>La Mairie de Rennes et la Pr\u00e9fecture de Bretagne ne menant pas \u00e0 bien leur mission d&#8217;aide \u00e0 ces personnes et familles \u00e0 rue<\/strong>, le Collectif d\u2019Inter-organisation de soutien aux personnes exil\u00e9es <a href=\"https:\/\/utopia56.org\/requisition-dun-gymnase-a-rennes-afin-de-mettre-a-labri-105-personnes-dont-42-enfants\/\">a d\u00e9cid\u00e9<strong> d&#8217;occuper \u00e0 partir du 15 janvier 2022 le gymnase de la Poterie,<\/strong> \u00e0 Rennes<\/a>, <strong>pour que ces personnes ne se retrouvent pas \u00e0 la rue en pleine tr\u00eave hivernale et afin d&#8217;obtenir des solutions p\u00e9rennes.<\/strong><\/p>\n<div class=\"twitter-tweet twitter-tweet-rendered\" style=\"display: flex; max-width: 550px; width: 100%; margin-top: 10px; margin-bottom: 10px;\"><iframe id=\"twitter-widget-0\" scrolling=\"no\" frameborder=\"0\" allowtransparency=\"true\" allowfullscreen=\"true\" class=\"\" style=\"position: static; visibility: visible; width: 530px; height: 637px; display: block; flex-grow: 1;\" title=\"Twitter Tweet\" src=\"https:\/\/platform.twitter.com\/embed\/Tweet.html?dnt=false&amp;embedId=twitter-widget-0&amp;features=eyJ0ZndfZXhwZXJpbWVudHNfY29va2llX2V4cGlyYXRpb24iOnsiYnVja2V0IjoxMjA5NjAwLCJ2ZXJzaW9uIjpudWxsfSwidGZ3X2hvcml6b25fdHdlZXRfZW1iZWRfOTU1NSI6eyJidWNrZXQiOiJodGUiLCJ2ZXJzaW9uIjpudWxsfSwidGZ3X3NrZWxldG9uX2xvYWRpbmdfMTMzOTgiOnsiYnVja2V0IjoiY3RhIiwidmVyc2lvbiI6bnVsbH0sInRmd19zcGFjZV9jYXJkIjp7ImJ1Y2tldCI6Im9mZiIsInZlcnNpb24iOm51bGx9fQ%3D%3D&amp;frame=false&amp;hideCard=false&amp;hideThread=false&amp;id=1482376407124692997&amp;lang=fr&amp;origin=https%3A%2F%2Futopia56.org%2Frennes-fin-de-loccupation-du-gymnase-de-la-poterie%2F&amp;sessionId=48bffb2fe7978aaf3ced70445661a372d0d96d74&amp;theme=light&amp;widgetsVersion=2582c61%3A1645036219416&amp;width=550px\" data-tweet-id=\"1482376407124692997\" data-dashlane-frameid=\"1347\"><\/iframe><\/div>\n<p><script async=\"\" src=\"https:\/\/platform.twitter.com\/widgets.js\" charset=\"utf-8\"><\/script><\/p>\n<p>Ce lieu n&#8217;avait pas vocation \u00e0 devenir un h\u00e9bergement collectif, mais <strong>devait permettre de mettre les personnes \u00e0 l&#8217;abri et d&#8217;interpeller les autorit\u00e9s pour que des h\u00e9bergements dignes soient trouv\u00e9s<\/strong>. <a href=\"https:\/\/utopia56.org\/20-jours-doccupation-du-gymnase-de-la-poterie-a-rennes-et-toujours-aucune-solution-dhebergement-pour-les-familles\/\">Malheureusement, <strong>aucune proposition n\u2019a \u00e9t\u00e9 donn\u00e9e<\/strong> de leur part pour \u00e9viter \u00e0 ces personnes de cohabiter dans ce lieu totalement inadapt\u00e9.<\/a><\/p>\n<p>C\u2019est pourquoi, le gymnase a \u00e9t\u00e9 occup\u00e9 <strong>pendant presque 3 mois et a accueilli plus de 265 personnes dont 88 enfants<\/strong>.<\/p>\n<p>Au fil des semaines, de plus en plus de personnes vivant \u00e0 la rue sont arriv\u00e9es au gymnase, ce qui a rendu <strong>la vie dans ce lieu encore plus difficile \u00e0 vivre qu\u2019elle ne l\u2019\u00e9tait initialement\u202f;<\/strong> \u00e0 cause des violences, des dangers sanitaires, du stress et de la fatigue.<\/p>\n<p>Suite \u00e0 ces semaines d\u2019occupation, \u00e0 la saturation atteinte et \u00e0 une d\u00e9cision d&#8217;expulsion rendue par le Tribunal administratif jeudi 24 mars, la Mairie et la Pr\u00e9fecture ont fait \u00e9vacuer le lieu ce mercredi 30 mars 2022, t\u00f4t le matin.<\/p>\n<p><strong>Aucune communication n&#8217;a \u00e9t\u00e9 faite des services de la Pr\u00e9fecture et de la Mairie aupr\u00e8s des associations pr\u00e9sentes au gymnase<\/strong> pour qu&#8217;un travail commun soit effectu\u00e9 pour<strong> l&#8217;accompagnement des occupant\u00b7es du gymnase avant cette \u00e9vacuation de toutes et tous<\/strong>. <\/p>\n<p>La pr\u00e9fecture n&#8217;a \u00e9galement pas communiqu\u00e9 ni \u00e0 la Mairie ni aux associations que l&#8217;intervention se tiendrait aux aurores. Seule la Mairie avait \u00e9t\u00e9 inform\u00e9e d&#8217;une expulsion dans l&#8217;apr\u00e8s-midi.<\/p>\n<p>Jusqu&#8217;\u00e0 ce midi et apr\u00e8s des mois de bataille des associations avec les diff\u00e9rents pouvoirs publics, nous ignorions si toutes les personnes expuls\u00e9es du gymnase auraient une solution de relogement.<\/p>\n<div class=\"twitter-tweet twitter-tweet-rendered\" style=\"display: flex; max-width: 550px; width: 100%; margin-top: 10px; margin-bottom: 10px;\"><iframe id=\"twitter-widget-1\" scrolling=\"no\" frameborder=\"0\" allowtransparency=\"true\" allowfullscreen=\"true\" class=\"\" style=\"position: static; visibility: visible; width: 530px; height: 613px; display: block; flex-grow: 1;\" title=\"Twitter Tweet\" src=\"https:\/\/platform.twitter.com\/embed\/Tweet.html?dnt=false&amp;embedId=twitter-widget-1&amp;features=eyJ0ZndfZXhwZXJpbWVudHNfY29va2llX2V4cGlyYXRpb24iOnsiYnVja2V0IjoxMjA5NjAwLCJ2ZXJzaW9uIjpudWxsfSwidGZ3X2hvcml6b25fdHdlZXRfZW1iZWRfOTU1NSI6eyJidWNrZXQiOiJodGUiLCJ2ZXJzaW9uIjpudWxsfSwidGZ3X3NrZWxldG9uX2xvYWRpbmdfMTMzOTgiOnsiYnVja2V0IjoiY3RhIiwidmVyc2lvbiI6bnVsbH0sInRmd19zcGFjZV9jYXJkIjp7ImJ1Y2tldCI6Im9mZiIsInZlcnNpb24iOm51bGx9fQ%3D%3D&amp;frame=false&amp;hideCard=false&amp;hideThread=false&amp;id=1509068988038459395&amp;lang=fr&amp;origin=https%3A%2F%2Futopia56.org%2Frennes-fin-de-loccupation-du-gymnase-de-la-poterie%2F&amp;sessionId=48bffb2fe7978aaf3ced70445661a372d0d96d74&amp;theme=light&amp;widgetsVersion=2582c61%3A1645036219416&amp;width=550px\" data-tweet-id=\"1509068988038459395\" data-dashlane-frameid=\"1348\"><\/iframe><\/div>\n<p><script async=\"\" src=\"https:\/\/platform.twitter.com\/widgets.js\" charset=\"utf-8\"><\/script><\/p>\n<p><strong>Ce mercredi soir, toutes les personnes pr\u00e9sentes au gymnase ont finalement une solution d&#8217;h\u00e9bergement.<\/strong> Certaines ont \u00e9t\u00e9 prises en charge par le 115, certaines ont \u00e9t\u00e9 relog\u00e9es par la Pr\u00e9fecture ou par la Mairie et certaines sont h\u00e9berg\u00e9es via l&#8217;aide solidaire et citoyenne des associations. <strong>Ces solutions sont provisoires,<\/strong> de courte dur\u00e9e, et<strong> nous veillerons \u00e0 ce qu&#8217;elles puissent d\u00e9boucher sur des solutions p\u00e9rennes d&#8217;h\u00e9bergement.<\/strong><\/p>\n<p>Si la Pr\u00e9fecture pr\u00e9sente cette op\u00e9ration comme &#8220;naturelle&#8221; \u00e0 ce jour, nous rappelons que <strong>cela fait des mois que nous alertions les pouvoirs publics de cette situation<\/strong> et que <strong>ni la Pr\u00e9fecture ni la Mairie n&#8217;avaient jusqu&#8217;\u00e0 alors accept\u00e9 de loger familles et personnes vuln\u00e9rables.<\/strong><\/p>\n<p>De ces presque 3 mois d&#8217;occupation, \u00e0 travers les difficult\u00e9s rencontr\u00e9es, nous tenons \u00e0 remercier toutes les personnes qui ont soutenu et aid\u00e9, les b\u00e9n\u00e9voles, les personnes ayant fait des dons financiers, ainsi que celles qui ont soutenu les personnes dans le besoin, merci \u00e0 vous !<\/p>\n<\/div><\/div><\/div><\/div><\/div>\n","protected":false},"excerpt":{"rendered":"","protected":false},"author":1,"featured_media":4104,"comment_status":"closed","ping_status":"open","sticky":false,"template":"","format":"standard","meta":{"footnotes":""},"categories":[10],"tags":[],"class_list":["post-4103","post","type-post","status-publish","format-standard","has-post-thumbnail","hentry","category-rennes"],"_links":{"self":[{"href":"http:\/\/test.utopia56.org\/index.php\/wp-json\/wp\/v2\/posts\/4103","targetHints":{"allow":["GET"]}}],"collection":[{"href":"http:\/\/test.utopia56.org\/index.php\/wp-json\/wp\/v2\/posts"}],"about":[{"href":"http:\/\/test.utopia56.org\/index.php\/wp-json\/wp\/v2\/types\/post"}],"author":[{"embeddable":true,"href":"http:\/\/test.utopia56.org\/index.php\/wp-json\/wp\/v2\/users\/1"}],"replies":[{"embeddable":true,"href":"http:\/\/test.utopia56.org\/index.php\/wp-json\/wp\/v2\/comments?post=4103"}],"version-history":[{"count":0,"href":"http:\/\/test.utopia56.org\/index.php\/wp-json\/wp\/v2\/posts\/4103\/revisions"}],"wp:featuredmedia":[{"embeddable":true,"href":"http:\/\/test.utopia56.org\/index.php\/wp-json\/"}],"wp:attachment":[{"href":"http:\/\/test.utopia56.org\/index.php\/wp-json\/wp\/v2\/media?parent=4103"}],"wp:term":[{"taxonomy":"category","embeddable":true,"href":"http:\/\/test.utopia56.org\/index.php\/wp-json\/wp\/v2\/categories?post=4103"},{"taxonomy":"post_tag","embeddable":true,"href":"http:\/\/test.utopia56.org\/index.php\/wp-json\/wp\/v2\/tags?post=4103"}],"curies":[{"name":"wp","href":"https:\/\/api.w.org\/{rel}","templated":true}]}}