{"id":3879,"date":"2022-03-08T11:48:43","date_gmt":"2022-03-08T10:48:43","guid":{"rendered":"https:\/\/utopia56.org\/?p=3879"},"modified":"2022-03-08T11:48:43","modified_gmt":"2022-03-08T10:48:43","slug":"pour-abubaker","status":"publish","type":"post","link":"http:\/\/test.utopia56.org\/index.php\/2022\/03\/08\/pour-abubaker\/","title":{"rendered":"POUR ABUBAKER"},"content":{"rendered":"<p style=\"text-align: right;\"><b>POUR ABUBAKER<\/b><\/p>\n<p style=\"text-align: right;\"><span style=\"font-weight: 400;\">Calais, le 7 f\u00e9vrier 2022<\/span><\/p>\n<p>&nbsp;<\/p>\n<p><span style=\"font-weight: 400;\">Abubaker est d\u00e9c\u00e9d\u00e9 lundi 28 f\u00e9vrier dernier. C\u2019\u00e9tait un jeune homme de 26 ans soudanais, droit, attentionn\u00e9 et g\u00e9n\u00e9reux. Un jeune homme qui, ici \u00e0 Calais, s\u2019organisait humblement pour accommoder au mieux l\u2019accueil de ses amis et adoucir un quotidien terrifiant. Un jeune homme qui est d\u00e9c\u00e9d\u00e9 alors qu\u2019il portait les affaires d\u2019un nouveau venu et l\u2019aidait \u00e0 s\u2019installer dans un camp de fortune.<\/span><\/p>\n<p><span style=\"font-weight: 400;\">Abubaker vivait \u00e0 Calais depuis pr\u00e8s de 6 mois avec l\u2019un de ses fr\u00e8res dans l\u2019objectif de rejoindre le Royaume-Uni. Il serait bien rest\u00e9 en France. Abubaker avait demand\u00e9 l\u2019asile \u00e0 Nantes, avec un autre de ses fr\u00e8res, mais s\u2019\u00e9tait retrouv\u00e9 bloqu\u00e9 dans les limbes administratifs impos\u00e9es par le r\u00e8glement Dublin.\u00a0<\/span><\/p>\n<p><span style=\"font-weight: 400;\">A Calais, Abubaker survivait comme de nombreuses autres personnes sur le lieu de vie dit de \u00ab\u00a0Old Lidl\u00a0\u00bb, entre les expulsions toutes les 48h men\u00e9es par la police, la confiscation des affaires personnelles, le froid et l\u2019insuffisance de l\u2019acc\u00e8s \u00e0 l\u2019eau, aux douches, aux repas.\u00a0<\/span><\/p>\n<p><span style=\"font-weight: 400;\">Abubaker est d\u00e9c\u00e9d\u00e9 percut\u00e9 par un train \u00e0 l\u2019endroit o\u00f9 les rails longent le lieu de vie. Un endroit o\u00f9 aucun panneau ne signale le danger d\u2019un train roulant \u00e0 grande vitesse, o\u00f9 aucune barri\u00e8re ne d\u00e9limite le chemin, o\u00f9 aucune alarme ne pr\u00e9vient de l\u2019arriv\u00e9e d\u2019un train. Un endroit, comme ailleurs dans Calais, o\u00f9 les autorit\u00e9s semblent penser que la vie des personnes exil\u00e9es n\u2019est pas \u00e0 prot\u00e9ger.<\/span><\/p>\n<p><b>La mort d\u2019Abubaker aurait pu \u00eatre \u00e9vit\u00e9e. Il pourrait encore \u00eatre avec sa famille et ses amis.\u00a0<\/b><\/p>\n<p><b>La politique de non accueil des personnes exil\u00e9es en France, cette politique qui emp\u00eache les personnes de demander l\u2019asile en France, qui \u00e0 Calais prend la forme d\u2019un harc\u00e8lement quotidien des personnes exil\u00e9es, d\u2019une chasse qui les pousse \u00e0 se r\u00e9fugier dans des interstices \u00e0 c\u00f4t\u00e9 des rails de train, cette politique-l\u00e0 est mortelle.<\/b><\/p>\n<p><b>Mais la violence exerc\u00e9e contre les exil\u00e9s ne se suspend pas quand le souffle de l\u2019un d\u2019eux s\u2019arr\u00eate.\u00a0<\/b><\/p>\n<p><span style=\"font-weight: 400;\">La mort d\u2019Abubaker a \u00e9t\u00e9 extr\u00eamement violente. Plus d\u2019une centaine de personnes exil\u00e9es, dont ses amis, ont assist\u00e9 \u00e0 l\u2019accident, ont vu son corps avant l\u2019arriv\u00e9e de la police, et ce qu\u2019il en restait apr\u00e8s. Le lieu n\u2019a pas \u00e9t\u00e9 nettoy\u00e9 et jusqu\u2019au lendemain de l\u2019accident son sang et sa chair y \u00e9taient visibles. Ce sont ses amis et ses fr\u00e8res qui ont pris soin de couvrir ce qu\u2019il restait de lui.\u00a0\u00a0<\/span><\/p>\n<p><span style=\"font-weight: 400;\">Les personnes exil\u00e9es n\u2019ont pu b\u00e9n\u00e9ficier d\u2019aucun r\u00e9pit apr\u00e8s un \u00e9v\u00e8nement si traumatisant. Les expulsions ont repris les jours suivants \u00e0 leur rythme habituel, un rythme effr\u00e9n\u00e9, mercredi, jeudi, vendredi, comme s\u2019il n\u2019en \u00e9tait rien, comme si un homme ne venait pas de mourir. Puis la logique r\u00e9pressive a redoubl\u00e9. \u00ab\u00a0Le lieu est dangereux\u00a0? Emmenons de force les personnes qui y vivent dans des bus vers des villes \u00e9loign\u00e9es, labourons la terre pour emp\u00eacher toute r\u00e9installation. \u00bb Cette logique r\u00e9pressive, au contraire, pousse les personnes \u00e0 se cacher encore davantage pour survivre dans des endroits dangereux, les pousse encore plus vers l\u2019Angleterre alors que le franchissement de cette fronti\u00e8re est aussi mortel.<\/span><\/p>\n<p><span style=\"font-weight: 400;\">A aucun moment les services de l\u2019Etat ne sont venu s\u2019enqu\u00e9rir directement de l\u2019\u00e9tat de sant\u00e9 des personnes t\u00e9moins de l\u2019accident, n\u2019ont cherch\u00e9 \u00e0 apporter leur condol\u00e9ances \u00e0 la famille, ne se sont assur\u00e9s de leur prise en charge. A aucun moment, une v\u00e9ritable r\u00e9flexion pour \u00e9viter ces drames, pour accueillir dignement en France, h\u00e9berger les personnes selon leur souhait n\u2019a \u00e9t\u00e9 ouverte.<\/span><\/p>\n<p><b>Pour Abubaker, pour les 348 personnes au moins d\u00e9c\u00e9d\u00e9es \u00e0 la fronti\u00e8re depuis 1999 et pour toutes les personnes qui continuent de vivre \u00e0 Calais, il est urgent de prendre la mesure de ce drame et de v\u00e9ritablement prot\u00e9ger les personnes en exil.<\/b><\/p>\n","protected":false},"excerpt":{"rendered":"<p>POUR ABUBAKER Calais, le 7 f\u00e9vrier 2022 &nbsp; Abubaker est  [&#8230;]<\/p>\n","protected":false},"author":1,"featured_media":3880,"comment_status":"closed","ping_status":"open","sticky":false,"template":"","format":"standard","meta":{"footnotes":""},"categories":[12],"tags":[],"class_list":["post-3879","post","type-post","status-publish","format-standard","has-post-thumbnail","hentry","category-calais"],"_links":{"self":[{"href":"http:\/\/test.utopia56.org\/index.php\/wp-json\/wp\/v2\/posts\/3879","targetHints":{"allow":["GET"]}}],"collection":[{"href":"http:\/\/test.utopia56.org\/index.php\/wp-json\/wp\/v2\/posts"}],"about":[{"href":"http:\/\/test.utopia56.org\/index.php\/wp-json\/wp\/v2\/types\/post"}],"author":[{"embeddable":true,"href":"http:\/\/test.utopia56.org\/index.php\/wp-json\/wp\/v2\/users\/1"}],"replies":[{"embeddable":true,"href":"http:\/\/test.utopia56.org\/index.php\/wp-json\/wp\/v2\/comments?post=3879"}],"version-history":[{"count":0,"href":"http:\/\/test.utopia56.org\/index.php\/wp-json\/wp\/v2\/posts\/3879\/revisions"}],"wp:featuredmedia":[{"embeddable":true,"href":"http:\/\/test.utopia56.org\/index.php\/wp-json\/"}],"wp:attachment":[{"href":"http:\/\/test.utopia56.org\/index.php\/wp-json\/wp\/v2\/media?parent=3879"}],"wp:term":[{"taxonomy":"category","embeddable":true,"href":"http:\/\/test.utopia56.org\/index.php\/wp-json\/wp\/v2\/categories?post=3879"},{"taxonomy":"post_tag","embeddable":true,"href":"http:\/\/test.utopia56.org\/index.php\/wp-json\/wp\/v2\/tags?post=3879"}],"curies":[{"name":"wp","href":"https:\/\/api.w.org\/{rel}","templated":true}]}}