{"id":3727,"date":"2022-02-07T17:59:02","date_gmt":"2022-02-07T16:59:02","guid":{"rendered":"https:\/\/utopia56.org\/?p=3727"},"modified":"2022-02-07T17:59:02","modified_gmt":"2022-02-07T16:59:02","slug":"occupation-en-cours-de-batiments-vides-a-calais","status":"publish","type":"post","link":"http:\/\/test.utopia56.org\/index.php\/2022\/02\/07\/occupation-en-cours-de-batiments-vides-a-calais\/","title":{"rendered":"Occupation en cours de b\u00e2timents vides \u00e0 Calais"},"content":{"rendered":"<p><strong>Utopia 56 relaie le communiqu\u00e9 &#8220;un toit c&#8217;est un droit, m\u00eame \u00e0 Calais&#8221;<\/strong><\/p>\n<p>Nous sommes un groupe de personnes de diff\u00e9rents pays qui se battent pour le droit de chacun et chacune \u00e0 un logement digne et s\u00fbr. Nous occupons actuellement, depuis plus de 48 heures, certains des nombreux b\u00e2timents de la ville de Calais qui restent vides et gaspill\u00e9s pendant que les gens dorment dans les rues.<\/p>\n<p>Nous occupons ces espaces dans l&#8217;espoir de briser le cercle vicieux de la violence et de la d\u00e9shumanisation de l&#8217;\u00c9tat et de la police qui se poursuit \u00e0 Calais et dans le monde entier pour faire respecter les fronti\u00e8res nationales. Nous voulons cr\u00e9er les espaces ouverts, prot\u00e9g\u00e9 de la violence de l&#8217;Etat et des discriminations, o\u00f9 le statut administratif d&#8217;une personne n&#8217;a pas d&#8217;impact sur sa capacit\u00e9 \u00e0 satisfaire ses besoins fondamentaux, \u00e0 faire l&#8217;exp\u00e9rience de la solidarit\u00e9 et \u00e0 vivre dignement.<\/p>\n<p>A Calais, environ 1500 personnes (sur)vivent dans la rue dans des conditions de vie inacceptables. Les personnes exil\u00e9es occupent des terrains vagues et n&#8217;ont pas acc\u00e8s aux services de premi\u00e8re n\u00e9c\u00e9ssit\u00e9 : logement, assainissement, eau, nourriture et soins m\u00e9dicaux. L&#8217;Etat impose des conditions d&#8217;extr\u00eame pr\u00e9carit\u00e9 et d&#8217;invisibilisation par des expulsions ill\u00e9gales toutes les 48 heures, des vols d&#8217;effets personnels par la police, des d\u00e9mantelements ill\u00e9gaux sans possibilit\u00e9 de se d\u00e9fendre devant un juge, des violences polici\u00e8res r\u00e9currentes. Les gouvernements fran\u00e7ais et britanniques, Natacha Bouchard et tous leurs amis, ont d\u00e9lib\u00e9r\u00e9ment transform\u00e9 une question politique en crise humanitaire, maintenant les personnes qui veulent passer la fronti\u00e8re<br \/>\ndans une situation de survie.<\/p>\n<p>De plus, le travail des associations est syst\u00e9matiquement entrav\u00e9 par l&#8217;\u00c9tat : contr\u00f4les d&#8217;identit\u00e9 et fouilles r\u00e9guli\u00e8res des v\u00e9hicules, intimidations, pierres bloquant l&#8217;acc\u00e8s aux points de distribution, arr\u00eat\u00e9s pr\u00e9fectoraux et municipaux interdisant la distribution de nourriture. Le travail des personnes solidaires \u00e0 la fronti\u00e8re est soumis \u00e0 une telle pression que la lutte pour le logement est mise de c\u00f4t\u00e9.<\/p>\n<p>Nous rappelons que le logement est un droit fondamental et qu&#8217;il ne peut y avoir d&#8217;expulsion des espaces que nous habitons sans d\u00e9cision de justice ex\u00e9cutoire et qu&#8217;une expulsion ne fait pas partie des actes d&#8217;enqu\u00eate pr\u00e9vus dans le cadre de la flagrance. Nous exigeons l&#8217;arr\u00eat de toutes les expulsions \u00e0 Calais, notamment les expulsions dans le cadre de la flagrance et le d\u00e9mant\u00e8lement des lieux de vie par des soit-disant \u201cmises \u00e0 l&#8217;abri\u201d forc\u00e9s. Nous exigeons la r\u00e9gularisation de tous les squats de la ville. Nous exigeons la fin du harc\u00e8lement des personnes bloqu\u00e9es \u00e0 la fronti\u00e8re, ainsi que les personnes qui les soutiennent, par la police. Enfin, nous exigeons la r\u00e9quisition imm\u00e9diate de tous les b\u00e2timents vides \u00e0 Calais et que des solutions concert\u00e9es et durables soient propos\u00e9es \u00e0 tous les habitants et habitantes, quel que soit leur statut administratif ou leur vuln\u00e9rabilit\u00e9.<\/p>\n<p>Nous demandons \u00e0 toute personne solidaire des personnes \u00e0 la rue et des personnes bloqu\u00e9es \u00e0 la fronti\u00e8re, \u00e0 toute personne qui croit au droit au logement \u00e0 venir nous aider \u00e0 d\u00e9fendre les b\u00e2timents que nous occupons !<\/p>\n<p>Les habitant.e.s<\/p>\n<p>contact : calaislogementpourtoustes@gmail.com<\/p>\n","protected":false},"excerpt":{"rendered":"<p>Utopia 56 relaie le communiqu\u00e9 &#8220;un toit c&#8217;est un droit,  [&#8230;]<\/p>\n","protected":false},"author":1,"featured_media":3571,"comment_status":"closed","ping_status":"open","sticky":false,"template":"","format":"standard","meta":{"footnotes":""},"categories":[19,12],"tags":[],"class_list":["post-3727","post","type-post","status-publish","format-standard","has-post-thumbnail","hentry","category-acces-aux-droits-fondamentaux","category-calais"],"_links":{"self":[{"href":"http:\/\/test.utopia56.org\/index.php\/wp-json\/wp\/v2\/posts\/3727","targetHints":{"allow":["GET"]}}],"collection":[{"href":"http:\/\/test.utopia56.org\/index.php\/wp-json\/wp\/v2\/posts"}],"about":[{"href":"http:\/\/test.utopia56.org\/index.php\/wp-json\/wp\/v2\/types\/post"}],"author":[{"embeddable":true,"href":"http:\/\/test.utopia56.org\/index.php\/wp-json\/wp\/v2\/users\/1"}],"replies":[{"embeddable":true,"href":"http:\/\/test.utopia56.org\/index.php\/wp-json\/wp\/v2\/comments?post=3727"}],"version-history":[{"count":0,"href":"http:\/\/test.utopia56.org\/index.php\/wp-json\/wp\/v2\/posts\/3727\/revisions"}],"wp:featuredmedia":[{"embeddable":true,"href":"http:\/\/test.utopia56.org\/index.php\/wp-json\/"}],"wp:attachment":[{"href":"http:\/\/test.utopia56.org\/index.php\/wp-json\/wp\/v2\/media?parent=3727"}],"wp:term":[{"taxonomy":"category","embeddable":true,"href":"http:\/\/test.utopia56.org\/index.php\/wp-json\/wp\/v2\/categories?post=3727"},{"taxonomy":"post_tag","embeddable":true,"href":"http:\/\/test.utopia56.org\/index.php\/wp-json\/wp\/v2\/tags?post=3727"}],"curies":[{"name":"wp","href":"https:\/\/api.w.org\/{rel}","templated":true}]}}