{"id":3713,"date":"2022-02-05T11:41:39","date_gmt":"2022-02-05T10:41:39","guid":{"rendered":"https:\/\/utopia56.org\/?p=3713"},"modified":"2022-02-05T11:41:39","modified_gmt":"2022-02-05T10:41:39","slug":"commemoraction-2022-une-marche-dimanche-6-fevrier-a-calais","status":"publish","type":"post","link":"http:\/\/test.utopia56.org\/index.php\/2022\/02\/05\/commemoraction-2022-une-marche-dimanche-6-fevrier-a-calais\/","title":{"rendered":"Commemor\u2019Action 2022 : une marche dimanche 6 f\u00e9vrier \u00e0 Calais"},"content":{"rendered":"<div class=\"fusion-fullwidth fullwidth-box fusion-builder-row-1 fusion-flex-container nonhundred-percent-fullwidth non-hundred-percent-height-scrolling\" style=\"--awb-border-radius-top-left:0px;--awb-border-radius-top-right:0px;--awb-border-radius-bottom-right:0px;--awb-border-radius-bottom-left:0px;--awb-flex-wrap:wrap;\" ><div class=\"fusion-builder-row fusion-row fusion-flex-align-items-flex-start fusion-flex-content-wrap\" style=\"max-width:1248px;margin-left: calc(-4% \/ 2 );margin-right: calc(-4% \/ 2 );\"><div class=\"fusion-layout-column fusion_builder_column fusion-builder-column-0 fusion_builder_column_1_1 1_1 fusion-flex-column\" style=\"--awb-bg-size:cover;--awb-width-large:100%;--awb-margin-top-large:0px;--awb-spacing-right-large:1.92%;--awb-margin-bottom-large:0px;--awb-spacing-left-large:1.92%;--awb-width-medium:100%;--awb-spacing-right-medium:1.92%;--awb-spacing-left-medium:1.92%;--awb-width-small:100%;--awb-spacing-right-small:1.92%;--awb-spacing-left-small:1.92%;\"><div class=\"fusion-column-wrapper fusion-flex-justify-content-flex-start fusion-content-layout-column\"><div class=\"fusion-text fusion-text-1\"><p><strong>Avec notre terme &#8220;Commemor\u2019Action&#8221;, nous faisons une double promesse : celle de ne pas oublier ceux qui ont perdu la vie et celle de lutter contre les fronti\u00e8res qui les ont tu\u00e9s. Nous offrons un espace de comm\u00e9moration et nous construirons collectivement quelque chose \u00e0 partir de notre chagrin. Nous ne sommes pas seul.e.s et nous n&#8217;abandonnerons pas. Nous continuerons \u00e0 lutter pour la libert\u00e9 de mouvement de toutes et tous dans notre vie quotidienne, nous exigeons la v\u00e9rit\u00e9, la justice et la r\u00e9paration pour les victimes de la migration et leurs familles.<\/strong><\/p>\n<p>Depuis 2020, nous consacrons la journ\u00e9e de 6 f\u00e9vrier \u00e0 la Commemor\u2019Action dans diff\u00e9rents endroits du monde.<\/p>\n<p>Nous, sommes des parent.e.s, ami.e.s et connaissances de personnes d\u00e9c\u00e9d\u00e9es, port\u00e9es disparues et\/ou victimes de disparitions forc\u00e9es le long des fronti\u00e8res terrestres ou maritimes, en Afrique, en Am\u00e9rique, en Asie, en Europe et partout dans le monde. Des personnes qui ont surv\u00e9cu \u00e0 la tentative de traverser les fronti\u00e8res \u00e0 la recherche d\u2019un avenir meilleur. Des citoyen.e.s solidaires qui assistent et secourent les personnes en mobilit\u00e9 se trouvant dans des situations de d\u00e9tresse. Des p\u00eacheurs, des activistes, des militant.e.s, des migrant.e.s, des acad\u00e9micien.e.s,\u2026etc. Nous sommes une grande famille.<\/p>\n<p>La Commemor\u2019Action, c\u2019est un m\u00e9mento charg\u00e9 d\u2019actions m\u00ealant messages politiques et performances artistiques, mais surtout, mettant en relation les proches en deuil avec le plus grand nombre de personnes possible pour cr\u00e9er ensemble des plateformes et ainsi faire conna\u00eetre leurs histoires et leurs revendications. <strong>Les journ\u00e9es de Comm\u00e9mor\u2019Action sont des moments pour se souvenir de ces victimes et construire collectivement des processus de soutien aux familles dans leurs revendications de v\u00e9rit\u00e9 et de justice aux noms de leurs \u00eatres chers. <\/strong><\/p>\n<p>Les crimes contre l&#8217;humanit\u00e9 en mobilit\u00e9 marquent tellement de jours de l&#8217;ann\u00e9e avec peine et col\u00e8re qu&#8217;il est impossible d&#8217;en choisir un seul. La date symbolique du 6 f\u00e9vrier fait r\u00e9f\u00e9rence au massacre de 2014 \u00e0 Tarajal o\u00f9 la Guardia Civil, a tir\u00e9 des balles en caoutchouc pour dissuader les migrant.e.s tentant de rejoindre les c\u00f4tes espagnoles. Cet acte criminel et inhumain qui demeure impuni a caus\u00e9 la mort de 15 personnes sous les yeux du syst\u00e8me qui les traque et plusieurs disparu.e.s, laissant leurs familles et proches dans l\u2019oubli.<\/p>\n<p><strong>Nous nous engageons \u00e0 ne pas les oublier<\/strong> : chaque ann\u00e9e, \u00e0 travers des actions d\u00e9centralis\u00e9es dans des horizons diff\u00e9rents et contextes vari\u00e9s (Tarajal, Agadez, Berlin, Calais, Dakar, Douala, Marseille, Mexique, Niamey, Oujda, Palerme, Paris, Tunisie, Zarzis\u2026etc.)1 nous nous r\u00e9unirons pour protester contre ces r\u00e9gimes assassins. Cette ann\u00e9e nous nous r\u00e9unirons entre le 4,5 et 6 f\u00e9vrier.<\/p>\n<p><strong>A Calais, une marche en hommage aux personnes mortes et disparues aux fronti\u00e8res est organis\u00e9e par les citoyen.ne.s, collectifs, associations, militant.e.s solidaire et personnes exil\u00e9.e.s.<\/strong> Nous vous donnons <strong>rendez-vous au parc Richelieu \u00e0 14h<\/strong> d\u2019o\u00f9 nous partirons pour marcher ensemble en portant symboliquement des panneaux affichant <strong>les noms des 347 personnes mortes \u00e0 la fronti\u00e8re francobelgo britannique depuis 1999<\/strong>. Une lecture des noms des personnes mortes \u00e0 cette fronti\u00e8re aura lieu \u00e0 l\u2019arriv\u00e9e de la marche sur la plage de Calais.<\/p>\n<p>Tous les deux (02) ans une ville sera choisie pour accueillir la grande Commemor\u2019Action centrale. En septembre 2022 c\u2019est la Tunisie qui accueillera l\u2019\u00e9v\u00e8nement.<\/p>\n<p>Pour plus d\u2019informations et soutenir cet engagement noble :<\/p>\n<ul>\n<li>Adresse mail : globalcommemoraction@gmail.com<\/li>\n<li>Facebook : Commemor-Action<\/li>\n<li>Pages : www.missingattheborders.org ; www.alarmephonesahara.info ; (&#8230;etc) <\/li>\n<\/ul>\n<p>Pour nous, la mobilit\u00e9 est un droit : soutenez cette lutte en partageant au maximum l\u2019information en vue de multiplier les actions dans autant de villes que possible. Pour accompagnement, adh\u00e9sion et organisation d\u2019\u00e9v\u00e8nement, n\u2019h\u00e9sitez pas \u00e0 nous \u00e9crire.<\/p>\n<p>Rester ouvert au monde et cr\u00e9er des liens de solidarit\u00e9, m\u00eame sans partir \u00e0 l\u2019autre bout de la plan\u00e8te !!!<\/p>\n<\/div><\/div><\/div><\/div><\/div>\n","protected":false},"excerpt":{"rendered":"","protected":false},"author":1,"featured_media":3714,"comment_status":"closed","ping_status":"open","sticky":false,"template":"","format":"standard","meta":{"footnotes":""},"categories":[12],"tags":[],"class_list":["post-3713","post","type-post","status-publish","format-standard","has-post-thumbnail","hentry","category-calais"],"_links":{"self":[{"href":"http:\/\/test.utopia56.org\/index.php\/wp-json\/wp\/v2\/posts\/3713","targetHints":{"allow":["GET"]}}],"collection":[{"href":"http:\/\/test.utopia56.org\/index.php\/wp-json\/wp\/v2\/posts"}],"about":[{"href":"http:\/\/test.utopia56.org\/index.php\/wp-json\/wp\/v2\/types\/post"}],"author":[{"embeddable":true,"href":"http:\/\/test.utopia56.org\/index.php\/wp-json\/wp\/v2\/users\/1"}],"replies":[{"embeddable":true,"href":"http:\/\/test.utopia56.org\/index.php\/wp-json\/wp\/v2\/comments?post=3713"}],"version-history":[{"count":0,"href":"http:\/\/test.utopia56.org\/index.php\/wp-json\/wp\/v2\/posts\/3713\/revisions"}],"wp:featuredmedia":[{"embeddable":true,"href":"http:\/\/test.utopia56.org\/index.php\/wp-json\/"}],"wp:attachment":[{"href":"http:\/\/test.utopia56.org\/index.php\/wp-json\/wp\/v2\/media?parent=3713"}],"wp:term":[{"taxonomy":"category","embeddable":true,"href":"http:\/\/test.utopia56.org\/index.php\/wp-json\/wp\/v2\/categories?post=3713"},{"taxonomy":"post_tag","embeddable":true,"href":"http:\/\/test.utopia56.org\/index.php\/wp-json\/wp\/v2\/tags?post=3713"}],"curies":[{"name":"wp","href":"https:\/\/api.w.org\/{rel}","templated":true}]}}