{"id":3680,"date":"2022-02-03T11:39:20","date_gmt":"2022-02-03T10:39:20","guid":{"rendered":"https:\/\/utopia56.org\/?p=3680"},"modified":"2022-02-03T11:39:20","modified_gmt":"2022-02-03T10:39:20","slug":"20-jours-doccupation-du-gymnase-de-la-poterie-a-rennes-et-toujours-aucune-solution-dhebergement-pour-les-familles","status":"publish","type":"post","link":"http:\/\/test.utopia56.org\/index.php\/2022\/02\/03\/20-jours-doccupation-du-gymnase-de-la-poterie-a-rennes-et-toujours-aucune-solution-dhebergement-pour-les-familles\/","title":{"rendered":"20 jours d\u2019occupation du gymnase de la Poterie \u00e0 Rennes et toujours aucune solution d\u2019h\u00e9bergement pour les familles"},"content":{"rendered":"<p><span style=\"font-weight: 400;\">Depuis samedi 15 janvier,<\/span><b> plus de 70 personnes dont une vingtaine d\u2019enfants survivent dans un gymnase occup\u00e9 \u00e0 la Poterie, \u00e0 Rennes<\/b><span style=\"font-weight: 400;\">. Sans nouvelles de la pr\u00e9fecture d\u2019Ile-et-Vilaine, les familles et les soutiens aux personnes exil\u00e9es s\u2019organisent pour rendre les conditions de vie moins m\u00e9diocres sur la dur\u00e9e.\u00a0<\/span><\/p>\n<p><span style=\"font-weight: 400;\">D\u00e8s le lendemain, dimanche 16 janvier, la mairie de Rennes, \u00e0 qui appartient le gymnase occup\u00e9, a annonc\u00e9 <\/span><b>qu\u2019elle ne demanderait pas l\u2019expulsion du gymnase tant que la Pr\u00e9fecture n\u2019aura pas propos\u00e9 de solutions imm\u00e9diates d\u2019h\u00e9bergement<\/b><span style=\"font-weight: 400;\">. Il y a pourtant urgence : de nouvelles familles venant des pays de l\u2019Est de l\u2019Europe ou d\u2019Afrique subsaharienne, qui sont aussi \u00e0 la rue, arrivent tous les jours au gymnase.<\/span><\/p>\n<p><span style=\"font-weight: 400;\">\u00c0 ce jour, <\/span><b>les familles sont install\u00e9es avec des matelas, des couvertures,<\/b><span style=\"font-weight: 400;\"> des tapis de gymnastique. Une cuisine fortuite a \u00e9t\u00e9 mont\u00e9e sous un barnum en ext\u00e9rieur.<\/span><b> Les enfants sont scolaris\u00e9s en journ\u00e9e <\/b><span style=\"font-weight: 400;\">et tentent dans ces conditions pr\u00e9caires de faire leurs devoirs dans un coin et de jouer.\u00a0<\/span><\/p>\n<p><i><span style=\"font-weight: 400;\">\u201cDans le gymnase, c\u2019est bruyant et il n\u2019y a pas d\u2019espace pour travailler. Avec tous ces d\u00e9placements d\u2019un endroit \u00e0 l\u2019autre, j\u2019ai pris beaucoup de retard \u00e0 l\u2019\u00e9cole et j\u2019ai du mal \u00e0 dormir\u201d, Petra*, 14 ans, h\u00e9berg\u00e9e dans le gymnase.<\/span><\/i><\/p>\n<p><span style=\"font-weight: 400;\">En plus des associations et collectifs,<\/span><b> des parents d\u2019\u00e9l\u00e8ves de l\u2019\u00e9cole \u00e0 c\u00f4t\u00e9 du gymnase, <\/b><span style=\"font-weight: 400;\">\u00e9galement pr\u00e9occup\u00e9s par les conditions de vie de ces familles, <\/span><b>sont venus apporter leur soutien.\u00a0<\/b><\/p>\n<p><i><span style=\"font-weight: 400;\">\u201cCertaines familles sont suivies depuis des mois par nos \u00e9quipes. Elles vont d\u2019une solution de mise \u00e0 l\u2019abri \u00e0 l\u2019autre en se disant malheureusement \u00e0 chaque fois que cette pr\u00e9carit\u00e9 va durer.\u201d <\/span><\/i><span style=\"font-weight: 400;\">Coline Gayou, coordinatrice d\u2019Utopia 56 Rennes.<\/span><\/p>\n<p><span style=\"font-weight: 400;\">Mardi 1er f\u00e9vrier a lieu une rencontre entre la mairie de Rennes, la Pr\u00e9fecture et le conseil d\u00e9partemental pour discuter de la situation du gymnase. Utopia 56 et les associations y intervenant n\u2019ayant pas \u00e9t\u00e9 invit\u00e9es \u00e0 cette r\u00e9union, nous sommes toujours en attente de savoir <\/span><b>quand est-ce que pourront enfin acc\u00e9der \u00e0 un h\u00e9bergement digne et p\u00e9renne ces familles du gymnase<\/b><span style=\"font-weight: 400;\">, mais aussi celles \u00e0 la facult\u00e9 de Rennes 2 o\u00f9 une vingtaine de personnes vivent depuis quatre mois dans des salles de cours.<\/span><\/p>\n","protected":false},"excerpt":{"rendered":"<p>Depuis samedi 15 janvier, plus de 70 personnes dont une  [&#8230;]<\/p>\n","protected":false},"author":1,"featured_media":3681,"comment_status":"closed","ping_status":"open","sticky":false,"template":"","format":"standard","meta":{"footnotes":""},"categories":[10],"tags":[],"class_list":["post-3680","post","type-post","status-publish","format-standard","has-post-thumbnail","hentry","category-rennes"],"_links":{"self":[{"href":"http:\/\/test.utopia56.org\/index.php\/wp-json\/wp\/v2\/posts\/3680","targetHints":{"allow":["GET"]}}],"collection":[{"href":"http:\/\/test.utopia56.org\/index.php\/wp-json\/wp\/v2\/posts"}],"about":[{"href":"http:\/\/test.utopia56.org\/index.php\/wp-json\/wp\/v2\/types\/post"}],"author":[{"embeddable":true,"href":"http:\/\/test.utopia56.org\/index.php\/wp-json\/wp\/v2\/users\/1"}],"replies":[{"embeddable":true,"href":"http:\/\/test.utopia56.org\/index.php\/wp-json\/wp\/v2\/comments?post=3680"}],"version-history":[{"count":0,"href":"http:\/\/test.utopia56.org\/index.php\/wp-json\/wp\/v2\/posts\/3680\/revisions"}],"wp:featuredmedia":[{"embeddable":true,"href":"http:\/\/test.utopia56.org\/index.php\/wp-json\/"}],"wp:attachment":[{"href":"http:\/\/test.utopia56.org\/index.php\/wp-json\/wp\/v2\/media?parent=3680"}],"wp:term":[{"taxonomy":"category","embeddable":true,"href":"http:\/\/test.utopia56.org\/index.php\/wp-json\/wp\/v2\/categories?post=3680"},{"taxonomy":"post_tag","embeddable":true,"href":"http:\/\/test.utopia56.org\/index.php\/wp-json\/wp\/v2\/tags?post=3680"}],"curies":[{"name":"wp","href":"https:\/\/api.w.org\/{rel}","templated":true}]}}