{"id":3606,"date":"2022-01-20T14:14:14","date_gmt":"2022-01-20T13:14:14","guid":{"rendered":"https:\/\/utopia56.org\/?p=3606"},"modified":"2022-01-20T14:14:14","modified_gmt":"2022-01-20T13:14:14","slug":"la-nuit-de-la-solidarite-est-une-representation-volontairement-erronee-de-la-situation-des-personnes-a-la-rue","status":"publish","type":"post","link":"http:\/\/test.utopia56.org\/index.php\/2022\/01\/20\/la-nuit-de-la-solidarite-est-une-representation-volontairement-erronee-de-la-situation-des-personnes-a-la-rue\/","title":{"rendered":"La nuit de la solidarit\u00e9 est une repr\u00e9sentation volontairement erron\u00e9e de la situation des personnes \u00e0 la rue"},"content":{"rendered":"<p><span style=\"font-weight: 400;\">Ce jeudi 20 janvier se tient<\/span><b> l\u2019op\u00e9ration de communication publique \u201c<\/b><span style=\"font-weight: 400;\">Nuit de la solidarit\u00e9\u201d \u00e0 Paris ainsi que dans une dizaine de villes fran\u00e7aises. Derri\u00e8re l\u2019objectif public \u00e0 \u201ccompter pour mieux agir\u201d, Utopia 56, association citoyenne intervenant quotidiennement \u00e0 la rue depuis 2016, alerte que les chiffres qui d\u00e9couleront de cette soir\u00e9e donneront <\/span><b>une repr\u00e9sentation d\u2019une situation \u00e0 un instant fig\u00e9<\/b><span style=\"font-weight: 400;\"> et <\/span><b>ne permettront pas de visibiliser la r\u00e9alit\u00e9 des situations de rue subies par les personnes<\/b><span style=\"font-weight: 400;\">.\u00a0<\/span><\/p>\n<p><span style=\"font-weight: 400;\">En 2021, \u00e0 Paris, les \u00e9quipes d\u2019Utopia 56 ont rencontr\u00e9 plus de 4 400 personnes \u00e0 la rue dans le cadre de ses missions quotidiennes de mises \u00e0 l\u2019abri d\u2019urgence \u00e0 destination des familles et femmes seules \u00e0 la rue. Chaque jour, <\/span><b>cette liste des personnes rencontr\u00e9es est communiqu\u00e9e \u00e0 la Mairie de Paris et \u00e0 la pr\u00e9fecture de Paris<\/b><span style=\"font-weight: 400;\">.<\/span><b> Jamais la pr\u00e9fecture n\u2019a formul\u00e9 de r\u00e9ponse face \u00e0 ces alertes.<\/b><span style=\"font-weight: 400;\"> Les personnes \u00e0 la rue sont <\/span><b>ignor\u00e9es tout au long de l\u2019ann\u00e9e,<\/b><span style=\"font-weight: 400;\"> seul compte aux yeux de ces responsables politiques cette Nuit de solidarit\u00e9.\u00a0<\/span><\/p>\n<p><span style=\"font-weight: 400;\">Dans cette op\u00e9ration de communication, il est aussi \u00e0 noter que <\/span><b>tout est fait par la pr\u00e9fecture pour minimiser les chiffres au moment du comptage.<\/b><span style=\"font-weight: 400;\"> Ainsi, alors qu\u2019une mise \u00e0 l\u2019abri \u00e9tait demand\u00e9e depuis des semaines pour un campement au parc de Bercy, cette op\u00e9ration a eu lieu hier matin, la veille du comptage. Ce sont ainsi 279 personnes qui ne seront pas comptabilis\u00e9es, <\/span><b>m\u00eame si elles \u00e9taient \u00e0 la rue depuis des semaines et des mois. <\/b><span style=\"font-weight: 400;\">Toujours pour minimiser la situation des personnes \u00e0 la rue, <\/span><b>ce comptage ne prendra pas non plus en compte le nombre de personnes h\u00e9berg\u00e9es dans des habitats pr\u00e9caires<\/b><span style=\"font-weight: 400;\"> tels que les squats qui repr\u00e9sentent \u00e9galement<\/span><b> plusieurs milliers de personnes<\/b><span style=\"font-weight: 400;\">. Selon la fondation Abb\u00e9 Pierre, plus de 300 000 personnes sont actuellement sans abri en France.\u00a0<\/span><\/p>\n<p><i><span style=\"font-weight: 400;\">\u201cPour r\u00e9ellement trouver une solution pour les personnes \u00e0 la rue, il est n\u00e9cessaire de sortir des op\u00e9rations de communication et de mener un constat r\u00e9el de la situation et de ses causes. La pr\u00e9sence et le maintien des personnes \u00e0 la rue est aujourd\u2019hui un choix politique\u201d,<\/span><\/i><span style=\"font-weight: 400;\"> Kerill Theurillat, coordinateur Utopia 56 Paris.<\/span><\/p>\n<p><span style=\"font-weight: 400;\">Parmi ces personnes \u00e0 la rue, <\/span><b>Utopia 56 accompagne en particulier les personnes demandeuses d\u2019asile en \u00cele-de-France<\/b><span style=\"font-weight: 400;\">. Chaque ann\u00e9e environ 50 000 personnes y d\u00e9posent une demande d\u2019asile. <\/span><b>Faute de structure adapt\u00e9e \u00e0 l\u2019h\u00e9bergement des personnes nouvellement arriv\u00e9es sur le territoire, le passage par la rue leur est impos\u00e9 pour des dur\u00e9es de plusieurs semaines \u00e0 plusieurs mois.<\/b><span style=\"font-weight: 400;\"> Des dizaines de milliers de personnes sont ainsi <\/span><b>contraintes \u00e0 la rue<\/b><span style=\"font-weight: 400;\">, entra\u00eenant la formation de campements indignes tels qu\u2019on les conna\u00eet aujourd\u2019hui \u00e0 Paris en bordure du p\u00e9riph\u00e9rique. Actuellement, un campement\u00a0 rassemble u<\/span><b>ne centaine de personnes originaires d\u2019Afghanistan le long du canal de l\u2019Ourcq<\/b><span style=\"font-weight: 400;\">, entre Paris et Pantin. \u00c0 cela s\u2019ajoutent de nombreuses situations de<\/span><b> harc\u00e8lement des forces de police envers les personnes \u00e0 la rue,<\/b><span style=\"font-weight: 400;\"> r\u00e9guli\u00e8rement d\u00e9nonc\u00e9es en photos, vid\u00e9os et t\u00e9moignages par notre association.<\/span><\/p>\n<p>&nbsp;<\/p>\n","protected":false},"excerpt":{"rendered":"<p>Ce jeudi 20 janvier se tient l\u2019op\u00e9ration de communication publique  [&#8230;]<\/p>\n","protected":false},"author":1,"featured_media":3607,"comment_status":"closed","ping_status":"open","sticky":false,"template":"","format":"standard","meta":{"footnotes":""},"categories":[19,21,7],"tags":[],"class_list":["post-3606","post","type-post","status-publish","format-standard","has-post-thumbnail","hentry","category-acces-aux-droits-fondamentaux","category-harcelement-et-violences-policieres","category-paris"],"_links":{"self":[{"href":"http:\/\/test.utopia56.org\/index.php\/wp-json\/wp\/v2\/posts\/3606","targetHints":{"allow":["GET"]}}],"collection":[{"href":"http:\/\/test.utopia56.org\/index.php\/wp-json\/wp\/v2\/posts"}],"about":[{"href":"http:\/\/test.utopia56.org\/index.php\/wp-json\/wp\/v2\/types\/post"}],"author":[{"embeddable":true,"href":"http:\/\/test.utopia56.org\/index.php\/wp-json\/wp\/v2\/users\/1"}],"replies":[{"embeddable":true,"href":"http:\/\/test.utopia56.org\/index.php\/wp-json\/wp\/v2\/comments?post=3606"}],"version-history":[{"count":0,"href":"http:\/\/test.utopia56.org\/index.php\/wp-json\/wp\/v2\/posts\/3606\/revisions"}],"wp:featuredmedia":[{"embeddable":true,"href":"http:\/\/test.utopia56.org\/index.php\/wp-json\/"}],"wp:attachment":[{"href":"http:\/\/test.utopia56.org\/index.php\/wp-json\/wp\/v2\/media?parent=3606"}],"wp:term":[{"taxonomy":"category","embeddable":true,"href":"http:\/\/test.utopia56.org\/index.php\/wp-json\/wp\/v2\/categories?post=3606"},{"taxonomy":"post_tag","embeddable":true,"href":"http:\/\/test.utopia56.org\/index.php\/wp-json\/wp\/v2\/tags?post=3606"}],"curies":[{"name":"wp","href":"https:\/\/api.w.org\/{rel}","templated":true}]}}