{"id":3402,"date":"2021-12-23T14:35:06","date_gmt":"2021-12-23T13:35:06","guid":{"rendered":"https:\/\/utopia56.org\/?p=3402"},"modified":"2021-12-23T14:35:06","modified_gmt":"2021-12-23T13:35:06","slug":"pas-de-treve-pour-les-vols-de-tentes-et-expulsions-de-campements","status":"publish","type":"post","link":"http:\/\/test.utopia56.org\/index.php\/2021\/12\/23\/pas-de-treve-pour-les-vols-de-tentes-et-expulsions-de-campements\/","title":{"rendered":"Pas de tr\u00eave pour les vols de tentes et expulsions de campements"},"content":{"rendered":"<p><span style=\"font-weight: 400;\">\u00c0 l\u2019approche des f\u00eates de fin d\u2019ann\u00e9e, alors que les temp\u00e9ratures nocturnes sont n\u00e9gatives et que les tentes givrent de froid pendant la nuit, nos \u00e9quipes constatent ces derniers jours une intensification des vols et expulsions de campements \u00e0 Calais et Paris.<\/span><\/p>\n<p><span style=\"font-weight: 400;\">\u00c0 Paris, mardi matin, la police a vol\u00e9 les tentes de personnes \u00e0 la rue, ne leur laissant absolument aucun mat\u00e9riel pour passer la nuit dehors. Mercredi soir, porte de la Villette, plusieurs vans de CRS \u00e9taient mobilis\u00e9s pour repousser hors de Paris des personnes demandeuses d\u2019asile qui sont \u00e0 la rue. Des vid\u00e9os tourn\u00e9es par des personnes exil\u00e9es et nos b\u00e9n\u00e9voles, diffus\u00e9es sur notre compte Twitter, montrent la violence de ces situations, ordonn\u00e9es par la pr\u00e9fecture de police de Paris et G\u00e9rald Darmanin. Cette strat\u00e9gie de violences et d\u2019invisibilisation continue d\u2019enfoncer ces personnes dans la pr\u00e9carit\u00e9 et la solitude<\/span><\/p>\n<blockquote class=\"twitter-tweet\">\n<p dir=\"ltr\" lang=\"fr\">Ce soir, 6 vans de CRS repoussent hors de Paris des demandeurs d\u2019asile \u00e0 la rue. Il leur reste tentes et quelques couvertures distribu\u00e9es hier soir par nos b\u00e9n\u00e9voles. Cette nuit il fera -1C\u00b0. Les ordres viennent de <a href=\"https:\/\/twitter.com\/prefpolice?ref_src=twsrc%5Etfw\">@prefpolice<\/a> via <a href=\"https:\/\/twitter.com\/GDarmanin?ref_src=twsrc%5Etfw\">@GDarmanin<\/a>. <a href=\"https:\/\/t.co\/zShjOXiJ72\">pic.twitter.com\/zShjOXiJ72<\/a><\/p>\n<p>\u2014 Utopia 56 (@Utopia_56) <a href=\"https:\/\/twitter.com\/Utopia_56\/status\/1473744156694568961?ref_src=twsrc%5Etfw\">December 22, 2021<\/a><\/p><\/blockquote>\n<p><script async src=\"https:\/\/platform.twitter.com\/widgets.js\" charset=\"utf-8\"><\/script><\/p>\n<p><span style=\"font-weight: 400;\">\u201cOn ne laisse pas les gens dans une position indigne comme \u00e7a dans le froid, donc on leur demande de partir\u201d, <\/span><span style=\"font-weight: 400;\">explique un policier<\/span><span style=\"font-weight: 400;\"> \u00e0 l&#8217;une de nos b\u00e9n\u00e9voles, sans pour autant proposer une seule solution d\u2019h\u00e9bergement.<\/span><\/p>\n<blockquote class=\"twitter-tweet\">\n<p dir=\"ltr\" lang=\"fr\">Cet apr\u00e8s midi \u00e0 Paris : &#8220;On ne laisse pas les gens dans une position indigne comme \u00e7a dans le froid donc on leur demande de partir&#8221;.<\/p>\n<p>Ne proposer aucune solution est ill\u00e9gal + <a href=\"https:\/\/twitter.com\/hashtag\/journeeinternationaledesmigrants?src=hash&amp;ref_src=twsrc%5Etfw\">#journeeinternationaledesmigrants<\/a><\/p>\n<p>L&#8217;indignit\u00e9 et le d\u00e9linquant, c&#8217;est vous <a href=\"https:\/\/twitter.com\/prefpolice?ref_src=twsrc%5Etfw\">@prefpolice<\/a> <a href=\"https:\/\/t.co\/zaUQoXAvMZ\">pic.twitter.com\/zaUQoXAvMZ<\/a><\/p>\n<p>\u2014 Utopia 56 (@Utopia_56) <a href=\"https:\/\/twitter.com\/Utopia_56\/status\/1472251635992862726?ref_src=twsrc%5Etfw\">December 18, 2021<\/a><\/p><\/blockquote>\n<p><script async src=\"https:\/\/platform.twitter.com\/widgets.js\" charset=\"utf-8\"><\/script><\/p>\n<p><span style=\"font-weight: 400;\">\u00c0 la fronti\u00e8re franco-britannique, \u00e0 Calais, hier matin et ce matin, des expulsions de campements se sont d\u00e9roul\u00e9es sans aucune proposition d\u2019h\u00e9bergement et sans aucune information donn\u00e9e aux personnes, comme le documente l&#8217;\u00e9quipe Human Rights Observers de l&#8217;Auberge des migrants. La seule aide d\u2019urgence apport\u00e9e provient des associations et collectifs pr\u00e9sents, dont Utopia 56, en distribuant des couvertures et tentes.<\/span><\/p>\n<p><span style=\"font-weight: 400;\">Ce soir encore, tout comme les 24 et 25 d\u00e9cembre, nos \u00e9quipes seront en maraude pour apporter une aide d\u2019urgence et constater ces violations de droits fondamentaux, l\u2019absence de solutions d\u2019h\u00e9bergement et plans Grand Froid, alors que les temp\u00e9ratures sont glaciales.<\/span><\/p>\n<blockquote class=\"twitter-tweet\">\n<p dir=\"ltr\" lang=\"fr\">Ce matin \u00e0 Calais, par -2C\u00b0, 12 vans de CRS mobilis\u00e9s pour \u00e9vacuer des personnes qui survivent \u00e0 la rue. Aucun dispositif, ni d\u2019h\u00e9bergement, ni d\u2019information sur leurs droits n\u2019a \u00e9t\u00e9 pr\u00e9vu malgr\u00e9 les diatribes quotidiennes du directeur de l\u2019<a href=\"https:\/\/twitter.com\/OFII_France?ref_src=twsrc%5Etfw\">@OFII_France<\/a> Didier Leschi. <a href=\"https:\/\/t.co\/bpWAKOQvjG\">pic.twitter.com\/bpWAKOQvjG<\/a><\/p>\n<p>\u2014 Utopia 56 (@Utopia_56) <a href=\"https:\/\/twitter.com\/Utopia_56\/status\/1473618636887801857?ref_src=twsrc%5Etfw\">December 22, 2021<\/a><\/p><\/blockquote>\n<p><script async src=\"https:\/\/platform.twitter.com\/widgets.js\" charset=\"utf-8\"><\/script><\/p>\n<p><span style=\"font-weight: 400;\">Les particuliers ont plusieurs possibilit\u00e9s pour soutenir nos actions en cette p\u00e9riode :<\/span><\/p>\n<ul>\n<li style=\"font-weight: 400;\" aria-level=\"1\"><span style=\"font-weight: 400;\">En faisant un don pour nos maraudes et distributions sur <\/span><a href=\"https:\/\/soutenir.utopia56.org\/\"><span style=\"font-weight: 400;\">https:\/\/soutenir.utopia56.org\/<\/span><\/a><span style=\"font-weight: 400;\"> avec une d\u00e9duction fiscale de 75% ; ainsi un don de 100\u20ac revient \u00e0 25\u20ac ;<\/span><\/li>\n<li style=\"font-weight: 400;\" aria-level=\"1\"><span style=\"font-weight: 400;\">En devenant h\u00e9bergeur\u00b7se solidaire pour accueillir le temps d\u2019une nuit une famille ou femme seule qui s\u2019appr\u00eate \u00e0 passer la nuit \u00e0 la rue, <a href=\"https:\/\/utopia56.org\/hebergement-solidaire\/\">en s\u2019inscrivant via notre site internet<\/a> ;<\/span><\/li>\n<li style=\"font-weight: 400;\" aria-level=\"1\"><span style=\"font-weight: 400;\">En devenant b\u00e9n\u00e9vole pour participer \u00e0 nos maraudes solidaires, tous les soirs de l\u2019ann\u00e9e, <a href=\"https:\/\/utopia56.org\/devenir-benevole-2\/\">en s\u2019inscrivant via notre site internet<\/a>.<\/span><\/li>\n<\/ul>\n<p><i><span style=\"font-weight: 400;\">\u201cAlors que les f\u00eates sont des moments cens\u00e9s rassembler, l\u2019\u00c9tat continue de harceler et stigmatiser les personnes les plus fragiles. Les travers\u00e9es par la Manche et la survie \u00e0 la rue tuent\u201d, Chrystel Chatoux, co-pr\u00e9sidente d\u2019Utopia 56.<\/span><\/i><\/p>\n<p><span style=\"font-weight: 400;\">Plus que jamais, nos \u00e9quipes sont mobilis\u00e9es aupr\u00e8s des personnes les plus vuln\u00e9rables, qui passeront ces prochains jours et semaines \u00e0 la rue, dans des campements, sous tente, en squat et autres habitats indignes. En juillet 2017, Emmanuel Macron d\u00e9clarait qu\u2019il n\u2019y aurait plus personne dans les rues &#8220;d&#8217;ici la fin de l&#8217;ann\u00e9e&#8221;. Quatre ans et demi plus tard, face aux milliers de personnes que nous avons aid\u00e9 et accompagn\u00e9 rien que ces derniers mois, cette promesse est un \u00e9chec.<\/span><\/p>\n","protected":false},"excerpt":{"rendered":"<p>\u00c0 l\u2019approche des f\u00eates de fin d\u2019ann\u00e9e, alors que les  [&#8230;]<\/p>\n","protected":false},"author":1,"featured_media":3404,"comment_status":"closed","ping_status":"open","sticky":false,"template":"","format":"standard","meta":{"footnotes":""},"categories":[19,12,21,7],"tags":[],"class_list":["post-3402","post","type-post","status-publish","format-standard","has-post-thumbnail","hentry","category-acces-aux-droits-fondamentaux","category-calais","category-harcelement-et-violences-policieres","category-paris"],"_links":{"self":[{"href":"http:\/\/test.utopia56.org\/index.php\/wp-json\/wp\/v2\/posts\/3402","targetHints":{"allow":["GET"]}}],"collection":[{"href":"http:\/\/test.utopia56.org\/index.php\/wp-json\/wp\/v2\/posts"}],"about":[{"href":"http:\/\/test.utopia56.org\/index.php\/wp-json\/wp\/v2\/types\/post"}],"author":[{"embeddable":true,"href":"http:\/\/test.utopia56.org\/index.php\/wp-json\/wp\/v2\/users\/1"}],"replies":[{"embeddable":true,"href":"http:\/\/test.utopia56.org\/index.php\/wp-json\/wp\/v2\/comments?post=3402"}],"version-history":[{"count":0,"href":"http:\/\/test.utopia56.org\/index.php\/wp-json\/wp\/v2\/posts\/3402\/revisions"}],"wp:featuredmedia":[{"embeddable":true,"href":"http:\/\/test.utopia56.org\/index.php\/wp-json\/"}],"wp:attachment":[{"href":"http:\/\/test.utopia56.org\/index.php\/wp-json\/wp\/v2\/media?parent=3402"}],"wp:term":[{"taxonomy":"category","embeddable":true,"href":"http:\/\/test.utopia56.org\/index.php\/wp-json\/wp\/v2\/categories?post=3402"},{"taxonomy":"post_tag","embeddable":true,"href":"http:\/\/test.utopia56.org\/index.php\/wp-json\/wp\/v2\/tags?post=3402"}],"curies":[{"name":"wp","href":"https:\/\/api.w.org\/{rel}","templated":true}]}}