{"id":3259,"date":"2021-12-20T08:00:54","date_gmt":"2021-12-20T07:00:54","guid":{"rendered":"https:\/\/utopia56.org\/?p=3259"},"modified":"2021-12-20T08:00:54","modified_gmt":"2021-12-20T07:00:54","slug":"drame-dans-la-manche-utopia-56-depose-plainte-pour-homicide-involontaire-et-omission-de-porter-secours","status":"publish","type":"post","link":"http:\/\/test.utopia56.org\/index.php\/2021\/12\/20\/drame-dans-la-manche-utopia-56-depose-plainte-pour-homicide-involontaire-et-omission-de-porter-secours\/","title":{"rendered":"Drame dans la Manche : Utopia 56 d\u00e9pose plainte pour homicide involontaire et omission de porter secours"},"content":{"rendered":"<p>Suite au naufrage d\u2019une embarcation le 24 novembre 2021 au large de Calais ayant caus\u00e9 la mort d\u2019au moins 27 personnes, <strong>Utopia 56 d\u00e9pose plainte pour homicide involontaire et omission de porter secours<\/strong> aupr\u00e8s de la procureure du Tribunal judiciaire de Paris. Contre :<\/p>\n<ul>\n<li>Monsieur Philippe DUTRIEUX, Pr\u00e9fet maritime de la Manche et de la Mer du Nord<\/li>\n<li>Monsieur Marc BONNAFOUS, directeur du CROSS GRIS NEZ<\/li>\n<li>Madame Claire HUGHES, directrice de Her Majesty\u2019s Coastguards<\/li>\n<li>X<\/li>\n<li><strong>Ainsi que contre toute autre auteur, co-auteur ou complice que l\u2019enqu\u00eate viendrait \u00e0 d\u00e9terminer.\u00a0<\/strong><\/li>\n<\/ul>\n<p>Selon les t\u00e9moignages des deux personnes rescap\u00e9es, de proches de personnes d\u00e9c\u00e9d\u00e9es et de personnes ayant r\u00e9ussi la travers\u00e9e le m\u00eame jour, <strong>des appels de d\u00e9tresse auraient \u00e9t\u00e9 port\u00e9s aux services de secours fran\u00e7ais et anglais<\/strong> avant la d\u00e9couverte des corps par un bateau de p\u00eache. <strong>Aucun secours ne leur aurait \u00e9t\u00e9 imm\u00e9diatement apport\u00e9.<\/strong> Selon une source judiciaire, l\u2019enqu\u00eate en cours,\u00a0 dont est saisie la Junalco (Juridiction nationale de lutte contre la criminalit\u00e9 organis\u00e9e) aurait d\u2019ores et d\u00e9j\u00e0 permis de confirmer l\u2019existence de ces appels.<\/p>\n<p><em>\u00ab Comment ces pays ayant humanit\u00e9, morale et droits humains n\u2019ont rien fait pour sauver la vie de 33 personnes. \u00bb<\/em> s\u2019interroge Saman, fr\u00e8re de l\u2019une des personnes d\u00e9c\u00e9d\u00e9es.<\/p>\n<p>Cette situation d\u2019appels au secours rest\u00e9s sans r\u00e9ponse \u00e9tait d\u00e9j\u00e0 survenue le 20 novembre 2021 \u00e0 9 h 23. Ce matin-l\u00e0, l\u2019\u00e9quipe d\u2019astreinte d\u2019Utopia 56 a re\u00e7u un appel de d\u00e9tresse depuis une embarcation \u00e0 la d\u00e9rive. Dans l\u2019un des messages vocaux envoy\u00e9s depuis l\u2019embarcation, une personne exil\u00e9e nous disait : <em>\u00ab Par exemple si j&#8217;appelle le 999, ils disent appelez la France et quand on appelle la France ils nous disent de contacter le Royaume-Uni. Les deux se moquent de nous. \u00bb<\/em><\/p>\n<p><em>\u00ab En tant que citoyens, et alors que certains fondements sont constamment bafou\u00e9s par l\u2019\u00c9tat et ses institutions, le droit reste notre seul rempart face \u00e0 ces pratiques ill\u00e9gales et maltraitantes organis\u00e9es envers les personnes en situation d\u2019exil. \u00bb<\/em> Charlotte Kwantes, coordinatrice nationale d\u2019Utopia 56.<\/p>\n<p>Alors que les autorit\u00e9s du Royaume-Uni ne semblent avoir ouvert aucune enqu\u00eate suite \u00e0 ce naufrage et que celle ouverte en France para\u00eet se concentrer essentiellement sur le r\u00f4le des passeurs, Utopia 56 souhaite par le d\u00e9p\u00f4t de sa plainte et des investigations qu\u2019elle d\u00e9clenchera que <strong>toute la lumi\u00e8re soit faite sur les circonstances de ce naufrage :<\/strong><\/p>\n<ul>\n<li>Les services de secours fran\u00e7ais et anglais ont \u00e9t\u00e9 inform\u00e9s, comment se sont-ils organis\u00e9s ?<\/li>\n<li>Qui a pris les d\u00e9cisions et qui doit assumer les lacunes, les n\u00e9gligences et imprudences qui ont conduit \u00e0 ce drame humain ?<\/li>\n<\/ul>\n<p><strong>La transparence et la v\u00e9rit\u00e9 sont dues aux victimes et \u00e0 leurs familles.<\/strong><\/p>\n<p>Il faut tirer les enseignements et cons\u00e9quences y compris sur le plan p\u00e9nal du naufrage du 24 novembre 2021 pour que, <strong>plus jamais, ces drames ne se reproduisent.\u00a0<\/strong><\/p>\n<p>Ce drame survient dans un contexte de r\u00e9pression syst\u00e9mique et de violation des droits fondamentaux :<\/p>\n<ul>\n<li><strong>Au Royaume-Uni,<\/strong> le Home office (Minist\u00e8re de l\u2019Int\u00e9rieur anglais) cherche \u00e0 rendre l\u00e9gale la pratique du refoulement, en d\u00e9pit du droit maritime international et des droits humains (Le 13 septembre 2021, les images de la cha\u00eene Sky News et de l\u2019ONG Channel Rescue ont montr\u00e9 des garde-c\u00f4tes anglais s\u2019entrainant \u00e0 repousser les embarcations en mer \u00e0 l\u2019aide de scooters des mers).<\/li>\n<li><strong>En France,<\/strong> la commission parlementaire sur les migrations rel\u00e8ve que le budget investi par la France \u00e0 la fronti\u00e8re est largement consacr\u00e9 \u00e0 l\u2019intervention polici\u00e8re (85%) plut\u00f4t qu\u2019\u00e0 l\u2019aide humanitaire (15%).<\/li>\n<li><strong>L\u2019avion de Frontex,<\/strong> agence europ\u00e9enne mise en cause pour une politique criminelle commis aux fronti\u00e8res int\u00e9rieures et ext\u00e9rieures de l\u2019Europe, intervient depuis fin novembre sur le Calaisis.<\/li>\n<li><strong>Les ministres G\u00e9rald Darmanin\u00a0et Eric Dupond-Moretti<\/strong>\u00a0diffusent des contre-v\u00e9rit\u00e9s et mensonges sur l\u2019action de l\u2019\u00c9tat et les conditions de vie des personnes exil\u00e9es \u00e0 la fronti\u00e8re.<\/li>\n<\/ul>\n<p><strong>Les politiques publiques fran\u00e7aises, le mensonge d\u2019\u00c9tat, le d\u00e9ni de la v\u00e9rit\u00e9,<\/strong> contribuent quotidiennement \u00e0 pousser les personnes en exil \u00e0 fuir la France et \u00e0 rejoindre le Royaume-Uni. Ainsi en 2021, plus de 30 000 personnes ont d\u00e9j\u00e0 rejoint les c\u00f4tes anglaises, se tournant vers des r\u00e9seaux ill\u00e9gaux faute de voies s\u00fbres et l\u00e9gales de passage.<\/p>\n<p><em>\u00ab Un sac sur le dos, toutes et tous avaient une histoire \u00e0 raconter, une histoire \u00e0 construire. Les politiques men\u00e9es aux fronti\u00e8res en ont d\u00e9cid\u00e9 autrement \u00bb<\/em>, explique Nikola\u00ef Posner, coordinateur de la communication Utopia 56.<\/p>\n","protected":false},"excerpt":{"rendered":"<p>Suite au naufrage d\u2019une embarcation le 24 novembre 2021 au  [&#8230;]<\/p>\n","protected":false},"author":1,"featured_media":3261,"comment_status":"closed","ping_status":"open","sticky":false,"template":"","format":"standard","meta":{"footnotes":""},"categories":[12,6,14],"tags":[],"class_list":["post-3259","post","type-post","status-publish","format-standard","has-post-thumbnail","hentry","category-calais","category-communique","category-grande-synthe"],"_links":{"self":[{"href":"http:\/\/test.utopia56.org\/index.php\/wp-json\/wp\/v2\/posts\/3259","targetHints":{"allow":["GET"]}}],"collection":[{"href":"http:\/\/test.utopia56.org\/index.php\/wp-json\/wp\/v2\/posts"}],"about":[{"href":"http:\/\/test.utopia56.org\/index.php\/wp-json\/wp\/v2\/types\/post"}],"author":[{"embeddable":true,"href":"http:\/\/test.utopia56.org\/index.php\/wp-json\/wp\/v2\/users\/1"}],"replies":[{"embeddable":true,"href":"http:\/\/test.utopia56.org\/index.php\/wp-json\/wp\/v2\/comments?post=3259"}],"version-history":[{"count":0,"href":"http:\/\/test.utopia56.org\/index.php\/wp-json\/wp\/v2\/posts\/3259\/revisions"}],"wp:featuredmedia":[{"embeddable":true,"href":"http:\/\/test.utopia56.org\/index.php\/wp-json\/"}],"wp:attachment":[{"href":"http:\/\/test.utopia56.org\/index.php\/wp-json\/wp\/v2\/media?parent=3259"}],"wp:term":[{"taxonomy":"category","embeddable":true,"href":"http:\/\/test.utopia56.org\/index.php\/wp-json\/wp\/v2\/categories?post=3259"},{"taxonomy":"post_tag","embeddable":true,"href":"http:\/\/test.utopia56.org\/index.php\/wp-json\/wp\/v2\/tags?post=3259"}],"curies":[{"name":"wp","href":"https:\/\/api.w.org\/{rel}","templated":true}]}}