{"id":3055,"date":"2021-10-20T08:26:14","date_gmt":"2021-10-20T06:26:14","guid":{"rendered":"https:\/\/utopia56.net\/?p=3055"},"modified":"2021-10-20T08:26:14","modified_gmt":"2021-10-20T06:26:14","slug":"calais-cinq-ans-apres-la-jungle-errance-misere-et-violences-perdurent","status":"publish","type":"post","link":"http:\/\/test.utopia56.org\/index.php\/2021\/10\/20\/calais-cinq-ans-apres-la-jungle-errance-misere-et-violences-perdurent\/","title":{"rendered":"CALAIS : CINQ ANS APRES LA JUNGLE, ERRANCE MISERE ET VIOLENCES PERDURENT"},"content":{"rendered":"<p><em>Communiqu\u00e9 de presse, le 20 octobre\u00a02021<\/em><\/p>\n<p>Il y a cinq ans, le 24 octobre 2016, la Jungle de Calais \u00e9tait d\u00e9mantel\u00e9e, sur les pr\u00e8s de 10 000 personnes qui y vivaient, plus de 7 000 \u00e9taient accompagn\u00e9es ailleurs en France afin de pouvoir demander l\u2019asile. Cinq ans plus tard, Calais reste une zone d\u2019errance pour des milliers de personnes, dans l\u2019attente d\u2019une travers\u00e9e. Depuis 2016, notre association et d\u2019autres, n\u2019ont jamais quitt\u00e9 la fronti\u00e8re, au secours et \u00e0 l\u2019accompagnement de ces milliers de femmes, hommes et enfants. En 2021, les travers\u00e9es par la mer ont pris le pas sur celles en camion. Depuis janvier,\u00a0<strong>plus de 19 000 personnes, soit deux fois la taille de la Jungle, ont ainsi travers\u00e9 la Manche,\u00a0<\/strong>fuyant pour la plupart, les r\u00e8glements et politiques administratives\u00a0europ\u00e9ennes.<\/p>\n<p>La Jungle de Calais, dont les images avaient fait le tour du monde des t\u00e9l\u00e9visions, n\u2019existe plus, remplac\u00e9e par des campements constamment d\u00e9truits, toutes les 48 h, par les services de l\u2019\u00c9tat. Cette politique de harc\u00e8lement,\u00a0<a class=\"ext\" href=\"https:\/\/www.legifrance.gouv.fr\/codes\/article_lc\/LEGIARTI000037289658\/\" target=\"_blank\" rel=\"noopener\">par ces comportements impos\u00e9s et r\u00e9p\u00e9t\u00e9s,<span class=\"ext\"><span class=\"element-invisible\">(link is external)<\/span><\/span><\/a>\u00a0assum\u00e9e par le ministre de l\u2019Int\u00e9rieur, associ\u00e9e \u00e0 une violence physique et psychologique, a pour objectif de dissuader les personnes de rejoindre le Royaume-Uni. Pourtant, en 2021, jamais autant de personnes n\u2019auront tent\u00e9 et r\u00e9ussi la travers\u00e9e,\u00a0<strong>alimentant d\u2019autant plus les r\u00e9seaux de passage et de traite des \u00eatres\u00a0humains.<\/strong><\/p>\n<p>D\u00e9but octobre,\u00a0<a class=\"ext\" href=\"https:\/\/www.hrw.org\/fr\/news\/2021\/10\/07\/france-traitement-degradant-des-migrants-dans-la-region-de-calais\" target=\"_blank\" rel=\"noopener\">Human Right Watch d\u00e9taillait dans un rapport<span class=\"ext\"><span class=\"element-invisible\">(link is external)<\/span><\/span><\/a>\u00a0\u201cLa strat\u00e9gie de\u00a0<strong>d\u00e9tresse inflig\u00e9e aux enfants et aux adultes<\/strong>\u00a0dans la r\u00e9gion de Calais\u201d. Une r\u00e9alit\u00e9 d\u00e9j\u00e0 mise en avant dans\u00a0<a class=\"ext\" href=\"https:\/\/www.cncdh.fr\/fr\/actualite\/avis-sur-la-situation-des-personnes-exilees-calais-et-grande-synthe\" target=\"_blank\" rel=\"noopener\">un rapport de la CNCDH<span class=\"ext\"><span class=\"element-invisible\">(link is external)<\/span><\/span><\/a>\u00a0en f\u00e9vrier\u00a0dernier.<\/p>\n<p><em>\u00ab Les personnes exil\u00e9es ne voyagent pas jusqu\u2019au nord de la France parce qu\u2019elles ont entendu dire qu\u2019elles pourraient y camper dans les bois ou dormir sous un pont. Elles ne viennent pas parce que des associations distribuent un peu d\u2019eau et de nourriture. Elles viennent parce que c\u2019est l\u00e0 que se trouve la fronti\u00e8re \u00bb,<\/em>\u00a0explique Charlotte Kwantes, coordonnatrice nationale d\u2019Utopia 56, dans le rapport\u00a0 Human Right\u00a0Watch.<\/p>\n<p>Calais, comme Grande-Synthe, illustre\u00a0<strong>la gestion des politiques d\u2019accueil europ\u00e9enne\u00a0:<\/strong>\u00a0accords de Dublin, violences polici\u00e8res, militarisation et externalisation des fronti\u00e8res, survie \u00e0 la rue, instrumentalisations politiques, entrave aux acteurs associatifs\u2026\u00a0<em>\u00ab L\u2019\u00c9tat s\u2019oppose aux personnes exil\u00e9es plut\u00f4t qu\u2019au syst\u00e8me de non-accueil europ\u00e9en qui les poussent ici. \u00bb\u00a0<\/em>Marie, coordinatrice d\u2019Utopia 56 \u00e0\u00a0Grande-Synthe.<\/p>\n<p>Cinq ans apr\u00e8s la Jungle de Calais, cette fronti\u00e8re,\u00a0<strong>aux r\u00e9alit\u00e9s g\u00e9opolitiques proches de celles de Turquie et de Libye<\/strong>, fait l\u2019objet de toutes les tensions. Elle est la porte de sortie, une derni\u00e8re chance pour toutes les personnes abandonn\u00e9es et pers\u00e9cut\u00e9es par les politiques administratives\u00a0europ\u00e9ennes.<\/p>\n<p>Les destructions de campements doivent cesser. L\u2019\u00c9tat fran\u00e7ais doit remettre en question le r\u00e8glement Dublin III et mettre en place un accueil digne, inconditionnel, et coh\u00e9rent sur tout le territoire. Enfin, un passage s\u00fbr et l\u00e9gal vers le Royaume-Uni doit \u00eatre cr\u00e9\u00e9 pour ces personnes en exil. Sans quoi, l\u2019errance, la mis\u00e8re et les violences\u00a0perdureront.<\/p>\n<p>*\/<\/p>\n","protected":false},"excerpt":{"rendered":"<p>Communiqu\u00e9 de presse, le 20 octobre\u00a02021 Il y a cinq  [&#8230;]<\/p>\n","protected":false},"author":1,"featured_media":3056,"comment_status":"closed","ping_status":"open","sticky":false,"template":"","format":"standard","meta":{"footnotes":""},"categories":[19,12,6,27],"tags":[],"class_list":["post-3055","post","type-post","status-publish","format-standard","has-post-thumbnail","hentry","category-acces-aux-droits-fondamentaux","category-calais","category-communique","category-loi-asile-immigration"],"_links":{"self":[{"href":"http:\/\/test.utopia56.org\/index.php\/wp-json\/wp\/v2\/posts\/3055","targetHints":{"allow":["GET"]}}],"collection":[{"href":"http:\/\/test.utopia56.org\/index.php\/wp-json\/wp\/v2\/posts"}],"about":[{"href":"http:\/\/test.utopia56.org\/index.php\/wp-json\/wp\/v2\/types\/post"}],"author":[{"embeddable":true,"href":"http:\/\/test.utopia56.org\/index.php\/wp-json\/wp\/v2\/users\/1"}],"replies":[{"embeddable":true,"href":"http:\/\/test.utopia56.org\/index.php\/wp-json\/wp\/v2\/comments?post=3055"}],"version-history":[{"count":0,"href":"http:\/\/test.utopia56.org\/index.php\/wp-json\/wp\/v2\/posts\/3055\/revisions"}],"wp:featuredmedia":[{"embeddable":true,"href":"http:\/\/test.utopia56.org\/index.php\/wp-json\/"}],"wp:attachment":[{"href":"http:\/\/test.utopia56.org\/index.php\/wp-json\/wp\/v2\/media?parent=3055"}],"wp:term":[{"taxonomy":"category","embeddable":true,"href":"http:\/\/test.utopia56.org\/index.php\/wp-json\/wp\/v2\/categories?post=3055"},{"taxonomy":"post_tag","embeddable":true,"href":"http:\/\/test.utopia56.org\/index.php\/wp-json\/wp\/v2\/tags?post=3055"}],"curies":[{"name":"wp","href":"https:\/\/api.w.org\/{rel}","templated":true}]}}