{"id":3052,"date":"2021-10-22T08:25:21","date_gmt":"2021-10-22T06:25:21","guid":{"rendered":"https:\/\/utopia56.net\/?p=3052"},"modified":"2021-10-22T08:25:21","modified_gmt":"2021-10-22T06:25:21","slug":"nouveau-deces-a-la-frontiere-lettre-a-la-sous-prefecture-de-calais","status":"publish","type":"post","link":"http:\/\/test.utopia56.org\/index.php\/2021\/10\/22\/nouveau-deces-a-la-frontiere-lettre-a-la-sous-prefecture-de-calais\/","title":{"rendered":"NOUVEAU D\u00c9C\u00c8S \u00c0 LA FRONTI\u00c8RE : LETTRE \u00c0 LA SOUS-PREFECTURE DE CALAIS"},"content":{"rendered":"<p>Madame la\u00a0sous-pr\u00e9f\u00e8te,<\/p>\n<p>Hier, jeudi 21 octobre, un homme exil\u00e9 est mort \u00e0 la fronti\u00e8re franco-britannique. Il s\u2019agit de la 305\u00e8me victime de la fronti\u00e8re depuis 1999. Comme Yasser le 28 septembre dernier, il est mort des politiques migratoires et de non-accueil mises en \u0153uvre par les gouvernements fran\u00e7ais et britannique. Il est mort du refus de mettre en place de v\u00e9ritables voies s\u00fbres et l\u00e9gales de passage en Grande-Bretagne, il est mort de l\u2019application obstin\u00e9e du r\u00e8glement Dublin et de l\u2019absence de possibilit\u00e9 de r\u00e9gularisation en France , il est mort de la politique \u00ab z\u00e9ro point de fixation \u00bb qui humilie quotidiennement les personnes exil\u00e9es et les poussent \u00e0 prendre des risques\u00a0immenses.<\/p>\n<p>Nous d\u00e9non\u00e7ons ces politiques et faisons constamment des propositions concr\u00e8tes. Vous le savez, nous vous interpellons, comme nous interpellons le pr\u00e9fet du Pas-de-Calais, les ministres de l\u2019int\u00e9rieur et de la coh\u00e9sion sociale, le premier ministre et le pr\u00e9sident de la R\u00e9publique, dans des courriers r\u00e9guliers. L\u2019ensemble de nos demandes et propositions font syst\u00e9matiquement l\u2019objet d\u2019une fin de non-recevoir. Certains d\u2019entre nous, ne supportant plus la politique mise en \u0153uvre, on fait le choix de faire une gr\u00e8ve de la faim, en portant des revendications simples et claires. Nous les\u00a0soutenons.<\/p>\n<p>Vous nous avez invit\u00e9 \u00e0 une rencontre ce vendredi 22 octobre \u00e0 18h30. Nous pensions nous y rendre et souhaitions entendre vos propositions pour r\u00e9pondre aux revendications des trois gr\u00e9vistes de la faim. Cependant, comme cela se fait depuis 5 ans maintenant, une comm\u00e9moration en hommage \u00e0 la personne d\u00e9c\u00e9d\u00e9e aura lieu \u00e0 la m\u00eame heure que la rencontre. Nous nous y rendrons et ne pourrons donc pas \u00eatre pr\u00e9sents \u00e0 la rencontre \u00e0 laquelle vous nous avez\u00a0convi\u00e9s.<\/p>\n<p>Ces rencontres, qui ont lieu \u00e0 intervalle plus ou moins rapproch\u00e9, n\u2019ont jamais \u00e9t\u00e9 un espace de construction, mais sont un faux-semblant pour donner l\u2019illusion de la discussion. En ce jour de comm\u00e9moration nous ne jouerons pas \u00e0 ce\u00a0jeu-l\u00e0.<\/p>\n<p>Nous restons bien-s\u00fbr ouverts \u00e0 la discussion et sommes en attente de vos r\u00e9ponses aux revendications l\u00e9gitimes, claires et simples des trois gr\u00e9vistes de la\u00a0faim.<\/p>\n<p>Utopia 56 &#8211; Calais<br \/>\nPS\u00a0: pour votre parfaite information, les raisons de notre absence \u00e0 cette rencontre seront partag\u00e9es \u00e0 la\u00a0presse.<\/p>\n","protected":false},"excerpt":{"rendered":"<p>Madame la\u00a0sous-pr\u00e9f\u00e8te, Hier, jeudi 21 octobre, un homme exil\u00e9 est  [&#8230;]<\/p>\n","protected":false},"author":1,"featured_media":3053,"comment_status":"closed","ping_status":"open","sticky":false,"template":"","format":"standard","meta":{"footnotes":""},"categories":[19,12],"tags":[],"class_list":["post-3052","post","type-post","status-publish","format-standard","has-post-thumbnail","hentry","category-acces-aux-droits-fondamentaux","category-calais"],"_links":{"self":[{"href":"http:\/\/test.utopia56.org\/index.php\/wp-json\/wp\/v2\/posts\/3052","targetHints":{"allow":["GET"]}}],"collection":[{"href":"http:\/\/test.utopia56.org\/index.php\/wp-json\/wp\/v2\/posts"}],"about":[{"href":"http:\/\/test.utopia56.org\/index.php\/wp-json\/wp\/v2\/types\/post"}],"author":[{"embeddable":true,"href":"http:\/\/test.utopia56.org\/index.php\/wp-json\/wp\/v2\/users\/1"}],"replies":[{"embeddable":true,"href":"http:\/\/test.utopia56.org\/index.php\/wp-json\/wp\/v2\/comments?post=3052"}],"version-history":[{"count":0,"href":"http:\/\/test.utopia56.org\/index.php\/wp-json\/wp\/v2\/posts\/3052\/revisions"}],"wp:featuredmedia":[{"embeddable":true,"href":"http:\/\/test.utopia56.org\/index.php\/wp-json\/"}],"wp:attachment":[{"href":"http:\/\/test.utopia56.org\/index.php\/wp-json\/wp\/v2\/media?parent=3052"}],"wp:term":[{"taxonomy":"category","embeddable":true,"href":"http:\/\/test.utopia56.org\/index.php\/wp-json\/wp\/v2\/categories?post=3052"},{"taxonomy":"post_tag","embeddable":true,"href":"http:\/\/test.utopia56.org\/index.php\/wp-json\/wp\/v2\/tags?post=3052"}],"curies":[{"name":"wp","href":"https:\/\/api.w.org\/{rel}","templated":true}]}}