{"id":3049,"date":"2021-10-26T08:23:00","date_gmt":"2021-10-26T06:23:00","guid":{"rendered":"https:\/\/utopia56.net\/?p=3049"},"modified":"2021-10-26T08:23:00","modified_gmt":"2021-10-26T06:23:00","slug":"150-associations-en-soutien-aux-3-grevistes-de-la-faim-a-calais-faimauxfrontieres","status":"publish","type":"post","link":"http:\/\/test.utopia56.org\/index.php\/2021\/10\/26\/150-associations-en-soutien-aux-3-grevistes-de-la-faim-a-calais-faimauxfrontieres\/","title":{"rendered":"150 ASSOCIATIONS EN SOUTIEN AUX 3 GR\u00c9VISTES DE LA FAIM \u00c0 CALAIS. #FAIMAUXFRONTI\u00c8RES"},"content":{"rendered":"<p><strong>150 associations, nationales, re\u0301gionales et locales, expriment leur soutien aux revendications des gre\u0301vistes de l\u2019e\u0301glise Saint-Pierre a\u0300 Calais, re\u0301clamant la fin imme\u0301diate des traitements inhumains et de\u0301gradants contre les personnes exile\u0301es dans cette zone\u00a0frontalie\u0300re.<\/strong><\/p>\n<p>(Paris, 26 octobre 2021) Face aux conditions de vie indignes des personnes exile\u0301es a\u0300 Calais, Philippe, Anai\u0308s et Ludovic ont entame\u0301 une gre\u0300ve de la faim depuis le lundi 11 octobre a\u0300 l\u2019e\u0301glise Saint-Pierre de\u00a0Calais.<\/p>\n<p>Le pe\u0300re Philippe Demeeste\u0300re est aumo\u0302nier du Secours catholique du Pas-de-Calais. Implique\u0301 dans le tissu associatif, il accompagne et accueille les exile\u0301.e.s de passage dans la seule permanence de jour existante dans le Calaisis qui est tenue par le Secours\u00a0Catholique.<\/p>\n<p>Anai\u0308s Vogel et Ludovic Holbein sont des be\u0301ne\u0301voles engage\u0301s aupre\u0300s des associations humanitaires et des personnes en exil sur la route de\u00a0l\u2019Angleterre.<\/p>\n<p>La mort d\u2019un jeune exile\u0301 soudanais, Yasser, a e\u0301te\u0301 le de\u0301clencheur de cette gre\u0300ve de la faim. Les gre\u0301vistes de la faim l\u2019affirment\u00a0: \u00ab Nous assistons quotidiennement a\u0300 des formes de violences psychologiques et physiques a\u0300 l\u2019encontre des personnes exile\u0301es\u00a0: expulsions toutes les 48h voire quotidiennes\u00a0; confiscation et destruction des effets personnels\u00a0; multiplication des arre\u0302te\u0301s anti-distribution de nourriture et d\u2019eau\u00a0;\u00a0humiliations\u2026\u00bb<\/p>\n<p>Depuis plusieurs anne\u0301es, des ONG de de\u0301fense des droits ou des associations humanitaires, des militants associatifs et des personnes exile\u0301es, et aussi re\u0301gulie\u0300rement la De\u0301fenseure des droits, alertent sur les violations re\u0301currentes des droits et les traitements inhumains a\u0300 l\u2019encontre des exile\u0301.e.s dans le Calaisis. La de\u0301termination des autorite\u0301s a\u0300 refuser par tous moyens la pre\u0301sence de personnes exile\u0301es sur le littoral rend impossible le dialogue. \u00ab Il n\u2019y a plus aucune e\u0301coute de la part des autorite\u0301s \u00bb fait valoir dans Le Monde Ludovic Holbein. \u00ab L\u2019E\u0301tat se radicalise donc on choisit une action radicale \u00bb ajoute Anai\u0308s\u00a0Vogel.<\/p>\n<p>Les autorite\u0301s s\u2019en prennent e\u0301galement aux associations humanitaires et a\u0300 l\u2019aide qu\u2019elles apportent. Ce constat est parfaitement documente\u0301, encore re\u0301cemment par un rapport de Human Rights\u00a0Watch.<\/p>\n<p>Les revendications des trois gre\u0301vistes de la faim sont aussi les no\u0302tres. Nous les rappelons ici\u00a0:<\/p>\n<ul>\n<li>Suspension des expulsions quotidiennes et des de\u0301mante\u0300lements de campements durant la tre\u0302ve\u00a0hivernale<\/li>\n<li>Durant cette me\u0302me pe\u0301riode, arre\u0302t de la confiscation des tentes et des effets personnels des personnes\u00a0exile\u0301es<\/li>\n<li>Ouverture d\u2019un dialogue citoyen raisonne\u0301 entre autorite\u0301s publiques et associations non mandate\u0301es par l\u2019E\u0301tat, portant sur l\u2019ouverture et la localisation de points de distribution de tous les biens ne\u0301cessaires au maintien de la sante\u0301 des personnes\u00a0exile\u0301es.<\/li>\n<\/ul>\n<p>Les gre\u0301vistes de la faim de l\u2019e\u0301glise Saint-Pierre, dont le pe\u0300re Philippe a\u0302ge\u0301 de 72 ans, mettent leur sante\u0301 en jeu. Chaque jour compte de\u0301sormais, et nous enjoignons les autorite\u0301s a\u0300 re\u0301pondre a\u0300 ces trois demandes favorablement et sans de\u0301lai. Nous invitons chaque personne a\u0300 exprimer sa solidarite\u0301 avec les gre\u0301vistes\u00a0<a class=\"ext\" href=\"https:\/\/chng.it\/7qSdp8KZHY\" target=\"_blank\" rel=\"noopener\">en signant cette pe\u0301tition<\/a>adresse\u0301e a\u0300 Emmanuel Macron pour re\u0301clamer l\u2019arre\u0302t imme\u0301diat de la maltraitance des personnes exile\u0301es a\u0300 Calais et en\u00a0France.<\/p>\n<p><a class=\"ext\" href=\"https:\/\/chng.it\/7qSdp8KZHY\" target=\"_blank\" rel=\"noopener\">Je signe la p\u00e9tition<\/a><\/p>\n<p><strong>Signataires au 26 octobre 13h30\u00a0:<\/strong><\/p>\n<p>Associations nationales\u00a0: ACAT-France, Action contre la faim, Action droits des musulmans, Agir pour la sante\u0301 des femmes, AIDES, Amnesty international France, Anafe\u0301, Antanak, ANVITA, ATD Quart- Monde, ATTAC France, Associations des Travailleurs Maghre\u0301bins de France, Avocats pour la De\u0301fense des Droits des Etrangers (ADDE), CCFD\u2013Terre Solidaire, CGT ADDSEA, Chre\u0301tiens dans l\u2019Enseignement Public, Cimade, Collectif Les Morts de la Rue, Collectif national droits de l\u2019homme Romeurope. Collectif pour une autre politique migratoire, Comede, Coordination Nationale Pas Sans Nous, CRID, DAL, Etats Ge\u0301ne\u0301raux des Migrations, Emmau\u0308s France, Emmau\u0308s International, Famille France Humanite\u0301, Fe\u0301de\u0301ration Artisans du Monde, Fe\u0301de\u0301rations de l\u2019Entraide Protestante, Fe\u0301de\u0301ration des arts de la rue, Fondation Abbe\u0301 Pierre, Fondation Arme\u0301e du Salut, France Fraternite\u0301, Gisti, Jeunesse Etudiante Chre\u0301tienne, Jeunesse Ouvrie\u0300re Chre\u0301tienne, JRS France (Service je\u0301suite des re\u0301fugie\u0301s), Ka\u0302li\u0302, Ligue des Droits de l\u2019Homme, Me\u0301decins du Monde, Mission France-Me\u0301decins Sans Frontie\u0300res, Mouvement Utopia, MRAP, Organisation pour une citoyennete\u0301 universelle, Oxfam France, Pax Christi France, Secours Catholique-Caritas France, Service National Mission et Migrations, Socie\u0301te\u0301 de Saint Vincent de Paul, Survie, Tous Migrants, UniR, Utopia 56,\u00a0Watizat.<\/p>\n<p>Associations re\u0301gionales et locales\u00a0: ACC Minorite\u0301s Visibles, Ados sans Frontie\u0300res 66, Amis de la Terre du Cambre\u0301sis, ASILE, Cartables d\u2019Identite\u0301, CCFD-Terre Solidaire Be\u0301arn, CCFD-Terre Solidaire Saint-Nazaire, Cent pour Un d\u2019Apt, Cent pour Un a\u0300 Surge\u0300res, Cercle de Silence de Villefranche-sur- Sao\u0302ne, Cercle des Voisins du CRA de Cornebarrieu, Chemins Pluriels, Cimade d\u2019Evreux, Cimade Grenoble, Cimade de la Sarthe, CISPM, Citoyens du monde 53, Collectif AERe\u0301SP28 , Collectif Cambre\u0301sis pour l\u2019aide aux migrants, Collectif Chabatz d\u2019entrar de la Haute-Vienne, Collectif d\u2019associations de solidarite\u0301 internationale Pour une Terre Plus Humaine, Collectif de de\u0301fense des droits et liberte\u0301s des e\u0301trangers (CDDLE) de Besanc\u0327on, Collectif de Solidarite\u0301 Migrants de Salindrenque, Collectif de soutien aux migrants de Millau, Collectif de soutien aux personnes sans papiers de Saint- Nazaire, Collectif Migrants 17, Collectif Migrants 83, Collectif Pe\u0302che et De\u0301veloppement, Collectif poitevin D\u2019ailleurs Nous Sommes d\u2019Ici, Collectif pour le Respect des Droits des E\u0301trangers Solidarite\u0301 migrants Be\u0301arn, Collectif P\u2019tits Dejs Solidaires, Collectif Uni\u22c5es Contre l\u2019Immigration Jetable-Saint- Nazaire, Collective Aid, Comite\u0301 de Soutien aux sans papiers de Perpignan, Droits ici et la\u0300-bas, EGM de Franche comte\u0301, Emmau\u0308s Dunkerque, Emmau\u0308s Roya, Eucalyptus, Haut-Var Solidarite\u0301, Itine\u0301rance Dieppe, He\u0301bergement Solidaire Bihorel, Initiative Citoyenne pour l\u2019Accueil de Re\u0301fugie\u0301s dans l\u2019Embrunais, Kolone, La Chorba, La gamelle de Jaure\u0300s, La Maison de l\u2019Hospitalite\u0301, La pastorale des migrants des dioce\u0300ses d\u2019Evreux, Rouen et Se\u0301es, La Rencontre a\u0300 Seyssins, l\u2019Assiette Migrante, LDH Istres ouest-Provence, LDH du Mans, LDH Martigues-Co\u0302te Bleue, Maison des jeunes et de la culture de Martigues, Maison Se\u0301same, Paris d\u2019Exil, Pax Christi Nice, Peuples Solidaires Doubs, RESF 04, RESF 06, RESF 11, RESF 17, RESF 43, RESF 63, RESF 66, RESF 86, RESF 72, Rosmerta, Roya Citoyenne, Solidaires en Beaujolais, Solidarite\u0301 Jean Merlin, Solidarite\u0301 Migrants La Rochelle, Terre d\u2019errance Norrent-Fontes, Transmettre un Horizon a\u0300 Tous, Welcome\u00a0Franois-Serre.<\/p>\n","protected":false},"excerpt":{"rendered":"<p>150 associations, nationales, re\u0301gionales et locales, expriment leur soutien aux  [&#8230;]<\/p>\n","protected":false},"author":1,"featured_media":3050,"comment_status":"closed","ping_status":"open","sticky":false,"template":"","format":"standard","meta":{"footnotes":""},"categories":[19,18,12,7],"tags":[],"class_list":["post-3049","post","type-post","status-publish","format-standard","has-post-thumbnail","hentry","category-acces-aux-droits-fondamentaux","category-article","category-calais","category-paris"],"_links":{"self":[{"href":"http:\/\/test.utopia56.org\/index.php\/wp-json\/wp\/v2\/posts\/3049","targetHints":{"allow":["GET"]}}],"collection":[{"href":"http:\/\/test.utopia56.org\/index.php\/wp-json\/wp\/v2\/posts"}],"about":[{"href":"http:\/\/test.utopia56.org\/index.php\/wp-json\/wp\/v2\/types\/post"}],"author":[{"embeddable":true,"href":"http:\/\/test.utopia56.org\/index.php\/wp-json\/wp\/v2\/users\/1"}],"replies":[{"embeddable":true,"href":"http:\/\/test.utopia56.org\/index.php\/wp-json\/wp\/v2\/comments?post=3049"}],"version-history":[{"count":0,"href":"http:\/\/test.utopia56.org\/index.php\/wp-json\/wp\/v2\/posts\/3049\/revisions"}],"wp:featuredmedia":[{"embeddable":true,"href":"http:\/\/test.utopia56.org\/index.php\/wp-json\/"}],"wp:attachment":[{"href":"http:\/\/test.utopia56.org\/index.php\/wp-json\/wp\/v2\/media?parent=3049"}],"wp:term":[{"taxonomy":"category","embeddable":true,"href":"http:\/\/test.utopia56.org\/index.php\/wp-json\/wp\/v2\/categories?post=3049"},{"taxonomy":"post_tag","embeddable":true,"href":"http:\/\/test.utopia56.org\/index.php\/wp-json\/wp\/v2\/tags?post=3049"}],"curies":[{"name":"wp","href":"https:\/\/api.w.org\/{rel}","templated":true}]}}