{"id":3022,"date":"2021-11-05T12:01:57","date_gmt":"2021-11-05T11:01:57","guid":{"rendered":"https:\/\/utopia56.net\/?p=3022"},"modified":"2021-11-05T12:01:57","modified_gmt":"2021-11-05T11:01:57","slug":"paris-rassemblement-ce-samedi-place-de-la-republique","status":"publish","type":"post","link":"http:\/\/test.utopia56.org\/index.php\/2021\/11\/05\/paris-rassemblement-ce-samedi-place-de-la-republique\/","title":{"rendered":"PARIS : RASSEMBLEMENT CE SAMEDI PLACE DE LA R\u00c9PUBLIQUE"},"content":{"rendered":"<p>Ce samedi, cela fera 28 jours qu\u2019Ana\u00efs et Ludovic sont en gr\u00e8ve de la faim \u00e0 Calais, pour mettre fin au harc\u00e8lement de l\u2019\u00c9tat envers les personnes exil\u00e9es \u00e0 la fronti\u00e8re franco-britannique. Le P\u00e8re Philippe a mis faim \u00e0 sa gr\u00e8ve de la faim hier, mais continue de soutenir les revendications et poursuit le combat\u00a0autrement.<\/p>\n<p>Venez afficher votre soutien ce samedi de 14h \u00e0 17h, place de la R\u00e9publique \u00e0\u00a0Paris.<\/p>\n<p>Pour trois heures, une heure, ou quelques minutes venez apporter votre force et d\u00e9poser votre message de\u00a0soutien.<\/p>\n<p>Leurs revendications sont simples\u00a0:<\/p>\n<ul>\n<li>la fin des expulsions des personnes de leur lieu de vie \u00e0 Calais pendant la tr\u00eave\u00a0hivernale<\/li>\n<li>la fin de la confiscation des affaires personnelles des personnes habitantes des\u00a0campements<\/li>\n<li>l\u2019ouverture d\u2019un dialogue raisonn\u00e9 entre les associations non mandat\u00e9es et les\u00a0autorit\u00e9s<\/li>\n<\/ul>\n<p>Une p\u00e9tition en ligne a d\u00e9j\u00e0 r\u00e9colt\u00e9 plus de 47 000 signatures et plus de 180 associations et ONG soutiennent les revendications des gr\u00e9vistes\u00a0:\u00a0<a class=\"ext\" href=\"https:\/\/chng.it\/RYCCZtQksm\" target=\"_blank\" rel=\"noopener\">https:\/\/chng.it\/RYCCZtQksm<span class=\"ext\"><span class=\"element-invisible\">(link is external)<\/span><\/span><\/a><\/p>\n<p>Suite \u00e0 la visite de Didier Leschi, envoy\u00e9 par Emmanuel Macron en tant que m\u00e9diateur, aucune r\u00e9ponse aux revendications n\u2019a \u00e9t\u00e9 apport\u00e9e. Aucun dialogue n\u2019a \u00e9t\u00e9 instaur\u00e9. Il est important de continuer \u00e0 visibiliser la situation et de continuer \u00e0 mettre l\u2019\u00c9tat face \u00e0 l\u2019urgence humanitaire que constitue ces situations. Il est impensable de continuer \u00e0 bafouer les droits humains et nos lois, sans but, ni fin, au d\u00e9triment de vies\u00a0humaines.<\/p>\n<p>C\u2019est une gr\u00e8ve de la faim, pas une gr\u00e8ve de l\u2019espoir. Donnons espoir \u00e0 la dignit\u00e9.<br \/>\n\u2014\u2014<br \/>\n1. L\u2019\u00e9v\u00e9nement a \u00e9t\u00e9 d\u00e9clar\u00e9 en pr\u00e9fecture.<br \/>\n2. Photo prise par Louis Witter, journaliste \u00e0 la\u00a0fronti\u00e8re.<\/p>\n<p>*\/<\/p>\n","protected":false},"excerpt":{"rendered":"<p>Ce samedi, cela fera 28 jours qu\u2019Ana\u00efs et Ludovic sont  [&#8230;]<\/p>\n","protected":false},"author":1,"featured_media":3023,"comment_status":"closed","ping_status":"open","sticky":false,"template":"","format":"standard","meta":{"footnotes":""},"categories":[19,18,12,17,7],"tags":[],"class_list":["post-3022","post","type-post","status-publish","format-standard","has-post-thumbnail","hentry","category-acces-aux-droits-fondamentaux","category-article","category-calais","category-manifestation","category-paris"],"_links":{"self":[{"href":"http:\/\/test.utopia56.org\/index.php\/wp-json\/wp\/v2\/posts\/3022","targetHints":{"allow":["GET"]}}],"collection":[{"href":"http:\/\/test.utopia56.org\/index.php\/wp-json\/wp\/v2\/posts"}],"about":[{"href":"http:\/\/test.utopia56.org\/index.php\/wp-json\/wp\/v2\/types\/post"}],"author":[{"embeddable":true,"href":"http:\/\/test.utopia56.org\/index.php\/wp-json\/wp\/v2\/users\/1"}],"replies":[{"embeddable":true,"href":"http:\/\/test.utopia56.org\/index.php\/wp-json\/wp\/v2\/comments?post=3022"}],"version-history":[{"count":0,"href":"http:\/\/test.utopia56.org\/index.php\/wp-json\/wp\/v2\/posts\/3022\/revisions"}],"wp:featuredmedia":[{"embeddable":true,"href":"http:\/\/test.utopia56.org\/index.php\/wp-json\/"}],"wp:attachment":[{"href":"http:\/\/test.utopia56.org\/index.php\/wp-json\/wp\/v2\/media?parent=3022"}],"wp:term":[{"taxonomy":"category","embeddable":true,"href":"http:\/\/test.utopia56.org\/index.php\/wp-json\/wp\/v2\/categories?post=3022"},{"taxonomy":"post_tag","embeddable":true,"href":"http:\/\/test.utopia56.org\/index.php\/wp-json\/wp\/v2\/tags?post=3022"}],"curies":[{"name":"wp","href":"https:\/\/api.w.org\/{rel}","templated":true}]}}