{"id":3019,"date":"2021-11-10T12:00:40","date_gmt":"2021-11-10T11:00:40","guid":{"rendered":"https:\/\/utopia56.net\/?p=3019"},"modified":"2021-11-10T12:00:40","modified_gmt":"2021-11-10T11:00:40","slug":"sas-calais-lettre-ouverte-a-madame-la-sous-prefete-de-larrondissement-de-calais","status":"publish","type":"post","link":"http:\/\/test.utopia56.org\/index.php\/2021\/11\/10\/sas-calais-lettre-ouverte-a-madame-la-sous-prefete-de-larrondissement-de-calais\/","title":{"rendered":"SAS CALAIS : LETTRE OUVERTE \u00c0 MADAME LA SOUS-PR\u00c9F\u00c8TE DE L\u2019ARRONDISSEMENT DE CALAIS"},"content":{"rendered":"<p>Madame la\u00a0sous-pre\u0301fe\u0300te,<\/p>\n<p><strong>Le 8 novembre, vous nous avez convie\u0301s a\u0300 une re\u0301union sur les questions migratoires pre\u0301side\u0301e par vous-me\u0302me en sous-pre\u0301fecture de Calais en pre\u0301sence de Monsieur Didier Leschi, Directeur ge\u0301ne\u0301ral de l\u2019OFII, devant se tenir ce jour, le 10 novembre 2021. L\u2019ordre du jour que vous avez de\u0301termine\u0301 pre\u0301voit d\u2019aborder les questions du \u00ab bilan de la me\u0301diation mene\u0301e par M. Didier Leschi \u00bb, de la \u00ab coordination des interventions associatives et des services de l\u2019Etat \u00bb et un \u00ab point d\u2019information sur le fonctionnement du SAS\u00a0\u00bb.<\/strong><\/p>\n<p>Nos associations sont extre\u0302mement de\u0301sireuses de pouvoir ba\u0302tir avec les services de l\u2019Etat, un dialogue permettant d\u2019aboutir a\u0300 de ve\u0301ritables ame\u0301liorations des conditions d\u2019accueil des personnes exile\u0301es a\u0300 Calais. Ne\u0301anmoins, la re\u0301union a\u0300 laquelle vous nous invitez ne laisse en rien pre\u0301sager qu\u2019un tel dialogue sera\u00a0possible.<\/p>\n<p>En effet, nous tenons ici a\u0300 rappeler que le pre\u0301alable a\u0300 un dialogue permettant d\u2019ame\u0301liorer les conditions d\u2019accueil des personnes exile\u0301es consiste en une tre\u0302ve de l\u2019inhumanite\u0301 que constituent les expulsions de campements et la confiscation des effets personnels des personnes exile\u0301es. En ce sens, nos associations rejoignent et soutiennent sans re\u0301serve la demande des gre\u0301vistes en gre\u0300ve de la faim depuis 31 jours de suspendre ces expulsions lors de la tre\u0302ve hivernale et les confiscations d\u2019affaires personnelles qui y sont lie\u0301es. Malheureusement, ces demandes n\u2019ont pas e\u0301te\u0301 entendues a\u0300 ce jour et nous sommes, aux co\u0302te\u0301s des gre\u0301vistes qui poursuivent leur action, dans l\u2019attente d\u2019un ve\u0301ritable dialogue avec le gouvernement sur ces\u00a0questions.<\/p>\n<p>Ensuite, ce dialogue semble d\u2019autant plus compromis que, si vous avez ouvert le SAS rue des Huttes ainsi qu\u2019un dispositif pour les MNA, vous avez dans le me\u0302me temps stoppe\u0301 du jour au lendemain les distributions d\u2019eau et de nourriture, et ce, depuis le jeudi 4 novembre 2021 sur le lieu de vie situe\u0301 a\u0300 l\u2019angle de la rue du Beaumarais et de la rue de Normandie sur la commune de Marck ou\u0300 survivent plusieurs centaines de personnes exile\u0301es. Certaines d\u2019entre elles n\u2019ont pu acce\u0301der aux distributions de l\u2019Etat depuis sept jours et nous te\u0301moignent quotidiennement e\u0302tre affame\u0301es. Nous vous demandons de reme\u0301dier de manie\u0300re urgente a\u0300 cette situation qui met encore une fois la vie des personnes exile\u0301es en danger et participe a\u0300 de\u0301grader leurs conditions de\u00a0vie.<\/p>\n<p>De fait, nous nous interrogeons\u00a0: a\u0300 quoi sert cette re\u0301union, quand du jour au lendemain, l\u2019Etat de\u0301cide unilate\u0301ralement de couper l\u2019eau et la nourriture aux personnes exile\u0301es\u00a0? Quand il continue d\u2019expulser et de confisquer les affaires des personnes exile\u0301es\u00a0?<\/p>\n<p>Enfin, nous tenons a\u0300 exprimer de nouveau notre insatisfaction par rapport au cadre de ces re\u0301unions. Cela rejoint la troisie\u0300me revendication des gre\u0301vistes de la faim au sujet de l\u2019ouverture d\u2019un dialogue citoyen raisonne\u0301 entre associations non mandate\u0301es et services de l\u2019Etat. D\u2019une part, nous renouvelons notre demande a\u0300 ce que les personnes exile\u0301es puissent participer a\u0300 ces rencontres, ce que les de\u0301lais et modalite\u0301s de re\u0301union ne permettent actuellement pas. D\u2019autre part, ni les gre\u0301vistes de la faim ni l\u2019ensemble des associations ope\u0301rant dans le Calaisis et qui e\u0301taient pourtant au c\u0153ur du processus de me\u0301diation avec M. Didier Leschi n\u2019ont e\u0301te\u0301 invite\u0301es. Quel est le sens d\u2019en faire un bilan sans les principaux inte\u0301resse\u0301s\u00a0? Enfin, les pratiques de l\u2019Etat par ailleurs, l\u2019imposition de l\u2019ordre du jour, la poursuite des entraves a\u0300 l\u2019action des associations sous la forme, notamment, d\u2019arre\u0302te\u0301s pre\u0301fectoraux, nous laisse craindre qu\u2019il s\u2019agisse de nouveau d\u2019une mise en sce\u0300ne de dialogue a\u0300 laquelle nous ne souhaitons plus prendre part aux vues de la gravite\u0301 de la situation\u00a0actuelle.<\/p>\n<p>Dans l\u2019attente de la re\u0301union effective des conditions permettant l\u2019e\u0301tablissement d\u2019un ve\u0301ritable dialogue, veuillez recevoir, Madame la Sous-pre\u0301fe\u0300te, l\u2019expression de nos since\u0300res\u00a0salutations.<\/p>\n<p><strong>Associations et personnes signataires\u00a0:<\/strong><\/p>\n<p>Anais et Ludovic, gre\u0301vistes de la faim a\u0300 Calais<br \/>\nL\u2019Auberge des Migrants<br \/>\nCalais Food Collective (CFC) Collective Aid<br \/>\nHuman Rights Observers (HRO) Me\u0301decins du Monde<br \/>\nRefugees Info Bus<br \/>\nSecours Catholique du Pas-de-Calais Shanti<br \/>\nUtopia\u00a056<\/p>\n<p>Photo\u00a0: Julia\u00a0Druelle<\/p>\n","protected":false},"excerpt":{"rendered":"<p>Madame la\u00a0sous-pre\u0301fe\u0300te, Le 8 novembre, vous nous avez convie\u0301s a\u0300  [&#8230;]<\/p>\n","protected":false},"author":1,"featured_media":3020,"comment_status":"closed","ping_status":"open","sticky":false,"template":"","format":"standard","meta":{"footnotes":""},"categories":[19,12],"tags":[],"class_list":["post-3019","post","type-post","status-publish","format-standard","has-post-thumbnail","hentry","category-acces-aux-droits-fondamentaux","category-calais"],"_links":{"self":[{"href":"http:\/\/test.utopia56.org\/index.php\/wp-json\/wp\/v2\/posts\/3019","targetHints":{"allow":["GET"]}}],"collection":[{"href":"http:\/\/test.utopia56.org\/index.php\/wp-json\/wp\/v2\/posts"}],"about":[{"href":"http:\/\/test.utopia56.org\/index.php\/wp-json\/wp\/v2\/types\/post"}],"author":[{"embeddable":true,"href":"http:\/\/test.utopia56.org\/index.php\/wp-json\/wp\/v2\/users\/1"}],"replies":[{"embeddable":true,"href":"http:\/\/test.utopia56.org\/index.php\/wp-json\/wp\/v2\/comments?post=3019"}],"version-history":[{"count":0,"href":"http:\/\/test.utopia56.org\/index.php\/wp-json\/wp\/v2\/posts\/3019\/revisions"}],"wp:featuredmedia":[{"embeddable":true,"href":"http:\/\/test.utopia56.org\/index.php\/wp-json\/"}],"wp:attachment":[{"href":"http:\/\/test.utopia56.org\/index.php\/wp-json\/wp\/v2\/media?parent=3019"}],"wp:term":[{"taxonomy":"category","embeddable":true,"href":"http:\/\/test.utopia56.org\/index.php\/wp-json\/wp\/v2\/categories?post=3019"},{"taxonomy":"post_tag","embeddable":true,"href":"http:\/\/test.utopia56.org\/index.php\/wp-json\/wp\/v2\/tags?post=3019"}],"curies":[{"name":"wp","href":"https:\/\/api.w.org\/{rel}","templated":true}]}}