{"id":3016,"date":"2021-11-10T11:59:45","date_gmt":"2021-11-10T10:59:45","guid":{"rendered":"https:\/\/utopia56.net\/?p=3016"},"modified":"2021-11-10T11:59:45","modified_gmt":"2021-11-10T10:59:45","slug":"manifestation-en-soutien-aux-personnes-exilees-et-aux-grevistes-de-la-faim-a-calais","status":"publish","type":"post","link":"http:\/\/test.utopia56.org\/index.php\/2021\/11\/10\/manifestation-en-soutien-aux-personnes-exilees-et-aux-grevistes-de-la-faim-a-calais\/","title":{"rendered":"MANIFESTATION EN SOUTIEN AUX PERSONNES EXIL\u00c9ES ET AUX GR\u00c9VISTES DE LA FAIM \u00c0 CALAIS"},"content":{"rendered":"<p><strong>Samedi 13 novembre, une manifestation nationale aura lieu \u00e0 Calais, en soutien aux 3 revendications port\u00e9es par Ana\u00efs Vogel et Ludovic Holbein, en gr\u00e8ve de la faim depuis le 11\u00a0octobre.<\/strong><\/p>\n<p>Cette manifestation aura lieu alors qu\u2019Ana\u00efs et Ludovic seront dans leur 34e jour de gr\u00e8ve de la faim. Elle rassemblera les associations calaisiennes engag\u00e9es depuis plusieurs dizaines d\u2019ann\u00e9es en faveur des droits des personnes exil\u00e9es et de nombreuses organisations, citoyen.ne.s et personnes exil\u00e9es venues de toute la France, qui ont d\u00e9cid\u00e9 d\u2019exprimer leur soutien aux revendications des\u00a0gr\u00e9vistes.<\/p>\n<p>Les organisations mobilis\u00e9es invitent les citoyennes et citoyens qui le souhaitent \u00e0 se joindre au cort\u00e8ge ou bien, s\u2019ils ne peuvent venir \u00e0 Calais, \u00e0 exprimer leur soutien sur les r\u00e9seaux sociaux avec le\u00a0#Faimauxfrontieres<\/p>\n<p>La manifestation d\u00e9butera\u00a0\u00e0 14h devant l\u2019\u00e9glise Saint-Pierre, place\u00a0Cr\u00e8vec\u0153ur.<\/p>\n<p>Les gr\u00e9vistes de la faim demandent\u00a0:<\/p>\n<p>\u2022 \u00a0l\u2019arr\u00eat des expulsions et des d\u00e9mant\u00e8lements de campements pendant la tr\u00eave hivernale\u00a0\u00a0;<\/p>\n<p>\u2022 durant la m\u00eame p\u00e9riode, l\u2019arr\u00eat sans condition de toute confiscation des tentes et des effets personnels des personnes exil\u00e9es\u00a0;<\/p>\n<p>\u2022 l\u2019ouverture d\u2019un dialogue citoyen raisonn\u00e9 entre autorit\u00e9s publiques et associations non mandat\u00e9es par l\u2019\u00c9tat, sur l\u2019ouverture de points de distribution de tous biens n\u00e9cessaires au maintien de la sant\u00e9 des personnes\u00a0exil\u00e9es.<\/p>\n<p>Liste des associations et organisations appelant \u00e0 cette manifestation\u00a0:<\/p>\n<p>Auberge des migrants, Calais Food Collective, Collectif Faim aux fronti\u00e8res, Collective Aid, Human Rights Observers, La Cabane Juridique, Project Play, Refugee info bus, Salam, Shanti, Utopia 56,\u00a0Woodyard.<\/p>\n<p>&nbsp;<\/p>\n<p>Photo\u00a0: Julia\u00a0Druelle<\/p>\n","protected":false},"excerpt":{"rendered":"<p>Samedi 13 novembre, une manifestation nationale aura lieu \u00e0 Calais,  [&#8230;]<\/p>\n","protected":false},"author":1,"featured_media":3017,"comment_status":"closed","ping_status":"open","sticky":false,"template":"","format":"standard","meta":{"footnotes":""},"categories":[19,18,12],"tags":[],"class_list":["post-3016","post","type-post","status-publish","format-standard","has-post-thumbnail","hentry","category-acces-aux-droits-fondamentaux","category-article","category-calais"],"_links":{"self":[{"href":"http:\/\/test.utopia56.org\/index.php\/wp-json\/wp\/v2\/posts\/3016","targetHints":{"allow":["GET"]}}],"collection":[{"href":"http:\/\/test.utopia56.org\/index.php\/wp-json\/wp\/v2\/posts"}],"about":[{"href":"http:\/\/test.utopia56.org\/index.php\/wp-json\/wp\/v2\/types\/post"}],"author":[{"embeddable":true,"href":"http:\/\/test.utopia56.org\/index.php\/wp-json\/wp\/v2\/users\/1"}],"replies":[{"embeddable":true,"href":"http:\/\/test.utopia56.org\/index.php\/wp-json\/wp\/v2\/comments?post=3016"}],"version-history":[{"count":0,"href":"http:\/\/test.utopia56.org\/index.php\/wp-json\/wp\/v2\/posts\/3016\/revisions"}],"wp:featuredmedia":[{"embeddable":true,"href":"http:\/\/test.utopia56.org\/index.php\/wp-json\/"}],"wp:attachment":[{"href":"http:\/\/test.utopia56.org\/index.php\/wp-json\/wp\/v2\/media?parent=3016"}],"wp:term":[{"taxonomy":"category","embeddable":true,"href":"http:\/\/test.utopia56.org\/index.php\/wp-json\/wp\/v2\/categories?post=3016"},{"taxonomy":"post_tag","embeddable":true,"href":"http:\/\/test.utopia56.org\/index.php\/wp-json\/wp\/v2\/tags?post=3016"}],"curies":[{"name":"wp","href":"https:\/\/api.w.org\/{rel}","templated":true}]}}