{"id":3013,"date":"2021-11-15T11:58:21","date_gmt":"2021-11-15T10:58:21","guid":{"rendered":"https:\/\/utopia56.net\/?p=3013"},"modified":"2021-11-15T11:58:21","modified_gmt":"2021-11-15T10:58:21","slug":"lettre-ouverte-m-le-president-ecoutez-les-renvendications-des-grevistes-de-la-faim-a-calais","status":"publish","type":"post","link":"http:\/\/test.utopia56.org\/index.php\/2021\/11\/15\/lettre-ouverte-m-le-president-ecoutez-les-renvendications-des-grevistes-de-la-faim-a-calais\/","title":{"rendered":"LETTRE OUVERTE : M. LE PR\u00c9SIDENT, \u00c9COUTEZ LES RENVENDICATIONS DES GR\u00c9VISTES DE LA FAIM \u00c0 CALAIS"},"content":{"rendered":"<p><strong>15 associations \u00e9crivent au Pr\u00e9sident de la R\u00e9publique en soutien aux revendications des gr\u00e9vistes de la faim de Calais. Cette lettre a \u00e9t\u00e9 adress\u00e9e au pr\u00e9sident de la R\u00e9publique, Emmanuel Macron, le mercredi 10 novembre. Les signataires attendent encore une\u00a0r\u00e9ponse.<\/strong><\/p>\n<p>Monsieur le pr\u00e9sident de la R\u00e9publique,<\/p>\n<p>Chaque jour, au nom d\u2019une politique qui vise \u00e0 dissuader les personnes exil\u00e9es de transiter par Calais, notre gouvernement franchit des lignes rouges. Chaque jour, il met la France dans l\u2019ill\u00e9galit\u00e9 et renie ses valeurs en traitant ces personnes de fa\u00e7on inhumaine et d\u00e9gradante. Il a fallu que trois citoyens s\u2019engagent dans une gr\u00e8ve de la faim pour briser le silence assourdissant dans lequel ce drame se poursuit sur notre\u00a0sol.<\/p>\n<p>Depuis maintenant 31 jours, Ana\u00efs Vogel et Ludovic Holbein ont cess\u00e9 de s\u2019alimenter pour demander le respect de la dignit\u00e9 et des droits des personnes exil\u00e9es \u00e0 Calais.<\/p>\n<p>Comme nous l\u2019avons affirm\u00e9 dans un communiqu\u00e9 le 26 octobre, rejoints par 180 organisations de la soci\u00e9t\u00e9 civile fran\u00e7aise, nous soutenons pleinement les trois revendications\u00a0pr\u00e9sent\u00e9es par les gr\u00e9vistes\u00a0: la fin des expulsions quotidiennes sur Calais, la fin de la destruction des effets personnels des personnes exil\u00e9es pendant la tr\u00eave hivernale, l\u2019ouverture d\u2019un dialogue raisonn\u00e9 et constructif entre les pouvoirs publics et les associations non mandat\u00e9es par l\u2019\u00c9tat sur la distribution de biens de premi\u00e8re n\u00e9cessit\u00e9.<\/p>\n<p>Ces revendications tr\u00e8s \u00e9l\u00e9mentaires n\u2019ont pas encore \u00e9t\u00e9 prises en compte. Mandat\u00e9 par le minist\u00e8re de l\u2019Int\u00e9rieur, M. Didier Leschi a essentiellement annonc\u00e9 deux mesures\u00a0: un pr\u00e9avis de 45 minutes avant les expulsions, la cr\u00e9ation d\u2019un \u00ab sas \u00bb pour 300 personnes avec une orientation vers des h\u00e9bergements loin de la fronti\u00e8re britannique.<br \/>\nCes annonces ne sont pas \u00e0 la hauteur\u00a0: dans les faits, elles ne remettent\u00a0quasiment pas\u00a0en cause les traitements inhumains et d\u00e9gradants inflig\u00e9s quotidiennement aux plus de mille personnes exil\u00e9es vivant dans le Calaisis.<\/p>\n<p>Nos associations restent tr\u00e8s mobilis\u00e9es\u00a0en soutien \u00e0\u00a0cette action qui rappelle la responsabilit\u00e9 premi\u00e8re du gouvernement fran\u00e7ais. Comme nous l\u2019observons depuis pr\u00e8s de 30 ans, le choix prioritaire de la dissuasion, y compris par la force, n\u2019a jamais eu pour autre effet que d\u2019exacerber la souffrance humaine, aggraver les atteintes aux droits humains et accentuer l\u2019\u00e9puisement des d\u00e9fenseurs des droits humains, citoyens et citoyennes fid\u00e8les au principe r\u00e9publicain de fraternit\u00e9. Pas plus que vous, nous ne souhaitons qu\u2019Ana\u00efs Vogel et Ludovic Holbein ne mettent leur vie en danger.<\/p>\n<p>D\u00e8s lors, nous en appelons \u00e0 votre sens des responsabilit\u00e9s et \u00e0 votre humanit\u00e9. La situation qui pr\u00e9vaut \u00e0 Calais, \u00e0 Grande-Synthe et plus g\u00e9n\u00e9ralement sur le littoral de la Manche et de la mer du Nord, impose qu\u2019une r\u00e9ponse gouvernementale positive soit apport\u00e9e au plus vite aux demandes minimales formul\u00e9es.<\/p>\n<p>Nous attendons de votre part un geste fort, en vous engageant directement sur ce dossier, afin que de nouvelles discussions commencent rapidement.\u00a0Nos organisations sont pr\u00eates \u00e0 entrer imm\u00e9diatement en dialogue avec vous et\u00a0sollicitent donc\u00a0un rendez-vous \u00e0 cet effet.<\/p>\n<p>Nos organisations sont convaincues que des solutions peuvent \u00eatre apport\u00e9es \u00e0 cette situation. Elles doivent s\u2019ancrer r\u00e9solument dans le respect effectif des droits humains des personnes exil\u00e9es et impliquent un engagement politique sur un temps long et l\u2019ouverture d\u2019un dialogue raisonn\u00e9 associant personnes exil\u00e9es, associations et pouvoirs publics.<\/p>\n<p>Nous vous appelons \u00e0 agir dans les plus brefs\u00a0d\u00e9lais.<\/p>\n<p>Dans l\u2019attente de votre r\u00e9ponse, veuillez agr\u00e9er, Monsieur le pr\u00e9sident de la R\u00e9publique, l\u2019expression de notre tr\u00e8s haute consid\u00e9ration, Amnesty International France, C\u00e9cile Coudriou,\u00a0Pr\u00e9sidente<\/p>\n<p>ATD Quart-Monde, Marie-Aleth Grard, Pr\u00e9sidente<br \/>\nCCFD-Terre Solidaire, Sylvie Bukhari de Pontual, Pr\u00e9sidente<br \/>\nCimade, Henri Masson, Pr\u00e9sident national<br \/>\nCollectif des associations de soutien aux personnes exil\u00e9es de Calais\u00a0: Auberge des migrants, Salam Nord Pas-de-Calais, Utopia56<br \/>\nEmma\u00fcs France, Antoine Sueur, Pr\u00e9sident<br \/>\nF\u00e9d\u00e9ration Entraide Protestante, Jean Fontanieu, Secr\u00e9taire g\u00e9n\u00e9ral<br \/>\nFondation Abb\u00e9 Pierre, Christophe Robert, D\u00e9l\u00e9gu\u00e9 g\u00e9n\u00e9ral<br \/>\nHuman Rights Watch, B\u00e9n\u00e9dicte Jeannerod, Directrice France<br \/>\nJRS France, V\u00e9ronique Albanel, Pr\u00e9sidente<br \/>\nLigue des Droits de l\u2019Homme, Malik Salemkour, Pr\u00e9sident<br \/>\nM\u00e9decins du Monde, Dr Carine Rolland, Pr\u00e9sidente<br \/>\nM\u00e9decins sans Fronti\u00e8res, Corinne Torre, Chef de mission France<br \/>\nOxfam France, C\u00e9cile Duflot, Directrice g\u00e9n\u00e9rale<br \/>\nSecours catholique Caritas France, V\u00e9ronique Devise,\u00a0Pr\u00e9sidente<\/p>\n<p>&nbsp;<\/p>\n<p>Associations nationales et internationales\u00a0:\u00a0ACAT France, Avocats pour la D\u00e9fense des Droits des \u00c9trangers, Collectif national droits de l\u2019homme Romeurope, DAL, \u00c9tats G\u00e9n\u00e9raux des\u00a0Migrations, Emma\u00fcs International, Gisti, MRAP, RESF, Safe Passage France, Service National Mission et\u00a0Migration.<\/p>\n<p>Associations r\u00e9gionales et locales\u00a0:\u00a0ASILE, Asso.cairn, CCFD-Terre Solidaire du Doubs,\u00a0ASTI de Colombes,\u00a0Chemins Pluriels, Citoyens du monde 53, CIMADE des Hautes-Pyr\u00e9n\u00e9es, collectif Chabatz d\u2019entrar de la Haute-Vienne, Collectif de d\u00e9fense des droits et libert\u00e9s des \u00e9trangers (CDDLE) de Besan\u00e7on, Collectif de soutien aux migrants de Millau, Collectif de\u00a0soutien aux Personnes Sans Papiers de Saint-Nazaire, Collectif Loire \u00abPour que personne ne dorme \u00e0 la rue\u00bb, Collectif Outils du soin, Collectif poitevin D\u2019ailleurs Nous Sommes d\u2019Ici, Collective Aid, COSOMI, Education.World 86, EGM25, Haut-Var Solidarit\u00e9, H\u00e9bergement Solidaire Bihorel, ICARE-05, Migrants Voiron, Paris d\u2019Exil, Peuples Solidaires Doubs, RESF 06, RESF43, RESF63, RESF86, RESF Voiron, Roya Citoyenne, Solidarit\u00e9 Jean-Merlin, Terre d\u2019errance Norrent-Fontes,\u00a0Tous\u00a0migrants,\u00a0Welcome-Franois-Serre<\/p>\n","protected":false},"excerpt":{"rendered":"<p>15 associations \u00e9crivent au Pr\u00e9sident de la R\u00e9publique en soutien  [&#8230;]<\/p>\n","protected":false},"author":1,"featured_media":3014,"comment_status":"closed","ping_status":"open","sticky":false,"template":"","format":"standard","meta":{"footnotes":""},"categories":[19,28,18,12],"tags":[],"class_list":["post-3013","post","type-post","status-publish","format-standard","has-post-thumbnail","hentry","category-acces-aux-droits-fondamentaux","category-antenne","category-article","category-calais"],"_links":{"self":[{"href":"http:\/\/test.utopia56.org\/index.php\/wp-json\/wp\/v2\/posts\/3013","targetHints":{"allow":["GET"]}}],"collection":[{"href":"http:\/\/test.utopia56.org\/index.php\/wp-json\/wp\/v2\/posts"}],"about":[{"href":"http:\/\/test.utopia56.org\/index.php\/wp-json\/wp\/v2\/types\/post"}],"author":[{"embeddable":true,"href":"http:\/\/test.utopia56.org\/index.php\/wp-json\/wp\/v2\/users\/1"}],"replies":[{"embeddable":true,"href":"http:\/\/test.utopia56.org\/index.php\/wp-json\/wp\/v2\/comments?post=3013"}],"version-history":[{"count":0,"href":"http:\/\/test.utopia56.org\/index.php\/wp-json\/wp\/v2\/posts\/3013\/revisions"}],"wp:featuredmedia":[{"embeddable":true,"href":"http:\/\/test.utopia56.org\/index.php\/wp-json\/"}],"wp:attachment":[{"href":"http:\/\/test.utopia56.org\/index.php\/wp-json\/wp\/v2\/media?parent=3013"}],"wp:term":[{"taxonomy":"category","embeddable":true,"href":"http:\/\/test.utopia56.org\/index.php\/wp-json\/wp\/v2\/categories?post=3013"},{"taxonomy":"post_tag","embeddable":true,"href":"http:\/\/test.utopia56.org\/index.php\/wp-json\/wp\/v2\/tags?post=3013"}],"curies":[{"name":"wp","href":"https:\/\/api.w.org\/{rel}","templated":true}]}}