{"id":3004,"date":"2021-11-24T11:54:44","date_gmt":"2021-11-24T10:54:44","guid":{"rendered":"https:\/\/utopia56.net\/?p=3004"},"modified":"2021-11-24T11:54:44","modified_gmt":"2021-11-24T10:54:44","slug":"lettre-ouverte-aux-responsable-des-dernieres-expulsions-a-grande-synthe","status":"publish","type":"post","link":"http:\/\/test.utopia56.org\/index.php\/2021\/11\/24\/lettre-ouverte-aux-responsable-des-dernieres-expulsions-a-grande-synthe\/","title":{"rendered":"LETTRE OUVERTE AUX RESPONSABLE DES DERNI\u00c8RES EXPULSIONS \u00c0 GRANDE-SYNTHE"},"content":{"rendered":"<p><strong>Lettre \u00e0 l\u2019attention de Monsieur le Maire de Grande-Synthe, des autorit\u00e9s pr\u00e9fectorales du Nord ainsi que du ministre de l\u2019Int\u00e9rieur Monsieur G\u00e9rald\u00a0Darmanin<\/strong><\/p>\n<p>Il y a une semaine, mardi 16 novembre 2021, en tant que b\u00e9n\u00e9voles de l\u2019association Utopia 56 \u00e0 Grande-Synthe, nous assistions au d\u00e9mant\u00e8lement de l\u2019un des principaux campements de la ville de Grande-Synthe. Vous vous targuiez alors d\u2019avoir permis la \u201cmise \u00e0 l\u2019abri\u201d de 663 personnes exil\u00e9es, dans le communiqu\u00e9 de presse du Pr\u00e9fet du Nord. Une semaine plus tard, nous voulons raconter ce que nous savons de cette op\u00e9ration ill\u00e9gale de d\u00e9mant\u00e8lement, men\u00e9e sous vos ordres et par vos agents, et pr\u00e9sent\u00e9e comme une op\u00e9ration\u00a0humanitaire.<\/p>\n<p>\u00c0 Grande-Synthe, nous estimons qu\u2019environ 1 200 personnes survivaient dans des campements de fortune jusqu\u2019au d\u00e9mant\u00e8lement du 16 novembre 2021. Leurs conditions de vie \u00e9taient extr\u00eamement pr\u00e9caires et indignes\u00a0: abris de fortune ne prot\u00e9geant ni de la pluie, ni du froid, absence de sanitaires et acc\u00e8s limit\u00e9 \u00e0 l\u2019eau, \u00e0 la nourriture et aux soins. Les solutions institutionnelles de mise \u00e0 l\u2019abri sont depuis longtemps insuffisantes et inadapt\u00e9es dans la r\u00e9gion\u00a0: \u201cJe pr\u00e9f\u00e8re rester dans la \u201cjungle\u201d plut\u00f4t que de passer une nuit de plus dans un de ces centres\u201d nous disait encore mardi M., Irakien de 23 ans. Pour couronner le tout, des op\u00e9rations d\u2019expulsion sont perp\u00e9tr\u00e9es r\u00e9guli\u00e8rement par les autorit\u00e9s publiques, d\u00e9gradant plus encore les conditions de vie dans ces lieux d\u00e9j\u00e0\u00a0indignes.<\/p>\n<p>Jusqu\u2019\u00e0 pr\u00e9sent, lors des expulsions r\u00e9guli\u00e8res, les propositions de mise \u00e0 l\u2019abri ne sont ni suffisantes, ni pr\u00e9sent\u00e9es correctement aux personnes exil\u00e9es. L\u2019expulsion du 16 novembre a elle \u00e9t\u00e9 marqu\u00e9e par la mise \u00e0 l\u2019abri de l\u2019int\u00e9gralit\u00e9 d\u2019un campement, malheureusement sous contrainte\u00a0: les personnes n\u2019ont pas \u201caccept\u00e9\u201d de monter dans des bus comme on a pu le lire ou l\u2019entendre dans les communiqu\u00e9s officiels de la municipalit\u00e9 et la pr\u00e9fecture, mais ont \u00e9t\u00e9 forc\u00e9es de le faire. Comment, en effet, \u00e9voquer la notion de consentement alors m\u00eame que les personnes ont \u00e9t\u00e9 pouss\u00e9es au petit matin vers la sortie du campement par une man\u0153uvre de nasse men\u00e9e par les forces de l\u2019ordre, puis parqu\u00e9es entre des barri\u00e8res et enfin r\u00e9duites \u00e0 choisir entre le commissariat de police et des bus \u00e0 la destination inconnue\u00a0? Aucun interpr\u00e8te n\u2019\u00e9tait pr\u00e9sent afin d\u2019informer les personnes dans une langue qu\u2019elles comprennent quel \u00e9tait l\u2019objet et le d\u00e9roulement de la proc\u00e9dure dans laquelle elles se retrouvaient prises. \u00a0Quant aux personnes qui n\u2019\u00e9taient pas pr\u00e9sentes sur le campement au matin du d\u00e9mant\u00e8lement parce qu\u2019elles avaient tent\u00e9 la travers\u00e9e pendant la nuit, elles sont revenues dans l\u2019apr\u00e8s-midi tremp\u00e9es, sans aucune information et se sont vues refuser l\u2019acc\u00e8s \u00e0 leurs affaires rest\u00e9es dans leurs tentes. Il faut \u00e9galement noter que l\u2019op\u00e9ration bafouait une \u00e9ni\u00e8me fois l\u2019obligation l\u00e9gale de pr\u00e9venir les personnes au minimum la veille de l\u2019expulsion, la rendant ill\u00e9gale. Associations et journalistes, seul\u00b7es t\u00e9moins ext\u00e9rieurs au d\u00e9mant\u00e8lement, ont \u00e9t\u00e9 par ailleurs escort\u00e9\u00b7es en dehors du p\u00e9rim\u00e8tre de l\u2019op\u00e9ration et maintenu\u00b7es hors de la vue de celui-ci par un dispositif policier qui ne leur a permis de communiquer ni avec les repr\u00e9sentants des autorit\u00e9s, ni avec les personnes\u00a0exil\u00e9es.<\/p>\n<p>La suite, ce sont des groupes de personnes diss\u00e9min\u00e9s partout en France, dans une froideur administrative s\u2019ajoutant tristement \u00e0 la violence de l\u2019op\u00e9ration. Apr\u00e8s quelques heures de route, des personnes quittaient d\u00e9j\u00e0 les bus dont elles ignoraient toujours la destination ou fuyaient, \u00e0 peine arriv\u00e9es, leurs centres d\u2019h\u00e9bergement. Une semaine plus tard, nous constatons qu\u2019une large partie des personnes \u00e9vacu\u00e9es est revenue \u00e0 Grande-Synthe. Plusieurs salari\u00e9s de centres d\u2019h\u00e9bergement nous ont ainsi contact\u00e9s dans ce sens, au m\u00eame moment o\u00f9 nous croisions ces personnes exil\u00e9es de retour. Maltrait\u00e9es pendant l\u2019expulsion, elles continuent de souffrir en raison de conditions de vie qui se d\u00e9gradent chaque jour. Depuis leur d\u00e9part, les points d\u2019eau et d\u2019\u00e9lectricit\u00e9 ont \u00e9t\u00e9 mis hors d\u2019\u00e9tat de marche \u00e0 proximit\u00e9 de leur ancien campement. Les personnes se r\u00e9fugient dans des endroits moins visibles, mais par cons\u00e9quent plus dangereux et \u00e9loign\u00e9s des points d\u2019eau et de distribution et de soin des\u00a0associations.<\/p>\n<p>Mardi 16 novembre, nous avons assist\u00e9 \u00e0 une op\u00e9ration d\u2019une ampleur in\u00e9dite \u00e0 Grande-Synthe\u00a0: 40 camions de CRS, 10 camions de police nationale, plusieurs dizaines de policiers en moto, 9 vans de gendarmerie, 15 voitures de la BAC, 4 voitures de la PAF, les RG, la protection civile, les pompiers, la \u201cbrigade verte\u201d de la mairie, une entreprise de nettoyage priv\u00e9e, des agents d\u2019EDF, l\u2019AFEJI, 4 voitures de l\u2019OFII, Messieurs le Pr\u00e9fet et le Sous-Pr\u00e9fet, et enfin 23 bus, sans oublier les salari\u00e9\u00b7es des structures d\u2019h\u00e9bergement mobilis\u00e9es ailleurs en France. Quel est le co\u00fbt d\u2019une telle op\u00e9ration\u00a0? Et que dire de cette utilisation de l\u2019argent public devant l\u2019\u00e9chec qu\u2019elle repr\u00e9sente\u00a0?<\/p>\n<p>Depuis 1999, la situation au Nord de la France a co\u00fbt\u00e9 la vie \u00e0 plus de 309 personnes. Il y a aussi toutes ces personnes disparues, dont on reste sans nouvelles, et ces milliers de vies bris\u00e9es par des traumatismes psychologiques et physiques caus\u00e9s par un parcours chaotique, violent et mortif\u00e8re. \u00c0 la fronti\u00e8re franco-britannique, personne n\u2019est \u00e9pargn\u00e9 par les conditions de survie au sein des campements, par la violence de la Manche et des r\u00e9seaux de traite des \u00eatres humains qui s\u00e9vissent. Face \u00e0 l\u2019immensit\u00e9 de cette souffrance, les palabres entre gouvernements et leurs querelles au sujet de la \u201cs\u00e9curisation\u201d de la fronti\u00e8re sont obsc\u00e8nes. Surtout quand on sait que l\u2019on pourrait abolir cette maltraitance aujourd\u2019hui syst\u00e9mique en envisageant, par exemple, la mise en place de voies humanitaires vers le Royaume-Uni ou d\u2019un centre d\u2019examen des demandes d\u2019asile au Royaume-Uni toujours sur le littoral\u00a0fran\u00e7ais.<\/p>\n<p>Alors que des repr\u00e9sentants de l\u2019\u00c9tat fran\u00e7ais, notamment son ministre de l\u2019Int\u00e9rieur, repris par certains m\u00e9dias, se f\u00e9licitent d\u2019une \u201cmise \u00e0 l\u2019abri\u201d de grande ampleur, nous d\u00e9non\u00e7ons des d\u00e9placements de population forc\u00e9s et une tentative d\u2019invisibiliser et d\u2019\u00e9puiser ces personnes en les dispersant. Les mises \u00e0 l\u2019abri dans des centres \u00e9loign\u00e9s de la fronti\u00e8re ne contribuent qu\u2019\u00e0 all\u00e9ger temporairement la pression migratoire sur le littoral. En outre, nous rappelons que du fait du r\u00e8glement Dublin, de nombreuses personnes ne sont pas autoris\u00e9es \u00e0 demander l\u2019asile en France,\u00a0 le Royaume-Uni repr\u00e9sentant alors pour elles la derni\u00e8re option de vivre en Europe. La situation de ces personnes \u00e0 la fronti\u00e8re constitue donc une fuite bien plus qu\u2019un\u00a0choix<\/p>\n<p>\u00c0 Calais, trois personnes ont r\u00e9cemment cess\u00e9 de s\u2019alimenter durant 37 jours, pour d\u00e9noncer ces violences, pour d\u00e9noncer cette politique abjecte \u00e0 la fronti\u00e8re. Vos r\u00e9ponses insuffisantes ont \u00e9t\u00e9 rapidement abandonn\u00e9es. Aujourd\u2019hui, pour cela et tout le reste, nous vous\u00a0accusons.<\/p>\n<ul>\n<li>Nous accusons l\u2019\u00c9tat fran\u00e7ais de ne pas lutter contre la pr\u00e9carit\u00e9, mais d\u2019agir pour l\u2019aggraver, accroissant la vuln\u00e9rabilit\u00e9 et la d\u00e9pendance des personnes exil\u00e9es \u00e0 des r\u00e9seaux de traite des \u00eatres\u00a0humains.<\/li>\n<li>Nous accusons Monsieur le Pr\u00e9fet du Nord de mettre en danger des enfants, des femmes et des hommes en d\u00e9truisant leurs biens et leurs abris pr\u00e9caires, avec violence et\u00a0r\u00e9gularit\u00e9.<\/li>\n<li>Nous accusons les autorit\u00e9s publiques de bloquer la cr\u00e9ation de places d\u2019h\u00e9bergement d\u2019urgence sur le\u00a0littoral.<\/li>\n<li>Nous accusons l\u2019\u00c9tat fran\u00e7ais d\u2019entraver le travail des associations et b\u00e9n\u00e9voles pr\u00e9sents au quotidien sur le\u00a0terrain.<\/li>\n<li>Nous accusons l\u2019\u00c9tat de produire les m\u00eames situations de d\u00e9tresse que celles que l\u2019on observe aujourd\u2019hui \u00e0 toutes les fronti\u00e8res de l\u2019Union\u00a0Europ\u00e9enne.<\/li>\n<li>Nous accusons les pouvoirs en place d\u2019utiliser l\u2019argent public pour des op\u00e9rations ill\u00e9gales de dispersement et d\u2019invisibilisation des personnes exil\u00e9es, plut\u00f4t que de r\u00e9pondre \u00e0 leurs besoins\u00a0urgents.<\/li>\n<li>Enfin, nous accusons le Maire de Grands-Synthe de soutenir ces op\u00e9rations de chasse et de mise en danger de ces\u00a0personnes.<\/li>\n<\/ul>\n<p>Au nom des valeurs \u00e0 l\u2019origine de la cr\u00e9ation de la R\u00e9publique Fran\u00e7aise, ces valeurs que vous \u00eates cens\u00e9s d\u00e9fendre, nous vous demandons de mettre fin \u00e0 ces actes\u00a0abominables.<\/p>\n<p>&nbsp;<\/p>\n<p><strong>Utopia 56<\/strong><\/p>\n","protected":false},"excerpt":{"rendered":"<p>Lettre \u00e0 l\u2019attention de Monsieur le Maire de Grande-Synthe, des  [&#8230;]<\/p>\n","protected":false},"author":1,"featured_media":3005,"comment_status":"closed","ping_status":"open","sticky":false,"template":"","format":"standard","meta":{"footnotes":""},"categories":[19,18,14,21],"tags":[],"class_list":["post-3004","post","type-post","status-publish","format-standard","has-post-thumbnail","hentry","category-acces-aux-droits-fondamentaux","category-article","category-grande-synthe","category-harcelement-et-violences-policieres"],"_links":{"self":[{"href":"http:\/\/test.utopia56.org\/index.php\/wp-json\/wp\/v2\/posts\/3004","targetHints":{"allow":["GET"]}}],"collection":[{"href":"http:\/\/test.utopia56.org\/index.php\/wp-json\/wp\/v2\/posts"}],"about":[{"href":"http:\/\/test.utopia56.org\/index.php\/wp-json\/wp\/v2\/types\/post"}],"author":[{"embeddable":true,"href":"http:\/\/test.utopia56.org\/index.php\/wp-json\/wp\/v2\/users\/1"}],"replies":[{"embeddable":true,"href":"http:\/\/test.utopia56.org\/index.php\/wp-json\/wp\/v2\/comments?post=3004"}],"version-history":[{"count":0,"href":"http:\/\/test.utopia56.org\/index.php\/wp-json\/wp\/v2\/posts\/3004\/revisions"}],"wp:featuredmedia":[{"embeddable":true,"href":"http:\/\/test.utopia56.org\/index.php\/wp-json\/"}],"wp:attachment":[{"href":"http:\/\/test.utopia56.org\/index.php\/wp-json\/wp\/v2\/media?parent=3004"}],"wp:term":[{"taxonomy":"category","embeddable":true,"href":"http:\/\/test.utopia56.org\/index.php\/wp-json\/wp\/v2\/categories?post=3004"},{"taxonomy":"post_tag","embeddable":true,"href":"http:\/\/test.utopia56.org\/index.php\/wp-json\/wp\/v2\/tags?post=3004"}],"curies":[{"name":"wp","href":"https:\/\/api.w.org\/{rel}","templated":true}]}}