{"id":3001,"date":"2021-11-25T11:53:15","date_gmt":"2021-11-25T10:53:15","guid":{"rendered":"https:\/\/utopia56.net\/?p=3001"},"modified":"2021-11-25T11:53:15","modified_gmt":"2021-11-25T10:53:15","slug":"a-la-frontiere-franco-britannique-nous-ne-voulons-plus-compter-les-mort-e-s","status":"publish","type":"post","link":"http:\/\/test.utopia56.org\/index.php\/2021\/11\/25\/a-la-frontiere-franco-britannique-nous-ne-voulons-plus-compter-les-mort-e-s\/","title":{"rendered":"\u00c0 LA FRONTI\u00c8RE FRANCO-BRITANNIQUE, NOUS NE VOULONS PLUS COMPTER LES MORT-E-S."},"content":{"rendered":"<p>Le naufrage de ce mercredi dans la Manche est une trag\u00e9die. Le bilan avanc\u00e9 par les autorit\u00e9s est horrifiant\u00a0: au moins 27 personnes sont mortes. Une personne est port\u00e9e disparue. Nos pens\u00e9es vont aux victimes et \u00e0 leurs\u00a0proches.<\/p>\n<p>Cela fait plus de 340 personnes d\u00e9c\u00e9d\u00e9es \u00e0 la fronti\u00e8re franco-britannique depuis 1999, dont 40 en 2021. Mortes cach\u00e9es dans la remorque d\u2019un camion. Mortes \u00e9lectrocut\u00e9es par un cat\u00e9naire du site d\u2019Eurotunnel. Mortes noy\u00e9es dans la Manche. Mortes renvers\u00e9es sur l\u2019autoroute. Mortes des conditions de vie trop dures. Mortes d\u2019insuffisance de prise en charge m\u00e9dicale. Mortes des suites d\u2019une intervention des forces de l\u2019ordre. Tu\u00e9es par la\u00a0fronti\u00e8re.<\/p>\n<p>Ces d\u00e9c\u00e8s sont les r\u00e9sultats de politiques migratoires mortif\u00e8res. Ce sont les cons\u00e9quences directes de la militarisation accrue de la fronti\u00e8re et de la lutte acharn\u00e9e contre la pr\u00e9sence des personnes exil\u00e9es sur le littoral fran\u00e7ais \u00e0 coups d\u2019expulsions de lieux de vie et de confiscations d\u2019effets personnels. Cette fronti\u00e8re\u00a0tue.<\/p>\n<p>Depuis des ann\u00e9es, le Groupe D\u00e9c\u00e8s* accompagne et soutient, autant que faire se peut, les proches des personnes d\u00e9c\u00e9d\u00e9es et les communaut\u00e9s de personnes exil\u00e9es. Il cherche \u00e9galement \u00e0 faire le lien avec les autorit\u00e9s administratives face \u00e0 leur absence de mobilisation. Pourtant, la pr\u00e9paration de l\u2019inhumation ou du rapatriement, le soutien psychologique ou mat\u00e9riel des rescap\u00e9-e-s, des t\u00e9moins, et de celles et ceux qui ont vu leur fr\u00e8re, leurs parents, leurs proches mourir sous leurs yeux est primordial. De cela, l\u2019Etat ne s\u2019est jamais pr\u00e9occup\u00e9. M\u00eame apr\u00e8s la mort, la dignit\u00e9 des personnes exil\u00e9es est\u00a0pi\u00e9tin\u00e9e.<\/p>\n<p>Aujourd\u2019hui, il est urgent que l\u2019Etat fasse enfin ce qu\u2019il ne fait jamais lors des disparitions et des d\u00e9c\u00e8s malgr\u00e9 nos multiples alertes. Soutenir mat\u00e9riellement, accompagner moralement, finalement consid\u00e9rer les personnes d\u00e9c\u00e9d\u00e9es et leurs proches. Nous attendons que les repr\u00e9sentants de l\u2019Etat prennent leurs responsabilit\u00e9s. Pas uniquement pour cette trag\u00e9die mais aussi pour toutes celles qui, in\u00e9luctablement, vont suivre, si l\u2019Etat continue \u00e0 s\u2019ent\u00eater dans ses politiques\u00a0assassines.<\/p>\n<p>Une comm\u00e9moration aura lieu, comme \u00e0 chaque fois que cette fronti\u00e8re fait une nouvelle victime, ce jeudi 25 novembre \u00e0 18h30 au parc Richelieu, \u00e0\u00a0Calais.<\/p>\n<p>Une veill\u00e9e sera \u00e9galement organis\u00e9e \u00e0 20h \u00e0 Paris, place de la\u00a0R\u00e9publique.<\/p>\n<p>Le groupe\u00a0d\u00e9c\u00e8s<\/p>\n<p>*Le groupe d\u00e9c\u00e8s est compos\u00e9 de membres individuels, de membres de M\u00e9decins du Monde (MdM), d\u2019Utopia 56, du Secours Catholique et de Solidarity\u00a0Border.<\/p>\n","protected":false},"excerpt":{"rendered":"<p>Le naufrage de ce mercredi dans la Manche est une  [&#8230;]<\/p>\n","protected":false},"author":1,"featured_media":3002,"comment_status":"closed","ping_status":"open","sticky":false,"template":"","format":"standard","meta":{"footnotes":""},"categories":[19,18,12],"tags":[],"class_list":["post-3001","post","type-post","status-publish","format-standard","has-post-thumbnail","hentry","category-acces-aux-droits-fondamentaux","category-article","category-calais"],"_links":{"self":[{"href":"http:\/\/test.utopia56.org\/index.php\/wp-json\/wp\/v2\/posts\/3001","targetHints":{"allow":["GET"]}}],"collection":[{"href":"http:\/\/test.utopia56.org\/index.php\/wp-json\/wp\/v2\/posts"}],"about":[{"href":"http:\/\/test.utopia56.org\/index.php\/wp-json\/wp\/v2\/types\/post"}],"author":[{"embeddable":true,"href":"http:\/\/test.utopia56.org\/index.php\/wp-json\/wp\/v2\/users\/1"}],"replies":[{"embeddable":true,"href":"http:\/\/test.utopia56.org\/index.php\/wp-json\/wp\/v2\/comments?post=3001"}],"version-history":[{"count":0,"href":"http:\/\/test.utopia56.org\/index.php\/wp-json\/wp\/v2\/posts\/3001\/revisions"}],"wp:featuredmedia":[{"embeddable":true,"href":"http:\/\/test.utopia56.org\/index.php\/wp-json\/"}],"wp:attachment":[{"href":"http:\/\/test.utopia56.org\/index.php\/wp-json\/wp\/v2\/media?parent=3001"}],"wp:term":[{"taxonomy":"category","embeddable":true,"href":"http:\/\/test.utopia56.org\/index.php\/wp-json\/wp\/v2\/categories?post=3001"},{"taxonomy":"post_tag","embeddable":true,"href":"http:\/\/test.utopia56.org\/index.php\/wp-json\/wp\/v2\/tags?post=3001"}],"curies":[{"name":"wp","href":"https:\/\/api.w.org\/{rel}","templated":true}]}}