{"id":2995,"date":"2021-01-07T11:50:47","date_gmt":"2021-01-07T10:50:47","guid":{"rendered":"https:\/\/utopia56.net\/?p=2995"},"modified":"2021-01-07T11:50:47","modified_gmt":"2021-01-07T10:50:47","slug":"34-associations-et-collectifs-citoyens-saisissent-la-defenseure-des-droits-au-sujet-de-la-situation-des-personnes-exilees-a-paris-et-en-ile-de-france","status":"publish","type":"post","link":"http:\/\/test.utopia56.org\/index.php\/2021\/01\/07\/34-associations-et-collectifs-citoyens-saisissent-la-defenseure-des-droits-au-sujet-de-la-situation-des-personnes-exilees-a-paris-et-en-ile-de-france\/","title":{"rendered":"34 ASSOCIATIONS ET COLLECTIFS CITOYENS SAISISSENT LA D\u00c9FENSEURE DES DROITS AU SUJET DE LA SITUATION DES PERSONNES EXIL\u00c9ES \u00c0 PARIS ET EN ILE-DE-FRANCE"},"content":{"rendered":"<p><em>Les associations et collectifs citoyens observent que la situation de sans-abrisme des personnes exil\u00e9es ne cesse de se d\u00e9grader, avec des campements qui se succ\u00e8dent dans des conditions sanitaires et humanitaires toujours plus inqui\u00e9tantes. Ces campements se multiplient dans toute l\u2019Ile-de-France, et regroupent principalement des personnes primo-arrivantes, relevant de l\u2019asile ou encore b\u00e9n\u00e9ficiaires d\u2019une protection internationale. Le 30 novembre, 34\u00a0associations et collectifs ont adress\u00e9 \u00e0 Madame la D\u00e9fenseure des Droits Claire H\u00e9don une saisine \u00e0 ce\u00a0sujet.<\/em><\/p>\n<p>En cinq ans, uniquement \u00e0 Paris, Aubervilliers et Saint-Denis,\u00a0<strong>plus de 60.000 personnes ont \u00e9t\u00e9 prises en charge au cours de 283 op\u00e9rations de mise \u00e0 l\u2019abri<\/strong>\u00a0&#8211; dont 65 \u00e9vacuations compl\u00e8tes de campement. Certaines de ces personnes ont \u00e9t\u00e9 mises \u00e0 l\u2019abri \u00e0 plusieurs reprises, apr\u00e8s avoir \u00e9t\u00e9 remises \u00e0 la rue, signe d\u2019une absence de continuit\u00e9 de l\u2019h\u00e9bergement. A plusieurs \u00e9gards, la situation francilienne fait \u00e9cho aux violations des droits fondamentaux que vivent les personnes exil\u00e9es sur le littoral franco-britannique et \u00e0 la fronti\u00e8re franco-italienne, qui ont \u00e9t\u00e9 document\u00e9es par le pr\u00e9c\u00e9dent D\u00e9fenseur des\u00a0Droits.<\/p>\n<p>Ainsi, les associations et collectifs citoyens dressent un constat de sous-dimensionnement de l\u2019ensemble des dispositifs d\u00e9di\u00e9s \u00e0 la prise en charge et l\u2019accompagnement des personnes pr\u00e9sentes sur ces campements, ainsi que le dysfonctionnement grave de certains dispositifs. Ces constats mentionn\u00e9s dans la saisine conduisent \u00e0 une situation d\u2019atteinte aux droits des personnes, en particulier en ce qui concerne l\u2019acc\u00e8s \u00e0 la demande d\u2019asile, la r\u00e9ponse aux besoins fondamentaux ou encore le droit \u00e0 un h\u00e9bergement\u00a0d\u2019urgence.<\/p>\n<p>Aujourd\u2019hui, des centaines de personnes exil\u00e9es sont encore en situation de rue, apr\u00e8s avoir perdu pour certaines leur mat\u00e9riel de premi\u00e8re n\u00e9cessit\u00e9 lors des \u00e9vacuations des campements de la place de l\u2019\u00c9cluse \u00e0 Saint-Denis le 17 novembre 2020 et de la place de la R\u00e9publique \u00e0 Paris le 23 novembre 2020. D\u2019autres sont arriv\u00e9es \u00e0 Paris depuis et sont dans une errance permanente. Elles se retrouvent toutes confront\u00e9es, comme apr\u00e8s chaque \u00e9vacuation, \u00e0 une pression polici\u00e8re li\u00e9e \u00e0 la volont\u00e9 d\u2019emp\u00eacher la reconstitution de campements. Cette situation t\u00e9moigne des limites atteintes par le syst\u00e8me d\u2019accueil\u00a0actuel.<\/p>\n<p>C\u2019est dans ce cadre que nous avons saisi la D\u00e9fenseure des Droits, et que\u00a0<strong>nous \u00e9mettons le souhait qu\u2019un cadre de discussion, r\u00e9unissant les services de l\u2019Etat concern\u00e9s, les collectivit\u00e9s, les associations gestionnaires de dispositifs et les associations de terrain, ainsi que les collectifs citoyens et des repr\u00e9sentants des personnes exil\u00e9es, puisse s\u2019ouvrir pour penser un vrai syst\u00e8me de premier accueil<\/strong>\u00a0et de prise en charge des personnes exil\u00e9es et \u00e9viter la reconstitution des campements \u00e0 Paris et dans toute\u00a0l\u2019Ile-de-France.<\/p>\n<p>&nbsp;<\/p>\n<p>Liste des 34 organisations signataires\u00a0:<\/p>\n<p>Action Contre la Faim\u00a0; ADSF &#8211; Agir pour la Sant\u00e9 des Femmes\u00a0; Antanak\u00a0; Asile\u00a0; ADDE &#8211; Avocats pour la d\u00e9fense des droits des \u00e9trangers\u00a0; La Casa\u00a0; La Chorba\u00a0; La CIMADE IDF\u00a0; Collectif Audonien Solidarit\u00e9 Migrants\u00a0; Collectif l\u2019Assiette Migrante\u00a0; Collectif P\u2019tits Dej\u2019s Solidaires\u00a0; Collectif Solidarit\u00e9 Migrants Wilson\u00a0; Le COMEDE\u00a0; Droits d\u2019Urgence\u00a0; Emma\u00fcs France\u00a0; Etats G\u00e9n\u00e9raux des Migrations Paris\u00a0; Famille France-Humanit\u00e9\u00a0; F\u00e9d\u00e9ration des Acteurs de la Solidarit\u00e9 IDF\u00a0; Fondation Abb\u00e9 Pierre\u00a0; Fondation Arm\u00e9e du Salut\u00a0; La Gamelle de Jaur\u00e8s\u00a0; Kolone\u00a0; Ligue des Droits de l\u2019Homme\u00a0; MARDi\u00a0; M\u00e9decins Du Monde\u00a0; M\u00e9decins Sans Fronti\u00e8res\u00a0; Mouvement contre le racisme et pour l\u2019amiti\u00e9 entre les peuples (MRAP)\u00a0; Paris d\u2019Exil\u00a0; R\u00e9seau Chr\u00e9tien &#8211; Immigr\u00e9s (RCI)\u00a0; Secours Catholique\u00a0; Solidarit\u00e9s International\u00a0; Thot\u00a0; Utopia 56\u00a0;\u00a0Watizat.<\/p>\n","protected":false},"excerpt":{"rendered":"<p>Les associations et collectifs citoyens observent que la situation de  [&#8230;]<\/p>\n","protected":false},"author":1,"featured_media":2996,"comment_status":"closed","ping_status":"open","sticky":false,"template":"","format":"standard","meta":{"footnotes":""},"categories":[19,18,7],"tags":[],"class_list":["post-2995","post","type-post","status-publish","format-standard","has-post-thumbnail","hentry","category-acces-aux-droits-fondamentaux","category-article","category-paris"],"_links":{"self":[{"href":"http:\/\/test.utopia56.org\/index.php\/wp-json\/wp\/v2\/posts\/2995","targetHints":{"allow":["GET"]}}],"collection":[{"href":"http:\/\/test.utopia56.org\/index.php\/wp-json\/wp\/v2\/posts"}],"about":[{"href":"http:\/\/test.utopia56.org\/index.php\/wp-json\/wp\/v2\/types\/post"}],"author":[{"embeddable":true,"href":"http:\/\/test.utopia56.org\/index.php\/wp-json\/wp\/v2\/users\/1"}],"replies":[{"embeddable":true,"href":"http:\/\/test.utopia56.org\/index.php\/wp-json\/wp\/v2\/comments?post=2995"}],"version-history":[{"count":0,"href":"http:\/\/test.utopia56.org\/index.php\/wp-json\/wp\/v2\/posts\/2995\/revisions"}],"wp:featuredmedia":[{"embeddable":true,"href":"http:\/\/test.utopia56.org\/index.php\/wp-json\/"}],"wp:attachment":[{"href":"http:\/\/test.utopia56.org\/index.php\/wp-json\/wp\/v2\/media?parent=2995"}],"wp:term":[{"taxonomy":"category","embeddable":true,"href":"http:\/\/test.utopia56.org\/index.php\/wp-json\/wp\/v2\/categories?post=2995"},{"taxonomy":"post_tag","embeddable":true,"href":"http:\/\/test.utopia56.org\/index.php\/wp-json\/wp\/v2\/tags?post=2995"}],"curies":[{"name":"wp","href":"https:\/\/api.w.org\/{rel}","templated":true}]}}