{"id":2979,"date":"2021-02-19T11:44:44","date_gmt":"2021-02-19T10:44:44","guid":{"rendered":"https:\/\/utopia56.net\/?p=2979"},"modified":"2021-02-19T11:44:44","modified_gmt":"2021-02-19T10:44:44","slug":"fin-du-plan-grand-froid-et-pandemie-sur-le-littoral","status":"publish","type":"post","link":"http:\/\/test.utopia56.org\/index.php\/2021\/02\/19\/fin-du-plan-grand-froid-et-pandemie-sur-le-littoral\/","title":{"rendered":"FIN DU PLAN GRAND FROID ET PANDE\u0301MIE SUR LE LITTORAL"},"content":{"rendered":"<p>Alors que les cas de diffusion du variant anglais de la COVID-19 explosent sur le littoral Nord,\u00a0<strong>la pr\u00e9fecture du Pas-de-Calais ferme son dispositif \u201cGrand Froid\u201d et des centaines de personnes retournent \u00e0 la\u00a0rue.\u00a0<\/strong><\/p>\n<p>Suite \u00e0 une alerte par courrier des associations sur la mise en place d\u2019un dispositif d\u2019urgence insuffisant, la pr\u00e9fecture r\u00e9pond le 15 f\u00e9vrier que sur les 16 nuit\u00e9es d\u2019ouverture\u00a0<strong>depuis le 1er janvier 2021, 2279 hommes seuls majeurs se sont rendus dans ces h\u00e9bergements.<\/strong>\u00a0Ce chiffre comptabilise le nombre de nuit\u00e9es et non le nombre\u00a0d\u2019individus.<\/p>\n<p>Environ 800 personnes sont \u00e0 la rue \u00e0 Calais. 365 jours \/ an =\u00a0\u00a0<strong>292 000 nuit\u00e9es n\u00e9cessaires.<\/strong><br \/>\n2279 \/ 292000 = 0.78% des besoins\u00a0r\u00e9els.<\/p>\n<p><strong>\u00abLa mise \u00e0 l\u2019abri d\u2019urgence des personnes exil\u00e9es doit \u00eatre trait\u00e9e comme un imp\u00e9ratif humanitaire.\u201d<\/strong>\u00a0<a class=\"ext\" href=\"https:\/\/www.cncdh.fr\/fr\/publications\/calais-et-grande-synthe-les-atteintes-la-dignite-et-aux-droits-fondamentaux-des?fbclid=IwAR3TADOmVHCpza_3DHBb8VgEKC00mU_kP4gBoNM4fXTN92WotHHTOfL___M\" target=\"_blank\" rel=\"noopener\">CNCDH (Commission Nationale Consultative des droits de l\u2019Homme) dans son avis rendu le 11\u00a0f\u00e9vrier.<\/a><strong>cient d\u2019un h\u00e9bergement d\u2019urgence sont remises \u00e0 la rue.<\/strong>\u00a0Elles se sont vues proposer une orientation dans les Centres d\u2019Accueil et d\u2019Examen de Situation (CAES) de la r\u00e9gion. Des dispositifs inadapt\u00e9s dont certains \u00e0 plus de 100 km de Calais\u00a0<strong>et identifi\u00e9s comme des foyers de contamination<\/strong>. La\u00a0 grande majorit\u00e9 des personnes retourne aujourd\u2019hui \u00e0 la\u00a0rue.<\/p>\n<p><a class=\"ext\" href=\"https:\/\/www.msf.fr\/communiques-presse\/covid-19-une-enquete-epidemiologique-revele-une-sur-contamination-dans-des-lieux-de-regroupement-de-personnes-en-grande\" target=\"_blank\" rel=\"noopener\">Selon l\u2019enqu\u00eate \u00e9pid\u00e9miologique du covid-19 par MSF <\/a>\u201c\u00a0<strong>les lieux collectifs comme des gymnases sont donc \u00e0 \u00e9viter au maximum au profit des placements en h\u00f4tel\u00a0<\/strong>et des h\u00e9bergements avec des espaces de vie individuels qui permettent l\u2019application effective des mesures de pr\u00e9vention\u201d. Sur le littoral, les h\u00f4tels sont\u00a0vides.<\/p>\n<p>\u00c0 Grande-Synthe les expulsions persistent quotidiennement et\u00a0<strong>des centaines de personnes vivent toujours dans la for\u00eat.<\/strong>\u00a0Sans aucune installation de douches ni de toilettes et une seule arriv\u00e9e d\u2019eau, les conditions sanitaires favorisent in\u00e9vitablement la diffusion du virus<strong>\u00a0alors que les d\u00e9partements du nord sont d\u00e9j\u00e0 en\u00a0alerte.<\/strong><\/p>\n<p><strong>Nous demandons\u00a0:\u00a0<\/strong><\/p>\n<ul>\n<li>L\u2019ouverture de lieux de mise \u00e0 l\u2019abri de proximit\u00e9 pour les adultes et les\u00a0mineur.e.s.<\/li>\n<li>La mise en place de mesures sanitaires sp\u00e9cifiques\u00a0: h\u00e9bergements individuels,\u00a0 tests et vaccination sur la base du\u00a0volontariat.<\/li>\n<\/ul>\n","protected":false},"excerpt":{"rendered":"<p>Alors que les cas de diffusion du variant anglais de  [&#8230;]<\/p>\n","protected":false},"author":1,"featured_media":2980,"comment_status":"closed","ping_status":"open","sticky":false,"template":"","format":"standard","meta":{"footnotes":""},"categories":[19,18,14],"tags":[],"class_list":["post-2979","post","type-post","status-publish","format-standard","has-post-thumbnail","hentry","category-acces-aux-droits-fondamentaux","category-article","category-grande-synthe"],"_links":{"self":[{"href":"http:\/\/test.utopia56.org\/index.php\/wp-json\/wp\/v2\/posts\/2979","targetHints":{"allow":["GET"]}}],"collection":[{"href":"http:\/\/test.utopia56.org\/index.php\/wp-json\/wp\/v2\/posts"}],"about":[{"href":"http:\/\/test.utopia56.org\/index.php\/wp-json\/wp\/v2\/types\/post"}],"author":[{"embeddable":true,"href":"http:\/\/test.utopia56.org\/index.php\/wp-json\/wp\/v2\/users\/1"}],"replies":[{"embeddable":true,"href":"http:\/\/test.utopia56.org\/index.php\/wp-json\/wp\/v2\/comments?post=2979"}],"version-history":[{"count":0,"href":"http:\/\/test.utopia56.org\/index.php\/wp-json\/wp\/v2\/posts\/2979\/revisions"}],"wp:featuredmedia":[{"embeddable":true,"href":"http:\/\/test.utopia56.org\/index.php\/wp-json\/"}],"wp:attachment":[{"href":"http:\/\/test.utopia56.org\/index.php\/wp-json\/wp\/v2\/media?parent=2979"}],"wp:term":[{"taxonomy":"category","embeddable":true,"href":"http:\/\/test.utopia56.org\/index.php\/wp-json\/wp\/v2\/categories?post=2979"},{"taxonomy":"post_tag","embeddable":true,"href":"http:\/\/test.utopia56.org\/index.php\/wp-json\/wp\/v2\/tags?post=2979"}],"curies":[{"name":"wp","href":"https:\/\/api.w.org\/{rel}","templated":true}]}}