{"id":2975,"date":"2021-02-23T11:42:26","date_gmt":"2021-02-23T10:42:26","guid":{"rendered":"https:\/\/utopia56.net\/?p=2975"},"modified":"2021-02-23T11:42:26","modified_gmt":"2021-02-23T10:42:26","slug":"lactualite-des-antennes-fevrier-2021","status":"publish","type":"post","link":"http:\/\/test.utopia56.org\/index.php\/2021\/02\/23\/lactualite-des-antennes-fevrier-2021\/","title":{"rendered":"L\u2019ACTUALIT\u00c9 DES ANTENNES &#8211; F\u00c9VRIER 2021"},"content":{"rendered":"<h1>L&#8217;ACTUALIT\u00c9 DES ANTENNES &#8211; F\u00c9VRIER 2021<\/h1>\n<div class=\"field-body\">\n<p><strong>PARIS<\/strong><\/p>\n<p>\u00c0 Paris, de nombreuses personnes survivent encore \u00e0 la rue actuellement. C\u2019est dans cet objectif de visibilisation de leur situation que nous avons occup\u00e9, avec nos partenaires du Collectif R\u00e9quisition,\u00a0<a class=\"ext\" href=\"http:\/\/r.infos.utopia56.fr\/mk\/cl\/f\/SsCvhFJfcYYoobQ-xaTar7P76yNG_Bkt2joYguarQz_8CLk9YuAKmgjAS0fZsIAF6sO6RftNNYAMYfMWL9V-qRwZuYMYPUVU5jRKG0zuZhEa9b3GycOGoWfQY25c-fnDxwIxXEmYeSc6iG1CzUhDlVfOuAZOJZl3TyPDeAJPx-1-aOWyDvvDXE--Jpe5D5NOxgS25iqQ_4rDmWCgemjiiXREfxIX6u1knLQDMUERnNahxmfuAohjyfxeeH6YGA9cxtsIDb5E\" target=\"_blank\" rel=\"noopener\">une \u00e9cole maternelle vide et laiss\u00e9e \u00e0 l\u2019abandon depuis deux ans<\/a>\u00a0puis une aile de l\u2019h\u00f4pital H\u00f4tel Dieu.\u00a0Nous demandions \u00e0 chaque fois\u00a0la prise en charge des personnes pr\u00e9sentes et l\u2019application de la loi de r\u00e9quisition par l\u2019\u00c9tat, qui permettrait d\u2019h\u00e9berger l\u2019ensemble des personnes encore \u00e0 la rue cet hiver. Ces actions ont permis jusqu\u2019\u00e0 pr\u00e9sent la mise \u00e0 l\u2019abri de plus de 270 personnes.<\/p>\n<p>Parall\u00e8lement, depuis le 10 f\u00e9vrier, nous avons d\u00e9plac\u00e9 nos activit\u00e9s du soir. La mise \u00e0 l\u2019abri des familles et des mineurs se d\u00e9roule d\u00e9sormais depuis le parvis de l\u2019H\u00f4tel de ville de Paris. Nous ne souhaitons plus poursuivre notre travail dans l\u2019ombre du nord de Paris alors m\u00eame qu\u2019il revient \u00e0 l\u2019\u00c9tat et \u00e0 la mairie de Paris de prendre ses responsabilit\u00e9s quant \u00e0 la prise en charge de ces publics vuln\u00e9rables.<\/p>\n<p>Pour suivre au quotidien nos actions, rejoignez-nous sur notre page Facebook et notre compte\u00a0Instagram.<\/p>\n<p>LA MAISON DES FILLES<\/p>\n<p>Cet hiver, nous avons annonc\u00e9 l\u2019ouverture d\u2019une maison pour l\u2019h\u00e9bergement et le suivi des mineures isol\u00e9es. La maison semble avoir \u00e9t\u00e9 trouv\u00e9e \u00e0 Bobigny mais nous restons toujours \u00e0 l\u2019\u00e9coute.\u00a0Si vous avez connaissance d\u2019un bien \u00e0 pr\u00eater ou \u00e0 louer avec 5 chambres, dites le nous\u00a0!\u00a0La maison devrait ouvrir d\u00e9but mars avec trois nouvelles salari\u00e9es de l\u2019association. En parall\u00e8le, nous ouvrons une seconde maison \u00e0 Sevran pour les gar\u00e7ons mineurs isol\u00e9s (la premi\u00e8re de Sevran a ouvert en\u00a0octobre).<\/p>\n<p>Kerill, coordinateur Utopia 56\u00a0Paris<\/p>\n<p>&nbsp;<\/p>\n<p><strong>TOURS<\/strong><\/p>\n<p><a class=\"ext\" href=\"http:\/\/r.infos.utopia56.fr\/mk\/cl\/f\/1-U4x2y_ZlB2G5pwVOriCNriP17NQXjGtWXTfeAagzXuzemmlvL9BiH5_nnJkah8hCZJ1JNHoiCwZZASLIbvDX6HJL6SXJTsn2-kTnqkMavX25V9d9B5v2gULzScp23foN0P9PCDOofB6kfv3zIcOzrclFE1QPSlD2pKYWNK3B8H4zwpfMGuoLS_qUyUx2f-uJTXW1S8lv1Qprps-nADmpReheXJX_iuL5PaxWoHQ7Zstg\" target=\"_blank\" rel=\"noopener\">La Maison de Tours a ouvert en novembre dernier <\/a>et tout se passe bien pour les jeunes qui y sont accueillis. Une \u00e9quipe de b\u00e9n\u00e9voles, salari\u00e9s, stagiaires et volontaires en service civique est mobilis\u00e9e pour assurer toutes les activit\u00e9s de la maison (permanences \u00e0 la Maison, repas, activit\u00e9s, aide aux devoirs, accompagnements aux RDV, etc.).<\/p>\n<p>Chaque soir, des citoyens continuent d\u2019offrir et de pr\u00e9parer des repas. Les jeunes commencent \u00e0 \u00eatre scolaris\u00e9s et pour ceux en attente de scolarisation, l\u2019\u00e9cole alternative d\u2019Utopia 56 leur permet de se remettre \u00e0 niveau et de commencer \u00e0 s\u2019int\u00e9grer.<br \/>\nLa collecte Monoprix de janvier a mobilis\u00e9 b\u00e9n\u00e9voles, jeunes et citoyens et nous a permis de r\u00e9colter de nombreux produits d\u2019hygi\u00e8ne et denr\u00e9es alimentaires. Une r\u00e9ussite\u00a0!<br \/>\nParall\u00e8lement, ces deux derniers mois, 12 jeunes ont \u00e9t\u00e9 refus\u00e9s par le D\u00e9partement d\u2019Indre-et-Loire. L\u2019\u00e9quipe est l\u00e0 pour les accompagner et ne l\u00e2che rien\u00a0!<\/p>\n<p>Sol\u00e8ne, coordinatrice Utopia 56\u00a0Tours<\/p>\n<p>&nbsp;<\/p>\n<p><strong>GRANDE-SYNTHE<\/strong><\/p>\n<p>A Grande-Synthe, le rythme des expulsions augmente et les confiscations de tentes et d\u2019affaires personnelles continuent. Les personnes \u00e0 la rue ont un besoin constant de tentes, de b\u00e2ches et de sacs de couchage.<\/p>\n<p>Suite aux temp\u00e9ratures n\u00e9gatives (en savoir plus) et avec la coordination inter-associative, une maraude de pr\u00e9vention des hypothermies s\u2019est mise en place de 6h \u00e0 9h\u00a0tous les matins pendant 1 semaine avec des couvertures de survie et des boissons chaudes.<\/p>\n<p>D\u2019autre part, aux c\u00f4t\u00e9s de deux journalistes pr\u00e9sents avec nous fin d\u00e9cembre nous avons \u00e9t\u00e9 d\u00e9bout\u00e9s devant le Conseil d\u2019\u00c9tat. La plainte concernait le fait de ne pas pouvoir acc\u00e9der aux \u00e9vacuations afin de documenter l\u2019action de la pr\u00e9fecture. Louis Witter et\u00a0Simon Hamy\u00a0viennent de saisir la D\u00e9fenseure Des Droits afin de lancer une enqu\u00eate.<\/p>\n<p>Enfin, la Commission Nationale Consultative des droits de l\u2019homme (CNCDH) vient de livrer un rapport alarmant sur les conditions de vie des personnes \u00e0 la rue \u00e0 la fronti\u00e8re franco-britannique.\u00a0<a class=\"ext\" href=\"http:\/\/r.infos.utopia56.fr\/mk\/cl\/f\/CFxR7crLQ3uynpVNT7XTqVp-NerMgXQ2u6Awk2yZmYxKK_F8LThjJ1R3q9IDQMzkUanxIFrgc9iy6ZuaMhJdGwCMTQLNSU9-MifXjIcfvo9KIsnAzWCCLblq1CucRIZXxY3EqncTuOXBmt-W8wdjUbc43omdNNatf6DPiRALD8MwsqacO4ibL7ygkEmdPVwlLRRm2y4LcSSIFh60Lb2HpPdrpwvziHSNA9u6lIoqkUy3bRGmPrBpI2b9fAiuhMXgLI_SDnmt6ABqXQg7spwCT6maA0Ky2oZV2Qn-aRJu5Fzp4c0Bwj4nT_0zz5ylBt9-r9nK8vZL4IaxI0Uujy-nWc09x6wrBvu4B1TATJj-GxayaUO2uMy4zS_Zccq9GqLtwT9nt_At\" target=\"_blank\" rel=\"noopener\">\u00c0 retrouver ici<\/a><\/p>\n<p>Laure, coordinatrice Utopia 56\u00a0Grande-Synthe<\/p>\n<p>&nbsp;<\/p>\n<p><strong>TOULOUSE<\/strong><\/p>\n<p>L\u2019\u00e9quipe a bien grossi suite au confinement, ce qui nous a permis de mettre en place une nouvelle mission\u00a0: les maraudes sociales.<\/p>\n<p>Depuis d\u00e9but janvier les \u00e9quipes interviennent sur deux campements, Gabardie et Atlanta pour venir en aide aux personnes y \u00e9tant install\u00e9es (aide administrative, accompagnements, distributions de v\u00eatements et nourritures).<br \/>\nEn parall\u00e8le, les maraudes de nuit continuent deux soirs par semaines. Nous retrouvons moins de personnes \u00e0 la rue ces derniers temps, c\u2019est rassurant.<\/p>\n<p>Bonne nouvelle c\u00f4t\u00e9 h\u00e9bergeur.ses, nous recevons beaucoup de demandes et plusieurs nouveaux r\u00e9seaux sont en construction\u00a0!<\/p>\n<p>Anna, coordinatrice Utopia 56\u00a0Toulouse<\/p>\n<p>&nbsp;<\/p>\n<p><strong>CALAIS<\/strong><\/p>\n<p>Pour les personnes exil\u00e9es de Calais, nous sommes actuellement dans la p\u00e9riode la plus difficile de l\u2019ann\u00e9e.<\/p>\n<p>Notre \u00e9quipe de b\u00e9n\u00e9voles est sur le pied de guerre jour et nuit pour essayer de r\u00e9pondre au mieux aux besoins des 700 personnes vivant dans les rues de la ville.<br \/>\nPendant ce temps, qu\u2019il neige ou qu\u2019il vente, les expulsions se succ\u00e8dent et les forces de l\u2019ordre continuent de confisquer ou d\u00e9truire les affaires personnelles \u00e0 un rythme que notre stock de mat\u00e9riel ne peut plus suivre.<br \/>\nAvec d\u2019autres associations, nous avons mis en place des maraudes suppl\u00e9mentaires o\u00f9 nous distribuons boissons chaudes et mat\u00e9riel d\u2019urgence pour faire face au froid mordant du petit matin et aux lourds manquements des dispositifs d\u2019\u00c9tat.<br \/>\nNous sommes toujours \u00e0 la recherche sur Calais ou tout proche de tentes, d\u2019h\u00e9bergeuses et h\u00e9bergeurs solidaires ainsi que d\u2019une ou deux maisons \u00e0 louer pour loger directement notre \u00e9quipe sur\u00a0place.<\/p>\n<p>Pierre, coordinateur Utopia 56\u00a0Calais<\/p>\n<p>&nbsp;<\/p>\n<p><strong>LILLE<\/strong><\/p>\n<p>Alors que le D\u00e9partement du Nord continue de faire sortir les mineurs isol\u00e9s des foyers en ce d\u00e9but d\u2019ann\u00e9e, l\u2019\u00e9quipe de Lille se d\u00e9m\u00e8ne pour trouver de nouveaux h\u00e9bergeurs solidaires et permettre aux mineurs en recours de trouver un abri. Les semaines des b\u00e9n\u00e9voles sont rythm\u00e9es d\u2019accompagnements divers pour favoriser leur acc\u00e8s aux soins, et faire le lien avec les associations qui g\u00e8rent leurs d\u00e9marches administratives et de scolarisation.<\/p>\n<p>Sur le terrain, nous continuons d\u2019intervenir aupr\u00e8s des personnes qui vivent dehors, en squat, tentes et en cabanes.Nous organisons hebdomadairement des distributions de v\u00eatements et de mat\u00e9riel de mise \u00e0 l\u2019abri. En parall\u00e8le, nous continuons de solliciter l\u2019intervention des pouvoirs publics.<\/p>\n<p>Cette semaine, la cinquantaine de personnes de la Friche St-Sauveur et du parc Matisse se sont vues proposer une mise \u00e0 l\u2019abri en h\u00f4tel. Nous ne savons pas encore pour combien de\u00a0temps.<\/p>\n<p>Orlane, coordinatrice Utopia 56\u00a0Lille<\/p>\n<p>&nbsp;<\/p>\n<p><strong>DIJON<\/strong><\/p>\n<p>Le 23 janvier, nos \u00e9quipes ont collect\u00e9 ne nombreux produits d\u2019hygi\u00e8ne et d\u2019habillement aupr\u00e8s des Dijonnaises et Dijonnais. Ces produits sont et seront distribu\u00e9s \u00e0 l\u2019ensemble des jeunes que l\u2019antenne accompagne gr\u00e2ce aux familles d\u2019h\u00e9bergeur.ses.<\/p>\n<p>C\u2019\u00e9tait \u00e9galement un moment de rencontres\u00a0conviviales\u00a0qui ont permis de faire connaitre l\u2019association et ses objectifs. Merci\u00a0!<\/p>\n<p>Nous restons toujours activement \u00e0 la recherche de nouveaux h\u00e9bergeurs (<a class=\"ext\" href=\"http:\/\/r.infos.utopia56.fr\/mk\/cl\/f\/vu3lZ-FX64-yf3QtUZ_5T4Ipz8EuHoNyIVrFfRVS8pv_p-wRV0VJ0K4l-odWB9emEuFSYHnMDVpUsjt5OH4iD-rEMQV_kP_fTTkc03vGQmdXf0dgL5kCt6a8Yc1gSbvonTBbwptt0KA98UI6VhI_JlZ1M3qJwBQ_guE1n7hc64whcSHHkGN5zx6Utg5vtHOXf7dwT0pWfE6I4JKnYYQBIHpYJ4_59N2EoE2KBJ59TjZIcg\" target=\"_blank\" rel=\"noopener\">plus d\u2019infos ici<\/a>).<\/p>\n<p>Ga\u00eblle, coordinatrice Utopia 56\u00a0Dijon<\/p>\n<p>&nbsp;<\/p>\n<p><strong>RENNES<\/strong><\/p>\n<p>Pour ce premier mois de janvier l\u2019\u00e9quipe de Rennes a pu r\u00e9int\u00e9grer bon nombre de b\u00e9n\u00e9voles gr\u00e2ce au nouveau local qui offre la possibilit\u00e9 de diversifier les activit\u00e9s et d\u2019accueillir plus de monde.<\/p>\n<p>Heureusement car le nombre de Mineurs non accompagn\u00e9s accueillis a tripl\u00e9 depuis le\u00a0 second confinement mi-d\u00e9cembre\u00a0! L\u2019\u00e9quipe de Rennes est mobilis\u00e9e pour assurer le suivi de ces jeunes et fait tout pour qu\u2019ils aient un toit sur la t\u00eate,\u00a0gr\u00e2ce \u00e0 l\u2019h\u00e9bergement solidaire qui a pris de l\u2019essor lui aussi pour faire face au grand nombre de remises \u00e0 la\u00a0rue.<\/p>\n<p>Coline, coordinatrice Utopia 56\u00a0Rennes<\/p>\n<p>&nbsp;<\/p>\n<p><a class=\"ext\" href=\"https:\/\/guitinews.fr\/\" target=\"_blank\" rel=\"noopener\">Photo par Frederico Iwakawa pour Guiti News lors d\u2019une mise \u00e0 l\u2019abri sur le parvis de l\u2019H\u00f4tel de ville \u00e0\u00a0Paris<\/a><\/p>\n<\/div>\n","protected":false},"excerpt":{"rendered":"<p>L&#8217;ACTUALIT\u00c9 DES ANTENNES &#8211; F\u00c9VRIER 2021 PARIS \u00c0 Paris, de  [&#8230;]<\/p>\n","protected":false},"author":1,"featured_media":2976,"comment_status":"closed","ping_status":"open","sticky":false,"template":"","format":"standard","meta":{"footnotes":""},"categories":[28,18,12,29,14,13,16,7,10,11,9],"tags":[],"class_list":["post-2975","post","type-post","status-publish","format-standard","has-post-thumbnail","hentry","category-antenne","category-article","category-calais","category-dijon","category-grande-synthe","category-lille","category-lorient","category-paris","category-rennes","category-toulouse","category-tours"],"_links":{"self":[{"href":"http:\/\/test.utopia56.org\/index.php\/wp-json\/wp\/v2\/posts\/2975","targetHints":{"allow":["GET"]}}],"collection":[{"href":"http:\/\/test.utopia56.org\/index.php\/wp-json\/wp\/v2\/posts"}],"about":[{"href":"http:\/\/test.utopia56.org\/index.php\/wp-json\/wp\/v2\/types\/post"}],"author":[{"embeddable":true,"href":"http:\/\/test.utopia56.org\/index.php\/wp-json\/wp\/v2\/users\/1"}],"replies":[{"embeddable":true,"href":"http:\/\/test.utopia56.org\/index.php\/wp-json\/wp\/v2\/comments?post=2975"}],"version-history":[{"count":0,"href":"http:\/\/test.utopia56.org\/index.php\/wp-json\/wp\/v2\/posts\/2975\/revisions"}],"wp:featuredmedia":[{"embeddable":true,"href":"http:\/\/test.utopia56.org\/index.php\/wp-json\/"}],"wp:attachment":[{"href":"http:\/\/test.utopia56.org\/index.php\/wp-json\/wp\/v2\/media?parent=2975"}],"wp:term":[{"taxonomy":"category","embeddable":true,"href":"http:\/\/test.utopia56.org\/index.php\/wp-json\/wp\/v2\/categories?post=2975"},{"taxonomy":"post_tag","embeddable":true,"href":"http:\/\/test.utopia56.org\/index.php\/wp-json\/wp\/v2\/tags?post=2975"}],"curies":[{"name":"wp","href":"https:\/\/api.w.org\/{rel}","templated":true}]}}