{"id":2966,"date":"2021-03-25T11:38:46","date_gmt":"2021-03-25T10:38:46","guid":{"rendered":"https:\/\/utopia56.net\/?p=2966"},"modified":"2021-03-25T11:38:46","modified_gmt":"2021-03-25T10:38:46","slug":"occupation-en-cours-place-de-la-republique-a-paris","status":"publish","type":"post","link":"http:\/\/test.utopia56.org\/index.php\/2021\/03\/25\/occupation-en-cours-place-de-la-republique-a-paris\/","title":{"rendered":"OCCUPATION EN COURS PLACE DE LA R\u00c9PUBLIQUE \u00c0 PARIS."},"content":{"rendered":"<p><strong>Occupation de la place de la R\u00e9publique le 25 mars\u00a02021<\/strong><\/p>\n<p>En cette nuit de la Solidarit\u00e9,\u00a0<strong>le Collectif R\u00e9quisitions se rassemble place de la R\u00e9publique avec 300 femmes, hommes et enfants sans abri pour demander leur\u00a0 h\u00e9bergement imm\u00e9diat, stable et\u00a0d\u00e9cent.<\/strong><\/p>\n<p>Chaque soir, des milliers de personnes sans abri sollicitent le 115 en vain. Beaucoup s\u2019adressent\u00a0 aux associations en qu\u00eate d\u2019une tente ou d\u2019un h\u00e9bergement, tandis que de nombreux\u00b7ses citoyen\u00b7ne\u00b7s leur ouvrent chaque soir leur porte.\u00a0<strong>Ce n\u2019est pourtant pas aux associations ni aux habitant\u00b7e\u00b7s de mettre en place des h\u00e9bergements pour faire face \u00e0 l\u2019aggravation de la crise du logement, c\u2019est \u00e0 l\u2019\u00c9tat, car c\u2019est la Loi\u00a0!<\/strong><\/p>\n<p>En France, plus de 300 000 personnes sont sans abri, plus de 750 000 personnes vivent dans des logements de fortune o\u00f9 sont h\u00e9berg\u00e9es contraintes chez des tiers (Fondation Abb\u00e9 Pierre).\u00a0<strong>L\u2019INSEE a recens\u00e9 3 millions de logements vacants\u00a0<\/strong>sans compter les bureaux et locaux vides, mais le gouvernement refuse de faire appliquer la loi de\u00a0r\u00e9quisition.<\/p>\n<p><strong>Le collectif R\u00e9quisitions a d\u00e9pos\u00e9 412 demandes de r\u00e9quisition au pr\u00e9fet de Paris \u00cele-de-France le 11 d\u00e9cembre sur 7 immeubles vacants \u00e0 Paris.<\/strong>\u00a0Suite \u00e0 ces demandes, nous avons occup\u00e9 le 24 janvier une \u00e9cole d\u00e9saffect\u00e9e jusqu\u2019\u00e0 la prise en charge de 170 personnes sans abri par la Ville de Paris, puis par l\u2019\u00c9tat. \u00c0 nouveau le 13 f\u00e9vrier, nous \u00e9tions \u00e0 l\u2019h\u00f4pital H\u00f4tel-Dieu pour demander la mise \u00e0 l\u2019abri d\u2019une centaine de personnes, le plan Grand Froid \u00e9tant alors sous-dimensionn\u00e9 et\u00a0dysfonctionnel.<\/p>\n<p><strong>La crise sanitaire et sociale aggrave la situation d\u2019un tr\u00e8s grand nombre de personnes et familles aux profils tr\u00e8s divers.<\/strong>\u00a0Un logement d\u00e9cent, stable et abordable est une \u00e9tape indispensable pour sortir de la pr\u00e9carit\u00e9, de la rue, des h\u00e9bergements pr\u00e9caires, du surpeuplement, du logement\u00a0cher\u2026<\/p>\n<p><strong>Le collectif restera pacifiquement sur place jusqu\u2019\u00e0 la mise \u00e0 l\u2019abri de toutes les personnes sans abri\u00a0pr\u00e9sentes.<\/strong><\/p>\n<p>\u00ab Est-ce qu\u2019on doit le faire [\u00e9vacuer violemment] tant que l\u2019on n\u2019a pas de solution d\u2019h\u00e9bergement d\u2019urgence, non. \u00bb\u00a0<a class=\"ext\" href=\"https:\/\/youtu.be\/IvkewyupR_8?t=475\" target=\"_blank\" rel=\"noopener\">Interview BRUT d\u2019Emmanuel Macron sur l\u2019\u00e9vacuation place de la R\u00e9publique le 23 novembre 2020.<\/a><\/p>\n<p><strong>Parall\u00e8lement, nous demandons un changement des pratiques et le respect des lois en vigueur\u00a0:<\/strong><\/p>\n<ul>\n<li>L\u2019h\u00e9bergement inconditionnel et digne jusqu\u2019au relogement, comme pr\u00e9vu par la loi, de toutes les personnes sans\u00a0abri<\/li>\n<li>L\u2019application de la loi de r\u00e9quisition des logements vides et b\u00e2timents appartenant \u00e0 de grands propri\u00e9taires (\u00c9tat, fonds de sp\u00e9culation\u2026)\u00a0!<\/li>\n<li>L\u2019arr\u00eat des expulsions sans relogement, et l\u2019application de la loi DALO (droit au logement\u00a0opposable).<\/li>\n<li>La fin des violences et discriminations d\u2019\u00c9tat en France et en Europe envers les personnes sans abri, populations exil\u00e9es, acteurs\u00a0associatifs\u2026.<\/li>\n<li>Le respect des droits fondamentaux de chacun\u00b7e, dont le droit \u00e0 un logement d\u00e9cent, stable et\u00a0abordable.<\/li>\n<\/ul>\n<p>&nbsp;<\/p>\n<p><strong>Le Collectif R\u00e9quisitions r\u00e9unit des associations et collectifs de personnes mal log\u00e9es, sans abri, avec ou sans-papiers, des collectifs de personnes exil\u00e9es, de soutien\u00a0:<\/strong>\u00a0Collectif des jeunes tchadiens en France, Collectif La Vie l\u00e0, Copaf, CSP 75, CSP 20eme, DAL, Enfants d\u2019Afghanistan et d\u2019Ailleurs, Marche des Solidarit\u00e9s, Paris d\u2019Exil, Solidarit\u00e9 Migrants Wilson, Utopia\u00a056.<\/p>\n<p>Avec le soutien de\u00a0: AFVS, Aitec, APLD 91, l\u2019Assiette migrante, ATMF, ATTAC France, Bagag\u00e9rue, BSP Paris Sud, BSP 20e, CGT UD75, CNAFAL, CNL, Collectif Logement Paris 14, Collectif \u00abPlus Jamais \u00e7a\u00bb Paris, collectif Sortir du silence, Collectif 93HB, EVTC St Denis, FASTI, FLC Adeic, la Gamelle de Jaur\u00e8s, Les \u00c9veill\u00e9s, MDM IdF, MARDI, MNCP, Pas Sans Nous, SNPES-PJJ\/FSU, Stop Pr\u00e9carit\u00e9, Union Syndicale Solidaire, Watizat\u00a0\u2026<\/p>\n<p>*\/<\/p>\n","protected":false},"excerpt":{"rendered":"<p>Occupation de la place de la R\u00e9publique le 25 mars\u00a02021  [&#8230;]<\/p>\n","protected":false},"author":1,"featured_media":2969,"comment_status":"closed","ping_status":"open","sticky":false,"template":"","format":"standard","meta":{"footnotes":""},"categories":[19,18,7],"tags":[],"class_list":["post-2966","post","type-post","status-publish","format-standard","has-post-thumbnail","hentry","category-acces-aux-droits-fondamentaux","category-article","category-paris"],"_links":{"self":[{"href":"http:\/\/test.utopia56.org\/index.php\/wp-json\/wp\/v2\/posts\/2966","targetHints":{"allow":["GET"]}}],"collection":[{"href":"http:\/\/test.utopia56.org\/index.php\/wp-json\/wp\/v2\/posts"}],"about":[{"href":"http:\/\/test.utopia56.org\/index.php\/wp-json\/wp\/v2\/types\/post"}],"author":[{"embeddable":true,"href":"http:\/\/test.utopia56.org\/index.php\/wp-json\/wp\/v2\/users\/1"}],"replies":[{"embeddable":true,"href":"http:\/\/test.utopia56.org\/index.php\/wp-json\/wp\/v2\/comments?post=2966"}],"version-history":[{"count":0,"href":"http:\/\/test.utopia56.org\/index.php\/wp-json\/wp\/v2\/posts\/2966\/revisions"}],"wp:featuredmedia":[{"embeddable":true,"href":"http:\/\/test.utopia56.org\/index.php\/wp-json\/"}],"wp:attachment":[{"href":"http:\/\/test.utopia56.org\/index.php\/wp-json\/wp\/v2\/media?parent=2966"}],"wp:term":[{"taxonomy":"category","embeddable":true,"href":"http:\/\/test.utopia56.org\/index.php\/wp-json\/wp\/v2\/categories?post=2966"},{"taxonomy":"post_tag","embeddable":true,"href":"http:\/\/test.utopia56.org\/index.php\/wp-json\/wp\/v2\/tags?post=2966"}],"curies":[{"name":"wp","href":"https:\/\/api.w.org\/{rel}","templated":true}]}}