{"id":2960,"date":"2021-04-03T11:27:10","date_gmt":"2021-04-03T09:27:10","guid":{"rendered":"https:\/\/utopia56.net\/?p=2960"},"modified":"2021-04-03T11:27:10","modified_gmt":"2021-04-03T09:27:10","slug":"8-jours-apres-republique-a-paris-ou-en-sont-les-502-personnes-aidees","status":"publish","type":"post","link":"http:\/\/test.utopia56.org\/index.php\/2021\/04\/03\/8-jours-apres-republique-a-paris-ou-en-sont-les-502-personnes-aidees\/","title":{"rendered":"8 JOURS APR\u00c8S R\u00c9PUBLIQUE \u00c0 PARIS, O\u00d9 EN SONT LES 502 PERSONNES AID\u00c9ES ?"},"content":{"rendered":"<p>Il y a une semaine<strong>\u00a0lors de la nuit de la solidarit\u00e9 organis\u00e9e par la ville de Paris, nous \u00e9tions rassembl\u00e9.e.s place de la R\u00e9publique<\/strong>\u00a0au sein du collectif R\u00e9quisitions* afin de demander la mise \u00e0 l\u2019abri de plus de 500 personnes survivant quotidiennement \u00e0 la rue.<\/p>\n<p>Comme \u00e0 chacune de nos actions,\u00a0<strong>la d\u00e9marche consiste \u00e0 visibiliser de mani\u00e8re pacifique la situation de ces personnes afin que des solutions de mise \u00e0 l\u2019abri dignes et p\u00e9rennes soient trouv\u00e9es.<\/strong>\u00a0Et ce, comme la loi le\u00a0requiert.<\/p>\n<p>Apr\u00e8s de longues n\u00e9gociations avec les services de la mairie et sans pr\u00e9sence des forces de police,<strong>\u00a0des solutions de mise \u00e0 l\u2019abri ont finalement \u00e9t\u00e9 trouv\u00e9es pour les 57 mineurs, 32 familles et 338 personnes seules pr\u00e9sentes ce soir-l\u00e0\u00a0:<\/strong><\/p>\n<ul>\n<li>Les mineurs isol\u00e9s ont obtenu une solution d\u2019h\u00e9bergement en h\u00f4tel le temps de leur recours aupr\u00e8s du juge pour\u00a0enfant.<\/li>\n<li>Les familles ont pour une majorit\u00e9 \u00e9t\u00e9 orient\u00e9es vers des solutions d\u2019urgence du Samu\u00a0social.<\/li>\n<li>Les personnes seules ont \u00e9t\u00e9 mises \u00e0 l\u2019abri dans un gymnase en attendant l\u2019\u00e9valuation de leur situation et l\u2019orientation vers des dispositifs\u00a0adapt\u00e9s.<\/li>\n<\/ul>\n<p>Comme lors de chacune de ces mises \u00e0 l\u2019abri,\u00a0<strong>nos \u00e9quipes de b\u00e9n\u00e9voles suivent au cas par cas la situation de ces personnes afin de s\u2019assurer qu\u2019aucune ne soit remise \u00e0 la rue.<\/strong><\/p>\n<p>Si pour certain.e.s, cette action a permis d\u2019ouvrir une fen\u00eatre d\u2019espoir,\u00a0<strong>depuis une semaine, nos t\u00e9l\u00e9phones ne cessent de sonner avec au bout du fil des familles en d\u00e9tresse n\u2019ayant aucune reconduction de leur solution d\u2019h\u00e9bergement par le Samu social.<\/strong><\/p>\n<p>Malgr\u00e9 nos \u00e9changes quotidiens avec les services de la mairie et du Samu social, de plus en plus de familles se retrouvent une fois de plus \u00e0 la rue, sans solution.\u00a0<strong>La pr\u00e9fecture de police et d\u2019\u00cele-de-France qui avaient condamn\u00e9 notre action place de la R\u00e9publique, se disaient d\u2019autant plus surprises que de nombreuses places \u00e9taient disponibles.<\/strong>\u00a0Encore une fois, nous faisons face aux mensonges et \u00e0 la mise en danger \u00e9vidente de toutes ces personnes par les services de l\u2019\u00c9tat.<\/p>\n<p><strong>Avant-hier, jeudi soir, plus de 90 personnes dont 27 enfants, \u00e9taient pr\u00e9sentes aupr\u00e8s de notre \u00e9quipe afin de solliciter une mise \u00e0 l\u2019abri d\u2019urgence par notre r\u00e9seau d\u2019h\u00e9bergeur.se.s solidaires.\u00a0<\/strong>Pour la premi\u00e8re fois depuis le 17 novembre dernier, 8 familles ont d\u00fb \u00eatre laiss\u00e9es \u00e0 la rue par manque de\u00a0solution.<\/p>\n<blockquote><p><em>Ce vendredi soir lors de la mise \u00e0 l\u2019abri des familles, nous \u00e9tions forc\u00e9s d\u2019\u00e9vacuer la place sous peine de contraventions.<\/em><\/p><\/blockquote>\n<p><strong>Cette situation est inacceptable et nous ferons tout le n\u00e9cessaire afin que des solutions soient trouv\u00e9es.<\/strong>\u00a0Une lettre vient d\u2019\u00eatre envoy\u00e9e \u00e0 la pr\u00e9fecture d\u2019\u00cele-de-France afin qu\u2019elle agisse de mani\u00e8re urgente, sans quoi nous serons une fois encore contraints d\u2019agir pour mettre en lumi\u00e8re cette inhumanit\u00e9.<\/p>\n<p>Le collectif R\u00e9quisitions* milite notamment pour la r\u00e9quisition des b\u00e2timents vides. En France, plus de 300 000 personnes sont sans abri et plus de 750 000 personnes vivent dans des logements de fortune ou sont h\u00e9berg\u00e9es contraintes chez des tiers (Fondation Abb\u00e9 Pierre). Parall\u00e8lement,\u00a0<strong>l\u2019INSEE a recens\u00e9 3 millions de logements vacants sans compter les bureaux et locaux vides.<\/strong><\/p>\n<p>Si \u00e0 l\u2019heure actuelle les solutions d\u2019h\u00e9bergement sont insuffisantes, des lois et des solutions pragmatiques existent afin de surmonter ce manque.\u00a0<strong>Nous demandons \u00e0 l\u2019\u00c9tat de faire appliquer la loi.<\/strong><\/p>\n<p>*DAL (Droit Au Logement), Solidarit\u00e9 Migrants Wilson, CSP, la Marche des solidarit\u00e9s et Utopia\u00a056<\/p>\n<p><em>Photo de l\u2019article par Abdul Saboor place de la R\u00e9publique le 25 mars\u00a02021<\/em><\/p>\n","protected":false},"excerpt":{"rendered":"<p>Il y a une semaine\u00a0lors de la nuit de la  [&#8230;]<\/p>\n","protected":false},"author":1,"featured_media":2961,"comment_status":"closed","ping_status":"open","sticky":false,"template":"","format":"standard","meta":{"footnotes":""},"categories":[19,18,7],"tags":[],"class_list":["post-2960","post","type-post","status-publish","format-standard","has-post-thumbnail","hentry","category-acces-aux-droits-fondamentaux","category-article","category-paris"],"_links":{"self":[{"href":"http:\/\/test.utopia56.org\/index.php\/wp-json\/wp\/v2\/posts\/2960","targetHints":{"allow":["GET"]}}],"collection":[{"href":"http:\/\/test.utopia56.org\/index.php\/wp-json\/wp\/v2\/posts"}],"about":[{"href":"http:\/\/test.utopia56.org\/index.php\/wp-json\/wp\/v2\/types\/post"}],"author":[{"embeddable":true,"href":"http:\/\/test.utopia56.org\/index.php\/wp-json\/wp\/v2\/users\/1"}],"replies":[{"embeddable":true,"href":"http:\/\/test.utopia56.org\/index.php\/wp-json\/wp\/v2\/comments?post=2960"}],"version-history":[{"count":0,"href":"http:\/\/test.utopia56.org\/index.php\/wp-json\/wp\/v2\/posts\/2960\/revisions"}],"wp:featuredmedia":[{"embeddable":true,"href":"http:\/\/test.utopia56.org\/index.php\/wp-json\/"}],"wp:attachment":[{"href":"http:\/\/test.utopia56.org\/index.php\/wp-json\/wp\/v2\/media?parent=2960"}],"wp:term":[{"taxonomy":"category","embeddable":true,"href":"http:\/\/test.utopia56.org\/index.php\/wp-json\/wp\/v2\/categories?post=2960"},{"taxonomy":"post_tag","embeddable":true,"href":"http:\/\/test.utopia56.org\/index.php\/wp-json\/wp\/v2\/tags?post=2960"}],"curies":[{"name":"wp","href":"https:\/\/api.w.org\/{rel}","templated":true}]}}