{"id":2951,"date":"2021-04-14T11:23:32","date_gmt":"2021-04-14T09:23:32","guid":{"rendered":"https:\/\/utopia56.net\/?p=2951"},"modified":"2021-04-14T11:23:32","modified_gmt":"2021-04-14T09:23:32","slug":"occupation-de-la-place-de-la-mairie-a-rennes-afin-dexiger-la-mise-a-labri-immediat-digne-et-perenne-de-37-personnes-dont-24-enfants","status":"publish","type":"post","link":"http:\/\/test.utopia56.org\/index.php\/2021\/04\/14\/occupation-de-la-place-de-la-mairie-a-rennes-afin-dexiger-la-mise-a-labri-immediat-digne-et-perenne-de-37-personnes-dont-24-enfants\/","title":{"rendered":"OCCUPATION DE LA PLACE DE LA MAIRIE \u00c0 RENNES AFIN D\u2019EXIGER LA MISE \u00c0 L\u2019ABRI IMM\u00c9DIAT, DIGNE ET P\u00c9RENNE DE 37 PERSONNES DONT 24 ENFANTS"},"content":{"rendered":"<p><strong>Malgr\u00e9 le contexte sanitaire actuel, les solutions d\u2019h\u00e9bergement d\u2019urgence pour les familles sont insuffisantes, et de jeunes mineur.e.s isol\u00e9.e.s sont remis \u00e0 la rue chaque semaine par le d\u00e9partement. Afin d\u2019interpeller la mairie de Rennes et la pr\u00e9fecture d\u2019Ille-et-Vilaine, et ce dans la lign\u00e9e des actions men\u00e9es \u00e0 Paris, un collectif R\u00e9quisitions, compos\u00e9 du groupe logement 14 octobre et des associations Un Toit c\u2019est un droit, le Droit Au Logement et Utopia 56, se forme \u00e0 Rennes et s\u2019associe \u00e0 ces femmes, hommes et enfants \u00e0 la rue afin de visibiliser leur situation et obtenir des solutions\u00a0d\u2019h\u00e9bergement.\u00a0<\/strong><\/p>\n<p>En 2020, La mairie de Rennes a mis en place un dispositif d\u2019h\u00e9bergement d\u2019urgences de familles d\u00e9bout\u00e9es du droit d\u2019asile en France. Leur action a permis le logement de vingtaine de familles.\u00a0<strong>Les associations rennaises ont averti la mairie de l\u2019insalubrit\u00e9 de ces logements, et d\u00e9noncent le refus d\u2019ouverture de nouvelles places d\u2019h\u00e9bergement, laissant ainsi quotidiennement de nombreuses personnes \u00e0 la\u00a0rue.<\/strong><\/p>\n<p>Parall\u00e8lement, le d\u00e9partement d\u2019Ille-et-Vilaine continue de remettre \u00e0 la rue des mineur.e.s dont la minorit\u00e9 est contest\u00e9e, sans aucune autre solution, et ce, malgr\u00e9 le 3\u1d49 confinement. Isol\u00e9.e.s et mineur.e.s,\u00a0<strong>ils ne peuvent pas b\u00e9n\u00e9ficier d\u2019une prise en charge d\u2019urgence par le 115 et sont livr\u00e9.e.s \u00e0\u00a0eux-m\u00eames.<\/strong><\/p>\n<p><strong>\u00ab Je n\u2019ai jamais vu autant de monde dans la rue que cette semaine. Une trentaine de personnes \u00e0 Saint-Anne dont une famille de 8 avec 6 enfants en bas \u00e2ge. Nous avons rencontr\u00e9 plus de 120 personnes alors de nos maraudes. \u00bb<\/strong>\u00a0L\u00e9o &#8211; B\u00e9n\u00e9vole chez Utopia\u00a056.<\/p>\n<p>Le collectif R\u00e9quisitions \u00e0 Paris a permis, gr\u00e2ce \u00e0 ses actions,\u00a0<strong>la mise \u00e0 l\u2019abri de plus de 720 personnes<\/strong>. S\u2019il ne devrait pas \u00eatre n\u00e9cessaire de mener de telles actions citoyennes afin de trouver des solutions d\u2019h\u00e9bergement et ainsi faire respecter la loi,\u00a0<strong>ces actions ont jusqu\u2019ici prouv\u00e9 leur\u00a0efficacit\u00e9.<\/strong><\/p>\n<p>En France, plus de 300 000 personnes sont sans abri et plus de 750 000 personnes vivent dans des logements de fortune ou sont h\u00e9berg\u00e9es contraintes chez des tiers (Fondation Abb\u00e9 Pierre).\u00a0<strong>L\u2019INSEE a recens\u00e9 3 millions de logements vacants sans compter les bureaux et locaux vides, mais le gouvernement refuse de faire appliquer la loi de\u00a0r\u00e9quisition.<\/strong><\/p>\n<p>Face \u00e0 ces situations et apr\u00e8s avoir alert\u00e9 une fois encore, vendredi dernier par courrier la pr\u00e9fecture et la mairie, nous somme r\u00e9unis aujourd\u2019hui pour exiger\u00a0<strong>la mise \u00e0 l\u2019abri de l\u2019ensemble des personnes \u00e0 la rue et la mise en place d\u2019une r\u00e9elle politique d\u2019accueil envers les personnes exil\u00e9es, dans le respect des droits fondamentaux et de la\u00a0loi.<\/strong><\/p>\n<p><strong>Nous resterons sur place tant qu\u2019aucune solution digne ne sera\u00a0propos\u00e9e.<\/strong><\/p>\n","protected":false},"excerpt":{"rendered":"<p>Malgr\u00e9 le contexte sanitaire actuel, les solutions d\u2019h\u00e9bergement d\u2019urgence pour  [&#8230;]<\/p>\n","protected":false},"author":1,"featured_media":2952,"comment_status":"closed","ping_status":"open","sticky":false,"template":"","format":"standard","meta":{"footnotes":""},"categories":[19,17,10],"tags":[],"class_list":["post-2951","post","type-post","status-publish","format-standard","has-post-thumbnail","hentry","category-acces-aux-droits-fondamentaux","category-manifestation","category-rennes"],"_links":{"self":[{"href":"http:\/\/test.utopia56.org\/index.php\/wp-json\/wp\/v2\/posts\/2951","targetHints":{"allow":["GET"]}}],"collection":[{"href":"http:\/\/test.utopia56.org\/index.php\/wp-json\/wp\/v2\/posts"}],"about":[{"href":"http:\/\/test.utopia56.org\/index.php\/wp-json\/wp\/v2\/types\/post"}],"author":[{"embeddable":true,"href":"http:\/\/test.utopia56.org\/index.php\/wp-json\/wp\/v2\/users\/1"}],"replies":[{"embeddable":true,"href":"http:\/\/test.utopia56.org\/index.php\/wp-json\/wp\/v2\/comments?post=2951"}],"version-history":[{"count":0,"href":"http:\/\/test.utopia56.org\/index.php\/wp-json\/wp\/v2\/posts\/2951\/revisions"}],"wp:featuredmedia":[{"embeddable":true,"href":"http:\/\/test.utopia56.org\/index.php\/wp-json\/"}],"wp:attachment":[{"href":"http:\/\/test.utopia56.org\/index.php\/wp-json\/wp\/v2\/media?parent=2951"}],"wp:term":[{"taxonomy":"category","embeddable":true,"href":"http:\/\/test.utopia56.org\/index.php\/wp-json\/wp\/v2\/categories?post=2951"},{"taxonomy":"post_tag","embeddable":true,"href":"http:\/\/test.utopia56.org\/index.php\/wp-json\/wp\/v2\/tags?post=2951"}],"curies":[{"name":"wp","href":"https:\/\/api.w.org\/{rel}","templated":true}]}}