{"id":2870,"date":"2021-05-05T09:47:35","date_gmt":"2021-05-05T07:47:35","guid":{"rendered":"https:\/\/utopia56.net\/?p=2870"},"modified":"2021-05-05T09:47:35","modified_gmt":"2021-05-05T07:47:35","slug":"a-paris-nous-refusons-de-nous-rendre-devant-le-delegue-du-procureur","status":"publish","type":"post","link":"http:\/\/test.utopia56.org\/index.php\/2021\/05\/05\/a-paris-nous-refusons-de-nous-rendre-devant-le-delegue-du-procureur\/","title":{"rendered":"A PARIS, NOUS REFUSONS DE NOUS RENDRE DEVANT LE D\u00c9L\u00c9GU\u00c9 DU PROCUREUR"},"content":{"rendered":"<p>8 responsables d\u2019associations du \u00ab\u00a0collectif r\u00e9quisitions\u00a0\u00bb , Utopia 56, Solidarit\u00e9 Migrants Wilson,\u00a0DAL, Enfants d\u2019Afghanistan et d\u2019ailleurs, Paris d\u2019Exil, ont \u00e9t\u00e9\u00a0<strong>convoqu\u00e9s aujourd\u2019hui\u00a0<\/strong>(5 mai 2021)<strong>\u00a0et vendredi matin, devant un d\u00e9l\u00e9gu\u00e9 du procureur, pour \u00ab\u00a0manifestation non d\u00e9clar\u00e9e\u00a0\u00bb, en vue d\u2019une \u00ab\u00a0composition\u00a0p\u00e9nale\u00a0\u00bb.<\/strong><\/p>\n<p>Ce 13 f\u00e9vrier, en pleine vague de froid, environ<strong>\u00a070 personnes sans abris, soutenues par des militant.e.s et b\u00e9n\u00e9voles,\u00a0s\u2019\u00e9taient install\u00e9es durant quelques heures dans une coursive de l\u2019H\u00f4tel-Dieu<\/strong>, au rez-de-chauss\u00e9e, jusqu\u2019\u00e0 la prise en charge par la Pr\u00e9fecture de l\u2019ensemble des personnes sans\u00a0abris.<\/p>\n<p>Cette convocation au parquet de Paris avait \u00e9t\u00e9 d\u00e9livr\u00e9e \u00e0 l\u2018issue de l\u2019audition des 8 militants au commissariat du 14e le 8 mars dernier, alors\u00a0<strong>convoqu\u00e9s pour \u00ab\u00a0violences et d\u00e9gradations\u00a0\u00bb \u00e0 la suite d\u2019une plainte de l\u2019APHP, a-t-on appris\u00a0depuis.<\/strong><\/p>\n<p>Cette plainte a d\u2019ailleurs d\u00e9clench\u00e9 incompr\u00e9hension et \u00e9motion au sein de l\u2019APHP\u00a0:<strong>\u00a0une tribune sign\u00e9e par des m\u00e9decins, personnels et syndicats demande \u00e0 Martin Hirsch de retirer cette plainte<\/strong>\u00a0totalement infond\u00e9e et des questions sont pos\u00e9es aux instances de l\u2019APHP, notamment par les syndicats CGT et\u00a0Solidaires.<\/p>\n<p>Cette \u00ab\u00a0composition p\u00e9nale\u00a0\u00bb proc\u00e9dure dite de \u00ab\u00a0plaider coupable\u00a0\u00bb d\u00e9bouchant sur une amende financi\u00e8re,\u00a0<strong>aurait n\u00e9cessit\u00e9 que les militants soient coupables des faits reproch\u00e9s\u00a0<\/strong>: manifestation non d\u00e9clar\u00e9e sur la voie\u00a0publique.<\/p>\n<p><strong>Or, aucune association n\u2019a manifest\u00e9 sur la voie publique ce jour l\u00e0<\/strong>. L\u2019H\u00f4tel-Dieu n\u2019est pas la voie\u00a0publique.<\/p>\n<p>De plus, comme l\u2019ont indiqu\u00e9 nos avocats Me Rapha\u00ebl Kempf et Me Alice Becker\u00a0dans le courrier transmis au parquet, les poursuites pour \u00ab\u00a0manifestation non d\u00e9clar\u00e9e\u00a0\u00bb ont un caract\u00e8re politique que cette proc\u00e9dure de \u00ab\u00a0composition p\u00e9nale\u00a0\u00bb, ne peut en aucun cas\u00a0traiter.<\/p>\n<p>Enfin,\u00a0<strong>cette action relevait du devoir de solidarit\u00e9, et le d\u00e9lit de solidarit\u00e9 a \u00e9t\u00e9 censur\u00e9 par le Conseil\u00a0Constitutionnel.<\/strong><\/p>\n<p>A l\u2019inverse,\u00a0<strong>le fait de laisser \u00e0 la rue\u00a0des personnes qui ont demand\u00e9 \u00e0 \u00eatre h\u00e9berg\u00e9es,\u00a0en d\u00e9pit des obligations l\u00e9gales et d\u2019autant plus dans cette p\u00e9riode de pand\u00e9mie, est une atteinte\u00a0inacceptable au devoir de protection des personnes vuln\u00e9rables que doit exercer la puissance\u00a0publique.<\/strong><\/p>\n<p>Pour ces raisons,\u00a0<strong>nous ne nous rendons pas au parquet du tribunal de Paris aujourd\u2019hui et vendredi, et nous sommes d\u00e9termin\u00e9s \u00e0\u00a0 poursuivre les actions de soutien aux sans abris,<\/strong>\u00a0afin que toute personne \u00e0 la rue soit accueillie et ait un toit, sans crainte d\u2019\u00eatre remise \u00e0 la rue, si n\u00e9cessaire par l\u2019application de la loi de r\u00e9quisition, car 3,1 millions de logements sont\u00a0vacants.<\/p>\n","protected":false},"excerpt":{"rendered":"<p>8 responsables d\u2019associations du \u00ab\u00a0collectif r\u00e9quisitions\u00a0\u00bb , Utopia 56, Solidarit\u00e9  [&#8230;]<\/p>\n","protected":false},"author":1,"featured_media":2871,"comment_status":"closed","ping_status":"open","sticky":false,"template":"","format":"standard","meta":{"footnotes":""},"categories":[19,18,7],"tags":[],"class_list":["post-2870","post","type-post","status-publish","format-standard","has-post-thumbnail","hentry","category-acces-aux-droits-fondamentaux","category-article","category-paris"],"_links":{"self":[{"href":"http:\/\/test.utopia56.org\/index.php\/wp-json\/wp\/v2\/posts\/2870","targetHints":{"allow":["GET"]}}],"collection":[{"href":"http:\/\/test.utopia56.org\/index.php\/wp-json\/wp\/v2\/posts"}],"about":[{"href":"http:\/\/test.utopia56.org\/index.php\/wp-json\/wp\/v2\/types\/post"}],"author":[{"embeddable":true,"href":"http:\/\/test.utopia56.org\/index.php\/wp-json\/wp\/v2\/users\/1"}],"replies":[{"embeddable":true,"href":"http:\/\/test.utopia56.org\/index.php\/wp-json\/wp\/v2\/comments?post=2870"}],"version-history":[{"count":0,"href":"http:\/\/test.utopia56.org\/index.php\/wp-json\/wp\/v2\/posts\/2870\/revisions"}],"wp:featuredmedia":[{"embeddable":true,"href":"http:\/\/test.utopia56.org\/index.php\/wp-json\/"}],"wp:attachment":[{"href":"http:\/\/test.utopia56.org\/index.php\/wp-json\/wp\/v2\/media?parent=2870"}],"wp:term":[{"taxonomy":"category","embeddable":true,"href":"http:\/\/test.utopia56.org\/index.php\/wp-json\/wp\/v2\/categories?post=2870"},{"taxonomy":"post_tag","embeddable":true,"href":"http:\/\/test.utopia56.org\/index.php\/wp-json\/wp\/v2\/tags?post=2870"}],"curies":[{"name":"wp","href":"https:\/\/api.w.org\/{rel}","templated":true}]}}