{"id":2867,"date":"2021-05-25T09:46:12","date_gmt":"2021-05-25T07:46:12","guid":{"rendered":"https:\/\/utopia56.net\/?p=2867"},"modified":"2021-05-25T09:46:12","modified_gmt":"2021-05-25T07:46:12","slug":"en-cours-occupation-dun-gymnase-avec-350-personnes-sans-abri-a-paris","status":"publish","type":"post","link":"http:\/\/test.utopia56.org\/index.php\/2021\/05\/25\/en-cours-occupation-dun-gymnase-avec-350-personnes-sans-abri-a-paris\/","title":{"rendered":"[EN COURS] OCCUPATION D\u2019UN GYMNASE AVEC 350 PERSONNES SANS ABRI \u00c0 PARIS."},"content":{"rendered":"<p><strong>Depuis 12 h ce jeudi, 400 personnes, dont 350 personnes sans-abri, dont des familles avec enfants,\u00a0se sont mises \u00e0 l\u2019abri dans un gymnase de la ville de Paris<\/strong>\u00a0situ\u00e9 au 2 Rue Japy, 75011 Paris, pour\u00a0<strong>demander \u00e0 l\u2019\u00c9tat de mettre en place un h\u00e9bergement stable et d\u00e9cent<\/strong>\u00a0pour toutes les personnes \u00e0 la rue qui ont fait appel \u00e0 notre\u00a0Collectif.<\/p>\n<p>Le Collectif rappelle que\u00a0<strong>le droit \u00e0 l\u2019h\u00e9bergement est un droit inscrit dans la loi que l\u2019Etat doit mettre en \u0153uvre<\/strong>, jusqu\u2019\u00e0 une orientation vers un relogement ou une h\u00e9bergement de stabilisation.\u00a0<strong>C\u2019est aussi un engagement\u00a0d\u2019Emmanuel\u00a0Macron.<\/strong><\/p>\n<p>Dans le contexte de crise sanitaire, il est inadmissible que les droits des plus fragiles, expos\u00e9s aux dangers de la rue et souvent \u00e0 l\u2019arbitraire, voire \u00e0 la violence polici\u00e8re, comme en novembre dernier place de la R\u00e9publique, soient viol\u00e9s\u00a0;<\/p>\n<p><strong>Malgr\u00e9 nos alertes quotidiennes aupr\u00e8s de la mairie et de la pr\u00e9fecture, le nombre de sans abris \u00e0 Paris est en hausse constante<\/strong>\u00a0: parmi lesquels de nombreuses personnes exil\u00e9es ayant travers\u00e9\u00a0les fronti\u00e8res au p\u00e9ril, des salari\u00e9s exploit\u00e9s avec ou sans papier, confront\u00e9s \u00e0 la chert\u00e9 du logement et \u00e0 l\u2019insuffisance de lieux\u00a0d\u2019accueil.<\/p>\n<p>Pourtant, il y a des solutions\u00a0:\u00a0<strong>3,1 millions de logements sont vacants, dont 400 000 en \u00cele-de-France et 117 000 \u00e0 Paris<\/strong>, sans compter les nombreux locaux et bureaux vacants.\u00a0Cependant, la loi de r\u00e9quisition reste\u00a0inappliqu\u00e9e.<\/p>\n<p><strong>C\u2019est pourquoi nous sommes d\u00e9cid\u00e9s \u00e0 rester pacifiquement sur place jusqu\u2019\u00e0 la mise en place de solutions d\u2019h\u00e9bergement pour toutes les personnes sans-abri\u00a0pr\u00e9sentes.<\/strong><\/p>\n<p>Nous exigeons \u00e9galement\u00a0:<\/p>\n<ul>\n<li>L\u2019h\u00e9bergement inconditionnel et digne jusqu\u2019au relogement de toutes les personnes\u00a0sans-abri<\/li>\n<li>L\u2019application de la loi de r\u00e9quisition sur les logements et locaux de grands\u00a0propri\u00e9taires<\/li>\n<li>\u00c0 l\u2019approche de la fin de la tr\u00eave hivernale du 1er juin, l\u2019arr\u00eat des expulsions, de toute remise \u00e0 la rue de personnes et familles h\u00e9berg\u00e9es, et le respect de la loi\u00a0DALO<\/li>\n<li>L\u2019arr\u00eat des violences et des discriminations par les institutions en France et en Europe envers les personnes exil\u00e9es, la construction d\u2019une r\u00e9elle politique\u00a0d\u2019accueil.<\/li>\n<li>Le respect des droits humains fondamentaux de chacun.e.s dont le droit \u00e0 un logement d\u00e9cent, stable et abordable\u00a0!<\/li>\n<\/ul>\n<p><strong>Signataires\u00a0:<\/strong><br \/>\nLe Collectif R\u00e9quisitions r\u00e9unit des associations et collectifs de personnes mal log\u00e9es, sans-abri, avec ou sans-papiers, des collectifs d\u2019exil\u00e9\u00b7e\u00b7s, de soutien\u00a0: Collectif des jeunes tchadiens en France, Collectif La Vie l\u00e0, Copaf, CSP 75, CSP 20eme, DAL, Enfants d\u2019Afghanistan et d\u2019Ailleurs, Marche des Solidarit\u00e9s, Paris d\u2019Exil, Solidarit\u00e9 Migrants Wilson,\u00a0Utopia56.<\/p>\n<p>Avec le soutien de\u00a0: AFVS, Aitec, APLD 91, l\u2019Assiette migrante, ATMF, ATTAC France, Bagag\u00e9rue, BSP Paris Sud, BSP 20e, CGT UD75, CNAFAL, CNL, Collectif Logement Paris 14, Collectif \u00abPlus Jamais \u00e7a\u00bb Paris, collectif Sortir du silence, Collectif 93HB, EVTC St Denis, FASTI, FLC Adeic, la Gamelle de Jaur\u00e8s, Les \u00c9veill\u00e9s, MDM IdF, MARDI, MNCP, Pas Sans Nous, SNPES-PJJ\/FSU, Stop Pr\u00e9carit\u00e9, Union Syndicale Solidaire, Watizat\u00a0\u2026<\/p>\n","protected":false},"excerpt":{"rendered":"<p>Depuis 12 h ce jeudi, 400 personnes, dont 350 personnes  [&#8230;]<\/p>\n","protected":false},"author":1,"featured_media":2868,"comment_status":"closed","ping_status":"open","sticky":false,"template":"","format":"standard","meta":{"footnotes":""},"categories":[19,18,7],"tags":[],"class_list":["post-2867","post","type-post","status-publish","format-standard","has-post-thumbnail","hentry","category-acces-aux-droits-fondamentaux","category-article","category-paris"],"_links":{"self":[{"href":"http:\/\/test.utopia56.org\/index.php\/wp-json\/wp\/v2\/posts\/2867","targetHints":{"allow":["GET"]}}],"collection":[{"href":"http:\/\/test.utopia56.org\/index.php\/wp-json\/wp\/v2\/posts"}],"about":[{"href":"http:\/\/test.utopia56.org\/index.php\/wp-json\/wp\/v2\/types\/post"}],"author":[{"embeddable":true,"href":"http:\/\/test.utopia56.org\/index.php\/wp-json\/wp\/v2\/users\/1"}],"replies":[{"embeddable":true,"href":"http:\/\/test.utopia56.org\/index.php\/wp-json\/wp\/v2\/comments?post=2867"}],"version-history":[{"count":0,"href":"http:\/\/test.utopia56.org\/index.php\/wp-json\/wp\/v2\/posts\/2867\/revisions"}],"wp:featuredmedia":[{"embeddable":true,"href":"http:\/\/test.utopia56.org\/index.php\/wp-json\/"}],"wp:attachment":[{"href":"http:\/\/test.utopia56.org\/index.php\/wp-json\/wp\/v2\/media?parent=2867"}],"wp:term":[{"taxonomy":"category","embeddable":true,"href":"http:\/\/test.utopia56.org\/index.php\/wp-json\/wp\/v2\/categories?post=2867"},{"taxonomy":"post_tag","embeddable":true,"href":"http:\/\/test.utopia56.org\/index.php\/wp-json\/wp\/v2\/tags?post=2867"}],"curies":[{"name":"wp","href":"https:\/\/api.w.org\/{rel}","templated":true}]}}