{"id":2864,"date":"2021-05-07T09:45:06","date_gmt":"2021-05-07T07:45:06","guid":{"rendered":"https:\/\/utopia56.net\/?p=2864"},"modified":"2021-05-07T09:45:06","modified_gmt":"2021-05-07T07:45:06","slug":"depot-de-plainte-contre-les-prefets-didier-lallement-georges-francois-leclerc-marc-guillaume","status":"publish","type":"post","link":"http:\/\/test.utopia56.org\/index.php\/2021\/05\/07\/depot-de-plainte-contre-les-prefets-didier-lallement-georges-francois-leclerc-marc-guillaume\/","title":{"rendered":"D\u00c9P\u00d4T DE PLAINTE CONTRE LES PR\u00c9FETS DIDIER LALLEMENT, GEORGES-FRANCOIS LECLERC, MARC GUILLAUME"},"content":{"rendered":"<p><strong>Le Pr\u00e9fet de police de Paris, le Pr\u00e9fet de la Seine-Saint-Denis et le Pr\u00e9fet d\u2019\u00cele-de-France vis\u00e9s par une plainte pour violences volontaires, vols et\u00a0destructions.<\/strong><\/p>\n<p>Les associations Utopia 56 et Enfants d\u2019Afghanistan et d\u2019ailleurs s\u2019associent \u00e0\u00a0<strong>34 plaignant.e.s exil\u00e9.e.s, \u00e9lu.e.s et b\u00e9n\u00e9voles<\/strong>\u00a0pour d\u00e9poser une plainte collective aupr\u00e8s du Procureur de la R\u00e9publique de Paris suite aux \u00e9v\u00e9nements du 17 novembre 2020 \u00e0 Saint-Denis et du 23 novembre 2020 place de la R\u00e9publique \u00e0\u00a0Paris.<\/p>\n<p>Les plaintes d\u00e9pos\u00e9es concernent\u00a0\u00a0:<\/p>\n<ul>\n<li>Monsieur\u00a0<strong>Didier Lallement<\/strong>, Pr\u00e9fet de Police de Paris, Monsieur\u00a0<strong>Georges-Fran\u00e7ois Leclerc<\/strong>, Pr\u00e9fet de la Seine-Saint-Denis, et Monsieur\u00a0<strong>Marc Guillaume<\/strong>, Pr\u00e9fet de la r\u00e9gion d\u2019\u00cele-de-France, des chefs de\u00a0<strong>complicit\u00e9 de violences volontaires, complicit\u00e9 de destruction, d\u00e9gradation et d\u00e9t\u00e9rioration d\u2019un bien appartenant \u00e0 autrui, et vol en bande\u00a0organis\u00e9e.<\/strong><\/li>\n<li>Plainte contre X des chefs de vol en bande organis\u00e9e, violences volontaires par personnes d\u00e9positaires de l\u2019autorit\u00e9 publique et destruction, d\u00e9gradation et d\u00e9t\u00e9rioration d\u2019un bien appartenant \u00e0\u00a0autrui.<\/li>\n<\/ul>\n<p>La plainte se fonde sur des\u00a0<strong>dizaines de t\u00e9moignages<\/strong>\u00a0(\u00e9lu.e.s, demandeurs.ses d\u2019asile et b\u00e9n\u00e9voles) recueillis par les avocat.e.s dans le but de d\u00e9noncer la strat\u00e9gie d\u2019\u00c9tat \u00e0 l\u2019\u00e9gard des populations exil\u00e9es et de leurs soutiens ainsi que le caract\u00e8re pr\u00e9m\u00e9dit\u00e9 et syst\u00e9mique des violences perp\u00e9tr\u00e9es. Elles ne sont pas des faits isol\u00e9s de quelques forces de l\u2019ordre, mais bien le r\u00e9sultat d\u2019une cha\u00eene de commandement qui agit partout en France (fronti\u00e8re franco-britannique, fronti\u00e8re franco-italienne, Paris \u2026) et aux fronti\u00e8res europ\u00e9ennes. Elles participent\u00a0<strong>d\u2019une strat\u00e9gie de non-accueil, de dissuasion et de harc\u00e8lement qui vient violer les droits fondamentaux des personnes et les accords internationaux<\/strong>\u00a0(Droits de l\u2019Homme, Droits de l\u2019Enfant, Droit d\u2019Asile) dont la France est\u00a0signataire.<\/p>\n<p><strong>Suite \u00e0 ces \u00e9v\u00e9nements, de nombreuses personnes sont victimes de syndromes post-traumatiques qui viennent aggraver leur d\u00e9tresse physique et psychologique.<\/strong>\u00a0Ces traitements d\u00e9gradants participent \u00e0 la stigmatisation de ces populations d\u00e9j\u00e0 vuln\u00e9rables face au syst\u00e8me\u00a0d\u2019accueil.<\/p>\n<p><em>\u201c Depuis j\u2019ai peur des policiers, on court quand ils arrivent \u201d<\/em>\u00a0Mohamed J.G,\u00a0plaignant.<\/p>\n<p>Pour m\u00e9moire, lors de la derni\u00e8re action de visibilisation place de la R\u00e9publique du 25 mars 2021, la police n\u2019est pas intervenue malgr\u00e9 un communiqu\u00e9 \u00e0 charge de la pr\u00e9fecture.\u00a0<strong>Ce soir-l\u00e0, 502 personnes \u00e0 la rue ont pu \u00eatre mises \u00e0 l\u2019abri dans le calme et sans\u00a0violence.\u00a0<\/strong><\/p>\n<p><strong>Nous demandons au Procureur de la R\u00e9publique de Paris, en accord avec le droit et les valeurs de la R\u00e9publique fran\u00e7aise, de diligenter une enqu\u00eate s\u00e9rieuse et approfondie sur les faits d\u00e9nonc\u00e9s par cette\u00a0plainte.<\/strong><\/p>\n","protected":false},"excerpt":{"rendered":"<p>Le Pr\u00e9fet de police de Paris, le Pr\u00e9fet de la  [&#8230;]<\/p>\n","protected":false},"author":1,"featured_media":2865,"comment_status":"closed","ping_status":"open","sticky":false,"template":"","format":"standard","meta":{"footnotes":""},"categories":[19,22,18,7],"tags":[],"class_list":["post-2864","post","type-post","status-publish","format-standard","has-post-thumbnail","hentry","category-acces-aux-droits-fondamentaux","category-action-en-justice","category-article","category-paris"],"_links":{"self":[{"href":"http:\/\/test.utopia56.org\/index.php\/wp-json\/wp\/v2\/posts\/2864","targetHints":{"allow":["GET"]}}],"collection":[{"href":"http:\/\/test.utopia56.org\/index.php\/wp-json\/wp\/v2\/posts"}],"about":[{"href":"http:\/\/test.utopia56.org\/index.php\/wp-json\/wp\/v2\/types\/post"}],"author":[{"embeddable":true,"href":"http:\/\/test.utopia56.org\/index.php\/wp-json\/wp\/v2\/users\/1"}],"replies":[{"embeddable":true,"href":"http:\/\/test.utopia56.org\/index.php\/wp-json\/wp\/v2\/comments?post=2864"}],"version-history":[{"count":0,"href":"http:\/\/test.utopia56.org\/index.php\/wp-json\/wp\/v2\/posts\/2864\/revisions"}],"wp:featuredmedia":[{"embeddable":true,"href":"http:\/\/test.utopia56.org\/index.php\/wp-json\/"}],"wp:attachment":[{"href":"http:\/\/test.utopia56.org\/index.php\/wp-json\/wp\/v2\/media?parent=2864"}],"wp:term":[{"taxonomy":"category","embeddable":true,"href":"http:\/\/test.utopia56.org\/index.php\/wp-json\/wp\/v2\/categories?post=2864"},{"taxonomy":"post_tag","embeddable":true,"href":"http:\/\/test.utopia56.org\/index.php\/wp-json\/wp\/v2\/tags?post=2864"}],"curies":[{"name":"wp","href":"https:\/\/api.w.org\/{rel}","templated":true}]}}