{"id":2858,"date":"2021-05-16T09:41:06","date_gmt":"2021-05-16T07:41:06","guid":{"rendered":"https:\/\/utopia56.net\/?p=2858"},"modified":"2021-05-16T09:41:06","modified_gmt":"2021-05-16T07:41:06","slug":"ousmane-mineur-isole-oublie","status":"publish","type":"post","link":"http:\/\/test.utopia56.org\/index.php\/2021\/05\/16\/ousmane-mineur-isole-oublie\/","title":{"rendered":"OUSMANE, MINEUR ISOL\u00c9 OUBLI\u00c9"},"content":{"rendered":"<p><strong>T\u00e9moignage de Fanny\u00a0<span class=\"amp\">&amp;<\/span>\u00a0Thomas, b\u00e9n\u00e9voles \u00e0 Utopia 56 Paris\u00a0:<\/strong><\/p>\n<p>Ousmane (son pr\u00e9nom a \u00e9t\u00e9 chang\u00e9) a 14 ans. Il quitte son Mali natal en 2020 pour rejoindre l\u2019Europe. Il passe par la Mauritanie puis le Maroc, avant de traverser la M\u00e9diterran\u00e9e pour accoster en Espagne puis ici, en France, \u00e0 Paris. Son parcours d\u2019exil n\u2019a pas \u00e9t\u00e9 le plus long, d\u2019apr\u00e8s lui en tout cas. Pourtant, il monte \u00e0 deux reprises sur un bateau \u00aben plastique\u00bb, comme il dit. Deux tentatives pour traverser la M\u00e9diterran\u00e9e. La premi\u00e8re fois, son bateau fait demi-tour, ramen\u00e9 sur la c\u00f4te par les gardes c\u00f4tes marocains, l\u2019obligeant ainsi \u00e0 retenter la travers\u00e9e. La deuxi\u00e8me fois c\u2019est avec 82 autres personnes sur le zodiaque avant qu\u2019un \u00abgrand bateau\u00bb l\u2019aide. Il nous demandera d\u2019ailleurs pourquoi parfois les bateaux n\u2019arrivaient pas pour le\u00a0sauver.<\/p>\n<p>Arriver en France, c\u2019est ce qu\u2019il veut. Mais il s\u2019aper\u00e7oit tr\u00e8s vite que cette France-l\u00e0 ne veut pas de lui. En effet, pourtant \u00e2g\u00e9 de 14 ans, il est \u2018\u2019refus\u00e9 mineur\u2019\u2019 suite \u00e0 une \u00e9valuation rapide et exp\u00e9ditive de sa minorit\u00e9 au DEMIE (Dispositif d\u2019Evaluation des Mineur.e.s Isol\u00e9.e.s Etranger.e.s de Paris), g\u00e9r\u00e9 par le d\u00e9partement de Paris via la Croix-Rouge. Malgr\u00e9 son apparence juv\u00e9nile, et les blessures psychologiques, il n\u2019est pas pris en charge par l\u2019ASE (Aide Sociale \u00e0 l\u2019Enfance), cet organisme qui se doit de prot\u00e9ger les enfants et qui les laisse pourtant\u00a0dehors.<\/p>\n<p>D\u00e9sormais, pour prouver sa minorit\u00e9, il doit faire un recours devant le Juge des enfants pour avoir une mesure d\u2019assistance \u00e9ducative. Cette d\u00e9marche prend des mois et peut m\u00eame d\u00e9passer une ann\u00e9e. Pr\u00e9sum\u00e9 mineur, il ne peut postuler aux (rares) dispositifs pour majeur.e.s. Suite \u00e0 la d\u00e9cision du d\u00e9partement, il se retrouve donc livr\u00e9 \u00e0 lui-m\u00eame, n\u2019ayant que la rue comme lieu de vie, et ce, pendant plusieurs semaines. De quoi perdre la t\u00eate, apr\u00e8s un parcours \u00e9prouvant comme un tr\u00e8s grand nombre d\u2019adolescent.e.s dont leur minorit\u00e9 a \u00e9t\u00e9\u00a0refus\u00e9e.<\/p>\n<p>En d\u00e9cembre 2020, apr\u00e8s plusieurs semaines dehors, nous le rencontrons sur plusieurs de nos maraudes. Particuli\u00e8rement vuln\u00e9rable, nous prenons la d\u00e9cision collectivement de l\u2019int\u00e9grer dans un lieu d\u2019h\u00e9bergement collectif d\u2019urgence \u00e0 Pantin, g\u00e9r\u00e9 par Utopia 56. D\u2019abord fatigu\u00e9 \u00e0 son arriv\u00e9e dans l\u2019h\u00e9bergement, il montre tr\u00e8s vite une d\u00e9termination pour l\u2019apprentissage du Fran\u00e7ais et une confiance envers les b\u00e9n\u00e9voles. Il va \u00e9galement aux matchs de football le samedi matin ou aux activit\u00e9s propos\u00e9es par l\u2019association. Amoureux de Paris, il est \u00e9galement le premier \u00e0 participer aux sorties organis\u00e9es dans la ville\u00a0: Tour Eiffel, Jardin du Luxembourg, Buttes Chaumont ou encore les berges de la\u00a0Seine.<\/p>\n<p>Pourtant, apr\u00e8s quelques semaines, il commence \u00e0 changer de comportement. Nous notons son caract\u00e8re renferm\u00e9 et parfois distant avec le reste du groupe. Il est tr\u00e8s discret et souvent isol\u00e9 dans sa chambre.<br \/>\nPeut-\u00eatre le fait d\u2019\u00eatre l\u00e0 depuis plus d\u2019un mois et de ne rien voir \u00e9voluer\u00a0? Les recours en justice mettent du temps\u00a0; l\u2019attente est tr\u00e8s pesante pour les jeunes, elle est la source de frustration, de stress et d\u2019angoisse. \u00catre rassur\u00e9, c\u2019est indispensable dans cette situation et l\u2019on sait que les avocats n\u2019ont pas le temps pour \u00e7a, en vue du tr\u00e8s grand nombre de mineur.e.s isol\u00e9.e.s non pris.e.s en charge \u00e0 Paris et en \u00cele-de-France. D\u2019ailleurs, pendant un moment, il est amen\u00e9 \u00e0 appeler son avocate tous les jours et tous les soirs, en pleurant. En tant que b\u00e9n\u00e9voles, nous faisons le maximum pour le calmer et le\u00a0rassurer.<\/p>\n<p>Il s\u2019alimente tr\u00e8s peu, semble inquiet en permanence et communique de moins en moins avec les jeunes du groupe. Ces derniers, ainsi que de nombreux b\u00e9n\u00e9voles, notent \u00e9galement sa d\u00e9motivation globale. A peine deux semaines apr\u00e8s ces premiers signes, Ousmane maigrit, ne mange pas, perd ses cheveux, ne sort plus de sa chambre et ne parle presque plus. Un jour, il craque dans les bras d\u2019un b\u00e9n\u00e9vole. Il explique ce jour-l\u00e0 qu\u2019il n\u2019a pas eu de nouvelles de sa maman depuis plusieurs semaines et que c\u2019est\u00a0inhabituel.<\/p>\n<p>Nous sommes inquiet.e.s pour lui. Deux jours apr\u00e8s, Ousmane sort toute une nuit, sans rentrer \u00e0 l\u2019h\u00e9bergement. \u00c9tonnant pour un jeune dont la plus grande peur est de retourner dans l\u2019enfer de la rue. Nous le contactons puis alertons h\u00f4pitaux et commissariats \u00e0 sa recherche, en vain. Le matin suivant, c\u2019est transi de froid, compl\u00e8tement d\u00e9sorient\u00e9 et en pleurs que nous le retrouvons. Il a volontairement pass\u00e9 la nuit dehors par des temp\u00e9ratures qui avoisinaient les 0 degr\u00e9s. Nous lui faisons r\u00e9chauffer un plat\u00a0; il mange trois fourchettes et finit par verser des larmes. Difficile de savoir comment r\u00e9agir, nous ne sommes pas form\u00e9.e.s. Tout ce que nous avons c\u2019est l\u2019exp\u00e9rience de terrain et la col\u00e8re contre cet \u00c9tat qui laisse un mineur aussi vuln\u00e9rable que Ousmane\u00a0dehors.<\/p>\n<p>Quelques jours plus tard, fin mars, Ousmane d\u00e9cide de participer \u00e0 une action du collectif R\u00e9quisitions (dont fait partie Utopia56), visant \u00e0 demander l\u2019h\u00e9bergement sur du long-terme de centaines de personnes exil\u00e9.e.s vivant dans des situations pr\u00e9caires. Il se rend donc Place de La R\u00e9publique, o\u00f9 des tentes sont dress\u00e9es pour alerter les pouvoirs publics de leur inaction dans l\u2019accueil et la protection des personnes \u00e0 la rue et exil\u00e9.e.s. Le soir-m\u00eame, Ousmane est transf\u00e9r\u00e9 dans un h\u00f4tel social apr\u00e8s avoir pass\u00e9 plusieurs heures dans une tente. Ce soir-l\u00e0, il \u00e9tait l\u00e0 sans \u00eatre l\u00e0. Et pourtant, en arrivant \u00e0 l\u2019h\u00f4tel, il nous envoie un \u201cmerci pour tout\u201d. C\u2019est peut-\u00eatre l\u2019espoir d\u2019un nouveau d\u00e9part qui l\u2019a conduit \u00e0 participer \u00e0 cette\u00a0action.<\/p>\n<p>Quelques jours plus tard, il revient nous voir \u00e0 Pantin, l\u00e0 o\u00f9 sont encore h\u00e9berg\u00e9s les autres mineurs. Il semble aller un peu mieux. On se dit que peut-\u00eatre que le fait d\u2019avoir une prise en charge \u00e9tatique le rassure, m\u00eame si sa situation n\u2019a pas \u00e9volu\u00e9 dans la r\u00e9alit\u00e9\u00a0: il est toujours en recours, non scolaris\u00e9 et seul. Il a \u00e9t\u00e9 mis dans une chambre avec un homme, il ne savait m\u00eame pas s\u2019il \u00e9tait majeur ou mineur, \u00e0 qui il ne parlait pas. Il ne nous explique pas tellement comment il se sent dans ce nouveau lieu. Pourtant, lorsque des jeunes sont pris en charge par les pouvoirs publics, nombreux sont celles\/ceux qui nous retournent le fait qu\u2019ils\/elles se sentaient beaucoup mieux \u00e0 l\u2019association plut\u00f4t que dans les h\u00f4tels\u00a0sociaux.<\/p>\n<p>Ce sont quelques semaines plus tard (il y a maintenant une semaine), alors qu\u2019on pensait que Ousmane allait un peu mieux, qu\u2019il tente de nous joindre vers 22h. Avant ce soir-l\u00e0, nous avions convenu de le voir pour parler avec lui suite \u00e0 plusieurs tentatives de contact de sa part. Il revenait vers nous car il ne b\u00e9n\u00e9ficiait toujours pas d\u2019un bon accompagnement de la part de l\u2019Etat via la nouvelle structure qui l\u2019h\u00e9bergeait. Samedi dernier, il nous envoie des messages troublants, peu compr\u00e9hensibles. Nous essayons avec un traducteur de le rassurer \u00e0 distance et lui disons que nous irons le voir le lendemain matin, pour parler et comprendre la\u00a0situation.<\/p>\n<p>Quelques heures plus tard, Ousmane a voulu mettre fin \u00e0 ses jours en tentant de se d\u00e9fenestrer depuis sa chambre\u00a0d\u2019h\u00f4tel.<\/p>\n<p>Aujourd\u2019hui, il est seul \u00e0 l\u2019h\u00f4pital. Son audience pour son recours, ce qu\u2019il veut le plus, va \u00eatre d\u00e9cal\u00e9e \u00e0 cause de sa tentative de suicide. Ousmane ne le sait m\u00eame pas car il est enferm\u00e9 dans son\u00a0silence.<\/p>\n","protected":false},"excerpt":{"rendered":"<p>T\u00e9moignage de Fanny\u00a0&amp;\u00a0Thomas, b\u00e9n\u00e9voles \u00e0 Utopia 56 Paris\u00a0: Ousmane (son  [&#8230;]<\/p>\n","protected":false},"author":1,"featured_media":2859,"comment_status":"closed","ping_status":"open","sticky":false,"template":"","format":"standard","meta":{"footnotes":""},"categories":[18,26,1,7,20],"tags":[],"class_list":["post-2858","post","type-post","status-publish","format-standard","has-post-thumbnail","hentry","category-article","category-mineures-isolees","category-non-classe","category-paris","category-temoignage"],"_links":{"self":[{"href":"http:\/\/test.utopia56.org\/index.php\/wp-json\/wp\/v2\/posts\/2858","targetHints":{"allow":["GET"]}}],"collection":[{"href":"http:\/\/test.utopia56.org\/index.php\/wp-json\/wp\/v2\/posts"}],"about":[{"href":"http:\/\/test.utopia56.org\/index.php\/wp-json\/wp\/v2\/types\/post"}],"author":[{"embeddable":true,"href":"http:\/\/test.utopia56.org\/index.php\/wp-json\/wp\/v2\/users\/1"}],"replies":[{"embeddable":true,"href":"http:\/\/test.utopia56.org\/index.php\/wp-json\/wp\/v2\/comments?post=2858"}],"version-history":[{"count":0,"href":"http:\/\/test.utopia56.org\/index.php\/wp-json\/wp\/v2\/posts\/2858\/revisions"}],"wp:featuredmedia":[{"embeddable":true,"href":"http:\/\/test.utopia56.org\/index.php\/wp-json\/"}],"wp:attachment":[{"href":"http:\/\/test.utopia56.org\/index.php\/wp-json\/wp\/v2\/media?parent=2858"}],"wp:term":[{"taxonomy":"category","embeddable":true,"href":"http:\/\/test.utopia56.org\/index.php\/wp-json\/wp\/v2\/categories?post=2858"},{"taxonomy":"post_tag","embeddable":true,"href":"http:\/\/test.utopia56.org\/index.php\/wp-json\/wp\/v2\/tags?post=2858"}],"curies":[{"name":"wp","href":"https:\/\/api.w.org\/{rel}","templated":true}]}}