{"id":28328,"date":"2025-05-16T12:32:45","date_gmt":"2025-05-16T10:32:45","guid":{"rendered":"https:\/\/utopia56.org\/?p=28328"},"modified":"2025-07-21T09:46:57","modified_gmt":"2025-07-21T07:46:57","slug":"exclusion-des-associations-des-centres-de-retention-administrative","status":"publish","type":"post","link":"http:\/\/test.utopia56.org\/index.php\/2025\/05\/16\/exclusion-des-associations-des-centres-de-retention-administrative\/","title":{"rendered":"Exclusion des associations des centres de r\u00e9tention administrative"},"content":{"rendered":"<div class=\"fusion-fullwidth fullwidth-box fusion-builder-row-1 fusion-flex-container nonhundred-percent-fullwidth non-hundred-percent-height-scrolling\" style=\"--awb-border-radius-top-left:0px;--awb-border-radius-top-right:0px;--awb-border-radius-bottom-right:0px;--awb-border-radius-bottom-left:0px;--awb-flex-wrap:wrap;\" ><div class=\"fusion-builder-row fusion-row fusion-flex-align-items-flex-start fusion-flex-content-wrap\" style=\"max-width:1248px;margin-left: calc(-4% \/ 2 );margin-right: calc(-4% \/ 2 );\"><div class=\"fusion-layout-column fusion_builder_column fusion-builder-column-0 fusion_builder_column_1_1 1_1 fusion-flex-column\" style=\"--awb-bg-blend:overlay;--awb-bg-size:cover;--awb-width-large:100%;--awb-margin-top-large:0px;--awb-spacing-right-large:1.92%;--awb-margin-bottom-large:0px;--awb-spacing-left-large:1.92%;--awb-width-medium:100%;--awb-spacing-right-medium:1.92%;--awb-spacing-left-medium:1.92%;--awb-width-small:100%;--awb-spacing-right-small:1.92%;--awb-spacing-left-small:1.92%;\"><div class=\"fusion-column-wrapper fusion-flex-justify-content-flex-start fusion-content-layout-column\"><div class=\"fusion-text fusion-text-1\"><p><b>Lundi 12 mai, le S\u00e9nat a vot\u00e9 l&#8217;exclusion des associations d\u2019acc\u00e8s au droit des centres de r\u00e9tention administrative (CRA). Une attaque pernicieuse contre l\u2019\u00c9tat de droit et le respect de la dignit\u00e9 humaine.<\/b><\/p>\n<p><span style=\"font-size: 14px; background-color: rgba(0, 0, 0, 0);\">Chaque jour, des femmes et des hommes sont plac\u00e9\u2e31es en r\u00e9tention<\/span><span style=\"font-size: 14px; background-color: rgba(0, 0, 0, 0);\"> \u00e0 la suite d\u2019un simple contr\u00f4le d\u2019identit\u00e9, uniquement <\/span><span style=\"font-size: 14px; background-color: rgba(0, 0, 0, 0);\">parce qu\u2019iels ne disposent pas des \u00ab bons \u00bb papiers.<\/span><span style=\"font-size: 14px; background-color: rgba(0, 0, 0, 0);\"> Parmi ces personnes, certaines ont un emploi, des enfants, et vivent en France depuis de nombreuses ann\u00e9es.<\/span><\/p>\n<p>Le texte est maintenant envoy\u00e9 devant l\u2019Assembl\u00e9e qui va l\u2019examiner \u00e0 son tour. <span style=\"font-size: 14px; background-color: rgba(0, 0, 0, 0);\">La proposition, amen\u00e9e par le parti Les R\u00e9publicains sous l\u2019impulsion du minist\u00e8re de l\u2019Int\u00e9rieur, pr\u00e9voit de transf\u00e9rer les missions actuellement confi\u00e9es aux associations mandat\u00e9es par l\u2019\u00c9tat, \u00e0 l\u2019Office fran\u00e7ais de l\u2019immigration et de l\u2019int\u00e9gration (OFII), une administration d\u00e9j\u00e0 d\u00e9faillante, plac\u00e9e sous la tutelle du minist\u00e8re de l\u2019Int\u00e9rieur.<\/span><\/p>\n<p><b>En image, c\u2019est comme remplacer les arbitres d\u2019un match par les supporters d\u2019une seule \u00e9quipe.<\/b><\/p>\n<p>En agissant ainsi, le pouvoir politique, faute de pouvoir ais\u00e9ment restreindre davantage les droits fondamentaux, cherche \u00e0 en limiter l\u2019acc\u00e8s.<br \/>\nUne d\u00e9rive profond\u00e9ment inqui\u00e9tante, qui affaiblit consid\u00e9rablement les contre-pouvoirs face \u00e0 l\u2019abus de pouvoir.<\/p>\n<p>L\u2019OFII est en effet d\u00e9j\u00e0 pr\u00e9sente dans les CRA, elle est en charge des expulsions. Aujourd&#8217;hui, le gouvernement et le S\u00e9nat ont valid\u00e9 leur volont\u00e9 de lui ajouter la mission d\u2019information au droit.<\/p>\n<p><b>Mais les associations pr\u00e9sentes permettaient plus que de l\u2019information. Elles aident \u00e0 pr\u00e9parer les dossiers, r\u00e9diger les recours, traduire, elles conseillent sur les d\u00e9marches adapt\u00e9es, permettent le lien avec les avocats, mais aussi avec les proches, et alertent en cas d\u2019abus.<\/b><\/p>\n<p>Les avocats n\u2019\u00e9tant pas pr\u00e9sent au quotidien dans les CRA, et \u00e9tant d\u00e9j\u00e0 d\u00e9bord\u00e9\u2e31es, iels ne peuvent s\u2019occuper de l\u2019accompagnement personnalis\u00e9, le r\u00f4le des associations est donc primordial.<\/p>\n<p><b>En 2023, 60 % des personnes plac\u00e9es en r\u00e9tention ont finalement \u00e9t\u00e9 lib\u00e9r\u00e9es.<\/b> Si ces centres sont cens\u00e9s retenir des personnes avant leur expulsion,<br \/>\nce chiffre r\u00e9v\u00e8le l\u2019ampleur des proc\u00e9dures polici\u00e8res abusives d\u2019une part et l\u2019incomp\u00e9tence des autorit\u00e9s d\u2019autre part.<\/p>\n<p>En France, la dur\u00e9e moyenne de r\u00e9tention est pass\u00e9e de 16 jours en 2018 \u00e0 29 jours en 2023. Un enfermement fond\u00e9 uniquement sur la situation administrative des personnes. <span style=\"font-size: 14px; background-color: rgba(0, 0, 0, 0);\">Le ministre de l\u2019Int\u00e9rieur pr\u00e9voit \u00e9galement l\u2019ouverture de trois nouveaux CRA pour 2026 <\/span><span style=\"font-size: 14px; background-color: rgba(0, 0, 0, 0);\">et assume sa volont\u00e9 de plus d\u2019enfermement <\/span><span style=\"font-size: 14px; background-color: rgba(0, 0, 0, 0);\">et moins de recours.<\/span><\/p>\n<p><b>Au moins trois personnes sont mortes dans ces centres au cours des seuls trois derniers mois de l\u2019ann\u00e9e 2024.<\/b><\/p>\n<p>En janvier dernier, La Cimade annon\u00e7ait l\u2019arr\u00eat d\u00e9finitif de son intervention au CRA du Mesnil-Amelot. Elle y \u00e9tait pr\u00e9sente depuis 2011, mais d\u00e9non\u00e7ait depuis plusieurs mois, les atteintes aux droits et \u00e0 la dignit\u00e9 humaine dont elle \u00e9tait t\u00e9moin.<\/p>\n<p><b>Sortir les associations de ces centres, c&#8217;est emp\u00eacher toute visibilit\u00e9 sur ce qu\u2019il s\u2019y passe et affaiblir le travail d\u2019alerte sur les conditions d\u2019enfermement et l\u2019acc\u00e8s au droit.<\/b> <span style=\"font-size: 14px; background-color: rgba(0, 0, 0, 0);\">Ce vote est \u00e9galement une attaque directe au travail d\u2019associations jug\u00e9es \u201ctrop militante\u201d. D\u00e8s sa prise de poste, le ministre de l\u2019Int\u00e9rieur Bruno Retailleau s\u2019en \u00e9tait pris \u00e0 ces associations et avait annonc\u00e9 vouloir les \u00e9carter.<\/span><\/p>\n<p><b>Ces associations sont nos yeux, nos oreilles.<br \/>\n<\/b><b style=\"background-color: rgba(0, 0, 0, 0);\">Leur r\u00f4le est fondamental et absolument indispensable.<\/b><\/p>\n<p><b style=\"background-color: rgba(0, 0, 0, 0);\">\u00a0<\/b><\/p>\n<\/div><\/div><\/div><\/div><\/div>\n","protected":false},"excerpt":{"rendered":"","protected":false},"author":1,"featured_media":28464,"comment_status":"closed","ping_status":"open","sticky":false,"template":"","format":"standard","meta":{"footnotes":""},"categories":[19],"tags":[34],"class_list":["post-28328","post","type-post","status-publish","format-standard","has-post-thumbnail","hentry","category-acces-aux-droits-fondamentaux","tag-retention"],"_links":{"self":[{"href":"http:\/\/test.utopia56.org\/index.php\/wp-json\/wp\/v2\/posts\/28328","targetHints":{"allow":["GET"]}}],"collection":[{"href":"http:\/\/test.utopia56.org\/index.php\/wp-json\/wp\/v2\/posts"}],"about":[{"href":"http:\/\/test.utopia56.org\/index.php\/wp-json\/wp\/v2\/types\/post"}],"author":[{"embeddable":true,"href":"http:\/\/test.utopia56.org\/index.php\/wp-json\/wp\/v2\/users\/1"}],"replies":[{"embeddable":true,"href":"http:\/\/test.utopia56.org\/index.php\/wp-json\/wp\/v2\/comments?post=28328"}],"version-history":[{"count":1,"href":"http:\/\/test.utopia56.org\/index.php\/wp-json\/wp\/v2\/posts\/28328\/revisions"}],"predecessor-version":[{"id":28466,"href":"http:\/\/test.utopia56.org\/index.php\/wp-json\/wp\/v2\/posts\/28328\/revisions\/28466"}],"wp:featuredmedia":[{"embeddable":true,"href":"http:\/\/test.utopia56.org\/index.php\/wp-json\/wp\/v2\/media\/28464"}],"wp:attachment":[{"href":"http:\/\/test.utopia56.org\/index.php\/wp-json\/wp\/v2\/media?parent=28328"}],"wp:term":[{"taxonomy":"category","embeddable":true,"href":"http:\/\/test.utopia56.org\/index.php\/wp-json\/wp\/v2\/categories?post=28328"},{"taxonomy":"post_tag","embeddable":true,"href":"http:\/\/test.utopia56.org\/index.php\/wp-json\/wp\/v2\/tags?post=28328"}],"curies":[{"name":"wp","href":"https:\/\/api.w.org\/{rel}","templated":true}]}}