{"id":28318,"date":"2025-05-13T12:03:47","date_gmt":"2025-05-13T10:03:47","guid":{"rendered":"https:\/\/utopia56.org\/?p=28318"},"modified":"2025-05-13T12:03:47","modified_gmt":"2025-05-13T10:03:47","slug":"des-centaines-de-familles-sur-le-campement-pres-de-dunkerque-letat-continue-dans-la-repression-et-se-dedouane-de-toutes-responsabilites","status":"publish","type":"post","link":"http:\/\/test.utopia56.org\/index.php\/2025\/05\/13\/des-centaines-de-familles-sur-le-campement-pres-de-dunkerque-letat-continue-dans-la-repression-et-se-dedouane-de-toutes-responsabilites\/","title":{"rendered":"Des centaines de familles sur le campement pr\u00e8s de Dunkerque : l\u2019\u00c9tat continue dans la r\u00e9pression et se d\u00e9douane de toutes responsabilit\u00e9s."},"content":{"rendered":"<p><span style=\"font-weight: 400;\">Depuis le d\u00e9but du printemps et les conditions m\u00e9t\u00e9orologiques favorables, le nombre de personnes arrivant sur le Dunkerquois pour tenter la travers\u00e9e en embarcation de fortune augmente. Le nombre de femmes et de familles survivant dehors explose. En avril 2025, le Refugee Women&#8217;s Centre a rencontr\u00e9<\/span><b> plus de 400 familles diff\u00e9rentes, soit le double par rapport \u00e0 la m\u00eame p\u00e9riode en 2024<\/b><span style=\"font-weight: 400;\"> (200 familles). Le 6 mai 2025, le Refugee Women&#8217;s Centre a rencontr\u00e9 plus de 60 nouvelles familles en une journ\u00e9e, dont au moins 15 femmes enceintes et trois familles avec des enfants en situation de handicap. Cette situation est symptomatique de l&#8217;urgence humanitaire qui pr\u00e9vaut \u00e0 Dunkerque<\/span><\/p>\n<p><b>Les dispositifs d\u2019h\u00e9bergement d\u2019urgence sont \u00e0 saturation.<\/b><span style=\"font-weight: 400;\"> Le 115, cens\u00e9 \u00eatre le premier recours en h\u00e9bergement d\u2019urgence inconditionnel, nous r\u00e9pond inlassablement : <\/span><i><span style=\"font-weight: 400;\">\u00ab D\u00e9sol\u00e9, on n\u2019a pas de places. \u00bb<\/span><\/i><span style=\"font-weight: 400;\"> Ce matin encore, les Centres d\u2019Accueil et d\u2019\u00c9valuation des Situations (CAES) ont pu accueillir quelques personnes mais ont laiss\u00e9 sans solutions plusieurs familles. Ils affichaient complets. Aucune alternative institutionnelle n\u2019est actuellement propos\u00e9e dans le Dunkerquois.<\/span><\/p>\n<p><span style=\"font-weight: 400;\">Sur ces lieux de vie, <\/span><b>au moins 1200 personnes survivent dans des conditions indignes<\/b><span style=\"font-weight: 400;\">, expos\u00e9es \u00e0 l\u2019ins\u00e9curit\u00e9 et au manque d\u2019acc\u00e8s aux soins et \u00e0 l\u2019hygi\u00e8ne.<\/span><\/p>\n<p><span style=\"font-weight: 400;\">Et pourtant, r\u00e9cemment, Vincent Lagoguey, pr\u00e9fet d\u00e9l\u00e9gu\u00e9 pour la d\u00e9fense et la s\u00e9curit\u00e9, affirmait :<\/span><\/p>\n<p style=\"text-align: center;\"><i><span style=\"font-weight: 400;\">\u00ab Dans les CAES du Nord, nous avons actuellement 655 places [&#8230;] qui ne sont pas occup\u00e9es \u00e0 100 %. <\/span><\/i><i><span style=\"font-weight: 400;\">Lorsque nous proposons des places, entre 45 et 50 % des personnes les refusent. \u00bb <\/span><\/i><span style=\"font-weight: 400;\">(r\u00e9union publique \u00e0 Loon Plage, mardi 29 avril 2025).<\/span><\/p>\n<p><span style=\"font-weight: 400;\">Les associations ne peuvent plus assurer le soutien mat\u00e9riel d\u2019urgence aux familles. Malgr\u00e9 les interpellations et les mails d\u2019alerte, la pr\u00e9fecture reste muette.\u00a0 <\/span><b>Aucune solution d\u2019h\u00e9bergement adapt\u00e9e n\u2019est propos\u00e9e aux personnes. <\/b><span style=\"font-weight: 400;\">Par contre, les op\u00e9rations d\u2019expulsions se multiplient, une \u00e0 deux par semaine depuis le d\u00e9but du mois d\u2019avril. Chaque fois le mat\u00e9riel est vol\u00e9 et d\u00e9truit.<\/span><\/p>\n<p><span style=\"font-weight: 400;\">Cette politique de <\/span><b>non-accueil aggrave une situation d\u00e9j\u00e0 intenable<\/b><span style=\"font-weight: 400;\">. Elle nie la dignit\u00e9 humaine. Elle fait peser sur des personnes vuln\u00e9rables un surcro\u00eet de violence, d\u2019errance, d\u2019humiliation.<\/span><\/p>\n<p><b>Nous, associations de terrain, d\u00e9non\u00e7ons avec force :<\/b><\/p>\n<ul>\n<li style=\"font-weight: 400;\" aria-level=\"1\"><b>L\u2019absence <\/b><span style=\"font-weight: 400;\">de r\u00e9ponse humanitaire adapt\u00e9e ;<\/span><\/li>\n<li style=\"font-weight: 400;\" aria-level=\"1\"><span style=\"font-weight: 400;\">L\u2019usage <\/span><b>syst\u00e9matique <\/b><span style=\"font-weight: 400;\">des expulsions, sans alternatives ;<\/span><\/li>\n<li style=\"font-weight: 400;\" aria-level=\"1\"><b>La contradiction <\/b><span style=\"font-weight: 400;\">flagrante entre les discours officiels et la r\u00e9alit\u00e9 du terrain ;<\/span><\/li>\n<li style=\"font-weight: 400;\" aria-level=\"1\"><span style=\"font-weight: 400;\">Une politique de non-accueil marqu\u00e9e par un <\/span><b>racisme d\u00e9complex\u00e9<\/b><span style=\"font-weight: 400;\">, <\/span><b>qui invisibilise <\/b><span style=\"font-weight: 400;\">les personnes bloqu\u00e9es \u00e0 la fronti\u00e8re et les pr\u00e9carise davantage.<\/span><span style=\"font-weight: 400;\">\n<p><\/span><\/li>\n<\/ul>\n<p><b>Face \u00e0 cette urgence<\/b><span style=\"font-weight: 400;\">, nous appelons les pouvoirs publics \u00e0 :<\/span><\/p>\n<ul>\n<li style=\"font-weight: 400;\" aria-level=\"1\"><span style=\"font-weight: 400;\">Mettre imm\u00e9diatement \u00e0 disposition des places d\u2019h\u00e9bergement en nombre suffisant et de fa\u00e7on inconditionnelle ;<\/span><\/li>\n<li style=\"font-weight: 400;\" aria-level=\"1\"><span style=\"font-weight: 400;\">Suspendre les expulsions tant qu\u2019aucune solution digne n\u2019est propos\u00e9e ;<\/span><\/li>\n<li style=\"font-weight: 400;\" aria-level=\"1\"><span style=\"font-weight: 400;\">Agir avec humanit\u00e9 et responsabilit\u00e9, en cessant de criminaliser la pr\u00e9carit\u00e9.<\/span><\/li>\n<\/ul>\n<p>&nbsp;<\/p>\n<p><span style=\"font-weight: 400;\">Laisser des enfants, des familles et des personnes dormir dehors n\u2019est pas une fatalit\u00e9, c\u2019est un choix politique.<\/span><\/p>\n","protected":false},"excerpt":{"rendered":"<p>Depuis le d\u00e9but du printemps et les conditions m\u00e9t\u00e9orologiques favorables,  [&#8230;]<\/p>\n","protected":false},"author":1,"featured_media":28319,"comment_status":"closed","ping_status":"open","sticky":false,"template":"","format":"standard","meta":{"footnotes":""},"categories":[6,14],"tags":[],"class_list":["post-28318","post","type-post","status-publish","format-standard","has-post-thumbnail","hentry","category-communique","category-grande-synthe"],"_links":{"self":[{"href":"http:\/\/test.utopia56.org\/index.php\/wp-json\/wp\/v2\/posts\/28318","targetHints":{"allow":["GET"]}}],"collection":[{"href":"http:\/\/test.utopia56.org\/index.php\/wp-json\/wp\/v2\/posts"}],"about":[{"href":"http:\/\/test.utopia56.org\/index.php\/wp-json\/wp\/v2\/types\/post"}],"author":[{"embeddable":true,"href":"http:\/\/test.utopia56.org\/index.php\/wp-json\/wp\/v2\/users\/1"}],"replies":[{"embeddable":true,"href":"http:\/\/test.utopia56.org\/index.php\/wp-json\/wp\/v2\/comments?post=28318"}],"version-history":[{"count":0,"href":"http:\/\/test.utopia56.org\/index.php\/wp-json\/wp\/v2\/posts\/28318\/revisions"}],"wp:featuredmedia":[{"embeddable":true,"href":"http:\/\/test.utopia56.org\/index.php\/wp-json\/"}],"wp:attachment":[{"href":"http:\/\/test.utopia56.org\/index.php\/wp-json\/wp\/v2\/media?parent=28318"}],"wp:term":[{"taxonomy":"category","embeddable":true,"href":"http:\/\/test.utopia56.org\/index.php\/wp-json\/wp\/v2\/categories?post=28318"},{"taxonomy":"post_tag","embeddable":true,"href":"http:\/\/test.utopia56.org\/index.php\/wp-json\/wp\/v2\/tags?post=28318"}],"curies":[{"name":"wp","href":"https:\/\/api.w.org\/{rel}","templated":true}]}}